{"id":581244,"date":"2025-12-06T03:19:16","date_gmt":"2025-12-06T03:19:16","guid":{"rendered":"https:\/\/www.europesays.com\/fr\/581244\/"},"modified":"2025-12-06T03:19:16","modified_gmt":"2025-12-06T03:19:16","slug":"tesla-casse-les-prix-en-france-la-model-3-standard-debarque-enfin","status":"publish","type":"post","link":"https:\/\/www.europesays.com\/fr\/581244\/","title":{"rendered":"Tesla casse les prix en France\u00a0: la Model\u00a03 Standard d\u00e9barque enfin"},"content":{"rendered":"<p>En bref<\/p>\n<ul class=\"ed__lists ed__bdy__l\">\n<li>Tesla lance la Model 3 Standard en France \u00e0 36 990 \u20ac, version plus accessible, livraisons d\u00e8s f\u00e9vrier 2026.<\/li>\n<li>\u00c9quipements r\u00e9duits : int\u00e9rieur simplifi\u00e9, options retir\u00e9es, design l\u00e9g\u00e8rement modifi\u00e9 pour baisser les co\u00fbts.<\/li>\n<li>Performances solides : 534 km d\u2019autonomie, 0-100 km\/h en 6,2 s, vitesse maximal au dessus des 200 km\/h.<\/li>\n<\/ul>\n<p class=\"ed__a-p ed__bdy__l\">Apr\u00e8s une op\u00e9ration s\u00e9duction autour de sa conduite enti\u00e8rement autonome en France, <a href=\"https:\/\/www.lesnumeriques.com\/voiture-electrique\/tesla-essayez-la-conduite-entierement-autonome-en-france-des-la-semaine-prochaine-n247062.html\" title=\"Tesla : essayez la conduite enti\u00e8rement autonome en France d\u00e8s la semaine prochaine\" target=\"_blank\" rel=\"noopener\">\u00e0 l\u2019essai jusqu\u2019\u00e0 la fin de l\u2019ann\u00e9e<\/a>, Tesla a lanc\u00e9 un nouveau v\u00e9hicule dans l\u2019Hexagone : la Model 3 Standard. Pour s\u00e9duire, le constructeur automobile d\u2019Elon Musk sacrifie ses prix, en tombant \u00e0 36 990 \u20ac, bien loin du prix de la version Grande Autonomie.<\/p>\n<p>La Model 3 Standard arrive sur les routes fran\u00e7aises, Tesla fait tout pour s\u00e9duire<\/p>\n<p class=\"ed__a-p ed__bdy__l\"><a href=\"https:\/\/www.lesnumeriques.com\/voiture-electrique\/tesla-devoile-ses-model-3-et-y-standard-l-entree-de-gamme-vire-au-fiasco-aux-etats-unis-n243657.html\" title=\"Tesla d\u00e9voile ses Model 3 et Y &quot;Standard&quot;, mais les nouveaux mod\u00e8les pas chers virent au fiasco aux \u00c9tats-Unis\" target=\"_blank\" rel=\"noopener\">En octobre dernier<\/a>, les Model Y Standard et Model 3 Standard ont fait leur apparition sur le configurateur am\u00e9ricain de Tesla. Deux jours plus tard, la France avait aussi droit \u00e0 la <a href=\"https:\/\/www.lesnumeriques.com\/voiture-electrique\/la-tesla-model-y-standard-s-achete-enfin-en-france-gare-aux-coupes-severes-n243792.html\" title=\"La Tesla Model Y Standard s&#039;ach\u00e8te enfin en France, mais gare aux sacrifices\" target=\"_blank\" rel=\"noopener\">nouvelle d\u00e9clinaison accessible de la Model Y<\/a>, mais pas celle de la Model 3.<\/p>\n<p class=\"ed__a-p ed__bdy__l\">Bonne nouvelle : Tesla a finalement annonc\u00e9 dans un communiqu\u00e9 le 5 d\u00e9cembre 2025 que la Model 3 Standard \u00e9tait enfin disponible \u00e0 la commande dans l\u2019Hexagone, \u00e0 un prix de 36 990 \u20ac. Mais \u00e0 ce prix, que propose l\u2019entreprise d\u2019Elon Musk ?<\/p>\n<p class=\"ed__a-p ed__bdy__l\">C\u00f4t\u00e9 design, on est presque sur la r\u00e9cente version restyl\u00e9e de la Model 3, avec seulement trois diff\u00e9rences \u00e0 l\u2019ext\u00e9rieur : des jantes Prismata de 18 pouces, des r\u00e9troviseurs sans obscurcissement automatique et des amortisseurs passifs. Petit point \u00e0 noter : la couleur de s\u00e9rie gratuite est le blanc, quand le noir et le gris co\u00fbtent un surplus de 1 300 \u20ac sur la facture finale. Le bleu et le rouge restent ainsi exclusifs aux mod\u00e8les plus haut de gamme.<\/p>\n<p class=\"ed__a-p ed__bdy__l\">Les \u00e9conomies se retrouvent ensuite \u00e0 l\u2019int\u00e9rieur de l\u2019habitacle : des si\u00e8ges avec du tissu durable au lieu du cuir v\u00e9gan, un syst\u00e8me audio qui passe de 9 \u00e0 7 haut-parleurs, ainsi que la disparition de l\u2019\u00e9clairage d\u2019ambiance multicolore. \u00c0 l\u2019arri\u00e8re, on note la suppression du chauffage et de l\u2019inclinaison \u00e9lectrique des si\u00e8ges, mais aussi de l\u2019\u00e9cran tactile.<\/p>\n<p class=\"ed__a-p ed__bdy__l\">L\u2019Autopilot est ensuite de la partie, avec un r\u00e9gulateur adaptatif et un maintien de voie inclus. D\u00e8s que l\u2019Europe aura approuv\u00e9 <a href=\"https:\/\/www.lesnumeriques.com\/voiture-electrique\/2000-km-sans-les-mains-tesla-impressionne-avec-sa-conduite-autonome-n247502.html\" title=\"2000\u00a0km sans les mains\u00a0: Tesla impressionne avec sa conduite autonome\" target=\"_blank\" rel=\"noopener\">la Conduite automatique supervis\u00e9e (FSD)<\/a>, celle-ci pourra \u00eatre activ\u00e9e sur la Model 3 Standard, moyennant frais bien \u00e9videmment (7 500 \u20ac). L\u2019Autopilot am\u00e9lior\u00e9 est quant \u00e0 lui toujours disponible au prix de 3 800 \u20ac.<\/p>\n<p class=\"ed__a-p ed__bdy__l\">C\u00f4t\u00e9 performances, Tesla ne fait pas dans la dentelle, avec toujours la possibilit\u00e9 de d\u00e9passer les 200 km\/h, un 0 \u00e0 100 km\/h en 6,2 secondes, une autonomie mixte WLTP de 534 km et une puissance de charge de 175 kW.<\/p>\n<p class=\"ed__a-p ed__bdy__l\">Les premi\u00e8res livraisons de la Tesla Model 3 Standard d\u00e9buteront en d\u00e9but d\u2019ann\u00e9e prochaine, et plus pr\u00e9cis\u00e9ment \u00e0 partir du mois de f\u00e9vrier 2026.<\/p>\n","protected":false},"excerpt":{"rendered":"En bref Tesla lance la Model 3 Standard en France \u00e0 36 990 \u20ac, version plus accessible, livraisons&hellip;\n","protected":false},"author":2,"featured_media":581245,"comment_status":"","ping_status":"","sticky":false,"template":"","format":"standard","meta":{"footnotes":""},"categories":[6],"tags":[35,33,34,1011,27],"class_list":{"0":"post-581244","1":"post","2":"type-post","3":"status-publish","4":"format-standard","5":"has-post-thumbnail","7":"category-economie","8":"tag-business","9":"tag-economie","10":"tag-economy","11":"tag-fr","12":"tag-france"},"share_on_mastodon":{"url":"https:\/\/pubeurope.com\/@fr\/115670467540026695","error":""},"_links":{"self":[{"href":"https:\/\/www.europesays.com\/fr\/wp-json\/wp\/v2\/posts\/581244","targetHints":{"allow":["GET"]}}],"collection":[{"href":"https:\/\/www.europesays.com\/fr\/wp-json\/wp\/v2\/posts"}],"about":[{"href":"https:\/\/www.europesays.com\/fr\/wp-json\/wp\/v2\/types\/post"}],"author":[{"embeddable":true,"href":"https:\/\/www.europesays.com\/fr\/wp-json\/wp\/v2\/users\/2"}],"replies":[{"embeddable":true,"href":"https:\/\/www.europesays.com\/fr\/wp-json\/wp\/v2\/comments?post=581244"}],"version-history":[{"count":0,"href":"https:\/\/www.europesays.com\/fr\/wp-json\/wp\/v2\/posts\/581244\/revisions"}],"wp:featuredmedia":[{"embeddable":true,"href":"https:\/\/www.europesays.com\/fr\/wp-json\/wp\/v2\/media\/581245"}],"wp:attachment":[{"href":"https:\/\/www.europesays.com\/fr\/wp-json\/wp\/v2\/media?parent=581244"}],"wp:term":[{"taxonomy":"category","embeddable":true,"href":"https:\/\/www.europesays.com\/fr\/wp-json\/wp\/v2\/categories?post=581244"},{"taxonomy":"post_tag","embeddable":true,"href":"https:\/\/www.europesays.com\/fr\/wp-json\/wp\/v2\/tags?post=581244"}],"curies":[{"name":"wp","href":"https:\/\/api.w.org\/{rel}","templated":true}]}}