{"id":581248,"date":"2025-12-06T03:21:14","date_gmt":"2025-12-06T03:21:14","guid":{"rendered":"https:\/\/www.europesays.com\/fr\/581248\/"},"modified":"2025-12-06T03:21:14","modified_gmt":"2025-12-06T03:21:14","slug":"ces-drones-qui-ont-survole-lile-longue-ce-que-lon-sait","status":"publish","type":"post","link":"https:\/\/www.europesays.com\/fr\/581248\/","title":{"rendered":"Ces drones qui ont survol\u00e9 l\u2019\u00cele-Longue\u00a0: ce que l\u2019on sait"},"content":{"rendered":"<p>Le ciel \u00e9tait limpide et la Lune, au plus pr\u00e8s de la Terre, \u00e9tincelait. Environ deux heures apr\u00e8s le coucher du soleil, plusieurs drones ont \u00e9t\u00e9 vus, jeudi 4 d\u00e9cembre 2025, vers 19\u00a0h\u00a030, survolant la base ultra-s\u00e9curis\u00e9e de l\u2019\u00cele-Longue, en rade de Brest, o\u00f9 palpite le c\u0153ur de la dissuasion nucl\u00e9aire fran\u00e7aise\u00a0: ses sous-marins nucl\u00e9aires lanceurs d\u2019engins, \u00e9quip\u00e9s de missiles nucl\u00e9aires M51.<\/p>\n<p>.<\/p>\n<p>Un \u00ab\u00a0tir de brouilleur\u00a0\u00bb r\u00e9alis\u00e9 par les fusiliers marins<\/p>\n<p>Les fusiliers marins, charg\u00e9s de la surveillance des sites strat\u00e9giques de la presqu\u2019\u00eele de Crozon, ont r\u00e9agi rapidement, \u00ab\u00a0en proc\u00e9dant \u00e0 un tir de brouilleur et non pas d\u2019arme \u00e0 feu\u00a0\u00bb, pr\u00e9cise le parquet de Rennes, comp\u00e9tent en mati\u00e8re militaire.<\/p>\n<p>La question d\u2019une incursion de drone russe \u00e9tait dans toutes les t\u00eates, ce vendredi. \u00ab\u00a0Il n\u2019a pas \u00e9t\u00e9 abattu de drone, ni identifi\u00e9 ou interpell\u00e9 de pilote. Aucun lien avec une ing\u00e9rence \u00e9trang\u00e8re n\u2019est donc fait\u00a0\u00bb, assure le procureur Fr\u00e9d\u00e9ric Teillet.<\/p>\n<p>Contact\u00e9e par Le T\u00e9l\u00e9gramme, la pr\u00e9fecture maritime de l\u2019Atlantique a rappel\u00e9 que \u00ab\u00a0plusieurs survols d\u00e9tect\u00e9s ont d\u00e9clench\u00e9 les r\u00e9actions pr\u00e9vues par les militaires pr\u00e9sents sur la presqu\u2019\u00eele\u00a0\u00bb. Son porte-parole, le capitaine de fr\u00e9gate Guillaume Le Rasle a \u00e9galement soulign\u00e9 que \u00ab\u00a0les infrastructures sensibles\u00a0\u00bb n\u2019avaient \u00ab\u00a0pas \u00e9t\u00e9 menac\u00e9es\u00a0\u00bb. \u00ab\u00a0Rien, \u00e0 ce stade, ne permet de confirmer\u00a0\u00bb une ing\u00e9rence \u00e9trang\u00e8re ou russe, ajoute-t-il. Selon lui, l\u2019objectif de ces survols \u00e9tait \u00ab\u00a0d\u2019inqui\u00e9ter la population\u00a0\u00bb. \u00ab\u00a0Mais les sites sont d\u00e9fendus par des militaires qui font leur travail avec toute la rigueur dont ils sont capables, sans, bien s\u00fbr, mettre en danger les civils autour.\u00a0\u00bb Il balaie \u00e9galement l\u2019id\u00e9e que cet \u00e9v\u00e9nement ait un lien avec un \u00e9ventuel exercice militaire, une hypoth\u00e8se avanc\u00e9e sur les r\u00e9seaux sociaux.<\/p>\n<p>Au T\u00e9l\u00e9gramme, le cabinet de la ministre des Arm\u00e9es, Catherine Vautrin, a salu\u00e9 \u00ab\u00a0la r\u00e9action rapide et adapt\u00e9e des militaires pr\u00e9sents sur la presqu\u2019\u00eele, assurant la d\u00e9fense des sites (\u2026) dans le respect des proc\u00e9dures en vigueur\u00a0\u00bb. Selon une source militaire, les conditions de luminosit\u00e9 particuli\u00e8rement bonnes jeudi soir, en raison du ciel d\u00e9gag\u00e9 et de la pleine Lune, faciliteraient le travail des fusiliers marins pour rep\u00e9rer d\u2019\u00e9ventuels drones et pouvoir les neutraliser.<\/p>\n<p>Un pr\u00e9c\u00e9dent r\u00e9cent en novembre<\/p>\n<p>Ce survol n\u2019a pas \u00e9t\u00e9 sans cons\u00e9quences sur toute la cha\u00eene nucl\u00e9aire en presqu\u2019\u00eele de Crozon\u00a0: selon nos informations, le site de pyrotechnie de Guenvenez, pr\u00e8s de l\u2019\u00cele-Longue, o\u00f9 ArianeGroup assemble les diff\u00e9rents \u00e9tages des missiles nucl\u00e9aires M51, a vu son activit\u00e9 fortement r\u00e9duite, ce vendredi.<\/p>\n<p>Ces survols de secteurs strat\u00e9giques de la presqu\u2019\u00eele ne sont pas rares\u00a0: dans la nuit du 17 au 18 novembre, un drone avait d\u00e9j\u00e0 \u00e9t\u00e9 aper\u00e7u, \u00e0 distance de ces sites. L\u00e0 aussi, une enqu\u00eate avait \u00e9t\u00e9 d\u00e9clench\u00e9e pour d\u00e9terminer son origine. Elle est toujours en cours. L\u2019interdiction de survol concerne <a href=\"https:\/\/www.letelegramme.fr\/bretagne\/toutes-les-infos\/au-dessus-de-la-rade-de-brest-et-de-la-presqu-ile-de-crozon-l-espace-aerien-le-plus-controle-de-france-323999.php\" target=\"_blank\" rel=\"noopener\">une vaste zone, appel\u00e9e P112<\/a>, qui s\u2019\u00e9tend sur la quasi-int\u00e9gralit\u00e9 de la presqu\u2019\u00eele et jusqu\u2019\u00e0 la base navale de Brest, rade comprise.<\/p>\n<p>En septembre 2020, une plainte avait d\u00e9j\u00e0 \u00e9t\u00e9 d\u00e9pos\u00e9e aupr\u00e8s du commissariat central de Brest, \u00e0 l\u2019encontre de deux personnes ayant fait voler leur drone dans ce secteur. En janvier 2015, des drones avaient aussi \u00e9t\u00e9 d\u00e9tect\u00e9s \u00e0 proximit\u00e9 du site militaire nucl\u00e9aire de l\u2019\u00cele-Longue, sans pr\u00e9senter \u00ab\u00a0de menace caract\u00e9ris\u00e9e sur la s\u00fbret\u00e9 des installations\u00a0\u00bb.<\/p>\n<p>L\u2019Europe sur la br\u00e8che<\/p>\n<p>Ailleurs en Europe, plusieurs survols ont eu lieu ces derniers mois. Des engins russes, en Pologne, et d\u2019autres, non-identifi\u00e9s au-dessus d\u2019Oslo (Norv\u00e8ge) et de Copenhague (Danemark). En Belgique, des drones ont aussi \u00e9t\u00e9 signal\u00e9s aux abords de bases militaires, d\u2018a\u00e9roports et m\u00eame d\u2019une centrale nucl\u00e9aire. Mardi, le gouvernement allemand a, lui, mis en service une unit\u00e9 de police antidrones.<\/p>\n","protected":false},"excerpt":{"rendered":"Le ciel \u00e9tait limpide et la Lune, au plus pr\u00e8s de la Terre, \u00e9tincelait. Environ deux heures apr\u00e8s&hellip;\n","protected":false},"author":2,"featured_media":581249,"comment_status":"","ping_status":"","sticky":false,"template":"","format":"standard","meta":{"footnotes":""},"categories":[4],"tags":[11,3450,829,6206,32928,1782,765,3321,1011,27,567,6127,12,5654,25],"class_list":{"0":"post-581248","1":"post","2":"type-post","3":"status-publish","4":"format-standard","5":"has-post-thumbnail","7":"category-france","8":"tag-actualites","9":"tag-brest","10":"tag-bretagne","11":"tag-chateaulin","12":"tag-crozon","13":"tag-defense-nationale","14":"tag-en-continu","15":"tag-finistere","16":"tag-fr","17":"tag-france","18":"tag-marine-nationale","19":"tag-mer","20":"tag-news","21":"tag-nucleaire","22":"tag-republique-francaise"},"share_on_mastodon":{"url":"https:\/\/pubeurope.com\/@fr\/115670475499274133","error":""},"_links":{"self":[{"href":"https:\/\/www.europesays.com\/fr\/wp-json\/wp\/v2\/posts\/581248","targetHints":{"allow":["GET"]}}],"collection":[{"href":"https:\/\/www.europesays.com\/fr\/wp-json\/wp\/v2\/posts"}],"about":[{"href":"https:\/\/www.europesays.com\/fr\/wp-json\/wp\/v2\/types\/post"}],"author":[{"embeddable":true,"href":"https:\/\/www.europesays.com\/fr\/wp-json\/wp\/v2\/users\/2"}],"replies":[{"embeddable":true,"href":"https:\/\/www.europesays.com\/fr\/wp-json\/wp\/v2\/comments?post=581248"}],"version-history":[{"count":0,"href":"https:\/\/www.europesays.com\/fr\/wp-json\/wp\/v2\/posts\/581248\/revisions"}],"wp:featuredmedia":[{"embeddable":true,"href":"https:\/\/www.europesays.com\/fr\/wp-json\/wp\/v2\/media\/581249"}],"wp:attachment":[{"href":"https:\/\/www.europesays.com\/fr\/wp-json\/wp\/v2\/media?parent=581248"}],"wp:term":[{"taxonomy":"category","embeddable":true,"href":"https:\/\/www.europesays.com\/fr\/wp-json\/wp\/v2\/categories?post=581248"},{"taxonomy":"post_tag","embeddable":true,"href":"https:\/\/www.europesays.com\/fr\/wp-json\/wp\/v2\/tags?post=581248"}],"curies":[{"name":"wp","href":"https:\/\/api.w.org\/{rel}","templated":true}]}}