{"id":581250,"date":"2025-12-06T03:22:20","date_gmt":"2025-12-06T03:22:20","guid":{"rendered":"https:\/\/www.europesays.com\/fr\/581250\/"},"modified":"2025-12-06T03:22:20","modified_gmt":"2025-12-06T03:22:20","slug":"les-ultras-de-logc-nice-vont-boycotter-leur-equipe-de-knysna-de-pacotille","status":"publish","type":"post","link":"https:\/\/www.europesays.com\/fr\/581250\/","title":{"rendered":"Les ultras de l\u2019OGC Nice vont boycotter leur \u00e9quipe de \u00ab\u00a0Knysna de pacotille\u00a0\u00bb"},"content":{"rendered":"<p>Vu la s\u00e9rie noire en cours de l\u2019<a href=\"https:\/\/www.20minutes.fr\/sport\/ogc_nice\/\" class=\"c-link c-link--is-underlined\" target=\"_blank\" rel=\"noopener\">OGC Nice<\/a> (six d\u00e9faites de rang toutes comp\u00e9titions confondues) et le prestige du prochain adversaire en <a href=\"https:\/\/www.20minutes.fr\/sport\/ligue-1\/\" class=\"c-link c-link--is-underlined\" target=\"_blank\" rel=\"noopener\">Ligue\u00a01<\/a> (Angers), il y avait d\u00e9j\u00e0 de tr\u00e8s grandes chances que l\u2019ambiance \u00e0 l\u2019Allianz Riviera soit morose \u00e0 souhait. Mais <a href=\"https:\/\/www.20minutes.fr\/sport\/football\/4189145-20251202-ligue-1-florian-maurice-exfiltre-hagard-coups-situation-explosive-ogc-nice\" class=\"c-link c-link--is-underlined\" target=\"_blank\" rel=\"noopener\">les incidents de dimanche dernier<\/a>, au retour de Lorient de l\u2019\u00e9quipe ni\u00e7oise apr\u00e8s un \u00e9ni\u00e8me couac (3-1), puis les multiples rebondissements en coulisses depuis (plainte d\u00e9pos\u00e9e par les joueurs J\u00e9r\u00e9mie Boga et Terem Moffi, <a href=\"https:\/\/www.20minutes.fr\/sport\/football\/4189407-20251203-crise-ogc-nice-reste-franck-haise-quitte-finalement-navire\" class=\"c-link c-link--is-underlined\" target=\"_blank\" rel=\"noopener\">revirement de Franck Haise<\/a>\u2026), ont act\u00e9 un point de non-retour entre le Gym et ses ultras.<\/p>\n<p>Principal groupe de supporteurs des Aiglons, l\u2019Ultra Populaire Sud Nice a ainsi <a href=\"https:\/\/x.com\/SolamenNissa\/status\/1996648555289956367\" target=\"_blank\" class=\"c-link c-link--is-underlined\">publi\u00e9 un communiqu\u00e9<\/a> jeudi soir \u00e0 destination de tous les fans du club afin qu\u2019ils d\u00e9sertent le stade. Autre association ni\u00e7oise, les Supporters 1947 ont fait savoir qu\u2019ils \u00e9taient sur la m\u00eame ligne <a href=\"https:\/\/x.com\/SolamenNissa\/status\/1996666543732650418\" target=\"_blank\" class=\"c-link c-link--is-underlined\">dans un autre communiqu\u00e9<\/a>.<\/p>\n<\/p>\n<p>Le Gym ne fait \u00ab\u00a0plus partie de la famille\u00a0\u00bb des ultras<\/p>\n<p>Alors que la confiance est \u00ab\u00a0rompue\u00a0\u00bb dans l\u2019esprit de la Populaire Sud avec toutes les composantes du club, des actionnaires aux joueurs en passant par le pr\u00e9sident, le directeur sportif et l\u2019entra\u00eeneur, il faudra donc s\u2019appr\u00eater \u00e0 ne plus voir cette \u00e9quipe \u00eatre encourag\u00e9e durant plusieurs semaines.<\/p>\n<p><a href=\"https:\/\/www.20minutes.fr\/sport\/ogc_nice\/\" class=\"c-link c-btn c-btn--primary\" target=\"_blank\" rel=\"noopener\">Notre dossier sur l&rsquo;OGC Nice<\/a><\/p>\n<p>Avec une punchline au passage\u00a0: \u00ab\u00a0Nous savons que tous ceux qui n\u2019acceptent pas le mensonge, l\u2019irrespect et la manipulation de ces <a href=\"https:\/\/www.20minutes.fr\/sport\/knysna\/\" class=\"c-link c-link--is-underlined\" target=\"_blank\" rel=\"noopener\">Knysna<\/a> de pacotille boycotteront le prochain match. Les prochains matchs\u00a0\u00bb. Avant de conclure\u00a0: \u00ab\u00a0Nous, ma\u00e7ons, \u00e9tudiants, ch\u00f4meurs, reprenons le chemin de nos familles. Vous n\u2019en faites plus partie\u00a0\u00bb. Ouch.<\/p>\n","protected":false},"excerpt":{"rendered":"Vu la s\u00e9rie noire en cours de l\u2019OGC Nice (six d\u00e9faites de rang toutes comp\u00e9titions confondues) et le&hellip;\n","protected":false},"author":2,"featured_media":581251,"comment_status":"","ping_status":"","sticky":false,"template":"","format":"standard","meta":{"footnotes":""},"categories":[2],"tags":[11,2898,63,1011,27,66,12,2401,2268,883,882,517,1015,2336],"class_list":{"0":"post-581250","1":"post","2":"type-post","3":"status-publish","4":"format-standard","5":"has-post-thumbnail","7":"category-actualites","8":"tag-actualites","9":"tag-alpes-maritimes","10":"tag-football","11":"tag-fr","12":"tag-france","13":"tag-ligue-1","14":"tag-news","15":"tag-nice","16":"tag-ogc-nice","17":"tag-paca","18":"tag-provence-alpes-cote-dazur","19":"tag-sport","20":"tag-supporter","21":"tag-ultras"},"share_on_mastodon":{"url":"https:\/\/pubeurope.com\/@fr\/115670479286877566","error":""},"_links":{"self":[{"href":"https:\/\/www.europesays.com\/fr\/wp-json\/wp\/v2\/posts\/581250","targetHints":{"allow":["GET"]}}],"collection":[{"href":"https:\/\/www.europesays.com\/fr\/wp-json\/wp\/v2\/posts"}],"about":[{"href":"https:\/\/www.europesays.com\/fr\/wp-json\/wp\/v2\/types\/post"}],"author":[{"embeddable":true,"href":"https:\/\/www.europesays.com\/fr\/wp-json\/wp\/v2\/users\/2"}],"replies":[{"embeddable":true,"href":"https:\/\/www.europesays.com\/fr\/wp-json\/wp\/v2\/comments?post=581250"}],"version-history":[{"count":0,"href":"https:\/\/www.europesays.com\/fr\/wp-json\/wp\/v2\/posts\/581250\/revisions"}],"wp:featuredmedia":[{"embeddable":true,"href":"https:\/\/www.europesays.com\/fr\/wp-json\/wp\/v2\/media\/581251"}],"wp:attachment":[{"href":"https:\/\/www.europesays.com\/fr\/wp-json\/wp\/v2\/media?parent=581250"}],"wp:term":[{"taxonomy":"category","embeddable":true,"href":"https:\/\/www.europesays.com\/fr\/wp-json\/wp\/v2\/categories?post=581250"},{"taxonomy":"post_tag","embeddable":true,"href":"https:\/\/www.europesays.com\/fr\/wp-json\/wp\/v2\/tags?post=581250"}],"curies":[{"name":"wp","href":"https:\/\/api.w.org\/{rel}","templated":true}]}}