{"id":581253,"date":"2025-12-06T03:24:18","date_gmt":"2025-12-06T03:24:18","guid":{"rendered":"https:\/\/www.europesays.com\/fr\/581253\/"},"modified":"2025-12-06T03:24:18","modified_gmt":"2025-12-06T03:24:18","slug":"le-college-du-portail-rouge-a-saint-etienne-entierement-renove-pour-un-million-deuros","status":"publish","type":"post","link":"https:\/\/www.europesays.com\/fr\/581253\/","title":{"rendered":"LE COLL\u00c8GE DU PORTAIL ROUGE \u00c0 SAINT-\u00c9TIENNE ENTI\u00c8REMENT R\u00c9NOV\u00c9 POUR UN MILLION D\u2019EUROS"},"content":{"rendered":"<p>                <a href=\"https:\/\/www.saint-etienne.fr\/agenda\/visite-guidee-en-petit-train\" target=\"_blank\" aria-label=\"petit train de noel\" rel=\"noopener\"><img loading=\"lazy\" decoding=\"async\" src=\"https:\/\/www.europesays.com\/fr\/wp-content\/uploads\/2025\/11\/petit-train-de-noel.jpeg\" alt=\"\"   width=\"2560\" height=\"738\"\/><\/a><\/p>\n<p>Le D\u00e9partement de la Loire, propri\u00e9taire des infrastructures et employeur des personnels techniques, a mobilis\u00e9 environ un million d\u2019euros pour cette mise \u00e0 niveau compl\u00e8te. Clotilde Robin, vice-pr\u00e9sidente d\u00e9partementale en charge de l\u2019\u00c9ducation, souligne la volont\u00e9 d\u2019optimiser le quotidien professionnel des agents.<\/p>\n<p>Les personnels disposent d\u00e9sormais de vestiaires neufs et d\u2019une salle de pause int\u00e9gralement r\u00e9am\u00e9nag\u00e9e, con\u00e7us pour offrir un environnement de travail optimal. Un local technique d\u00e9di\u00e9 au rangement du mat\u00e9riel d\u2019entretien a \u00e9galement \u00e9t\u00e9 am\u00e9nag\u00e9.<\/p>\n<p><strong>Am\u00e9lioration du confort pour les \u00e9l\u00e8ves<\/strong><\/p>\n<p>Les coll\u00e9giens b\u00e9n\u00e9ficient eux aussi de ces am\u00e9liorations avec l\u2019installation de nouveaux sanitaires accessibles depuis l\u2019ext\u00e9rieur, r\u00e9pondant ainsi \u00e0 une demande formul\u00e9e depuis longtemps par l\u2019\u00e9tablissement.<\/p>\n<p>Un volet crucial du chantier concernait la protection contre l\u2019incendie. Une inspection de contr\u00f4le avait r\u00e9v\u00e9l\u00e9 des vuln\u00e9rabilit\u00e9s au feu dans certaines zones du b\u00e2timent. Le D\u00e9partement a donc proc\u00e9d\u00e9 \u00e0 une refonte structurelle afin de garantir une r\u00e9sistance au feu conforme et d\u2019assurer une s\u00e9curit\u00e9 maximale \u00e0 tous les occupants.<\/p>\n<p><strong>Accessibilit\u00e9 renforc\u00e9e<\/strong><\/p>\n<p>Les travaux ont \u00e9galement permis d\u2019am\u00e9liorer significativement l\u2019accessibilit\u00e9 de l\u2019\u00e9tablissement aux personnes \u00e0 mobilit\u00e9 r\u00e9duite gr\u00e2ce \u00e0 des am\u00e9nagements sp\u00e9cifiques.<\/p>\n<p>Cette r\u00e9novation d\u2019un montant total d\u2019approximativement un million d\u2019euros, financ\u00e9e par le Conseil D\u00e9partemental, transforme le coll\u00e8ge du Portail Rouge en un \u00e9tablissement plus moderne, plus inclusif et plus s\u00e9curis\u00e9 pour l\u2019ensemble de sa communaut\u00e9 scolaire.<\/p>\n","protected":false},"excerpt":{"rendered":"Le D\u00e9partement de la Loire, propri\u00e9taire des infrastructures et employeur des personnels techniques, a mobilis\u00e9 environ un million&hellip;\n","protected":false},"author":2,"featured_media":561279,"comment_status":"","ping_status":"","sticky":false,"template":"","format":"standard","meta":{"footnotes":""},"categories":[9653],"tags":[328,1111,11,2430,1777,674,1011,27,3367,12,25,4001],"class_list":{"0":"post-581253","1":"post","2":"type-post","3":"status-publish","4":"format-standard","5":"has-post-thumbnail","7":"category-saint-etienne","8":"tag-a-la-une","9":"tag-actu","10":"tag-actualites","11":"tag-auvergne-rhone-alpes","12":"tag-eu","13":"tag-europe","14":"tag-fr","15":"tag-france","16":"tag-loire","17":"tag-news","18":"tag-republique-francaise","19":"tag-saint-etienne"},"share_on_mastodon":{"url":"https:\/\/pubeurope.com\/@fr\/115670487814674395","error":""},"_links":{"self":[{"href":"https:\/\/www.europesays.com\/fr\/wp-json\/wp\/v2\/posts\/581253","targetHints":{"allow":["GET"]}}],"collection":[{"href":"https:\/\/www.europesays.com\/fr\/wp-json\/wp\/v2\/posts"}],"about":[{"href":"https:\/\/www.europesays.com\/fr\/wp-json\/wp\/v2\/types\/post"}],"author":[{"embeddable":true,"href":"https:\/\/www.europesays.com\/fr\/wp-json\/wp\/v2\/users\/2"}],"replies":[{"embeddable":true,"href":"https:\/\/www.europesays.com\/fr\/wp-json\/wp\/v2\/comments?post=581253"}],"version-history":[{"count":0,"href":"https:\/\/www.europesays.com\/fr\/wp-json\/wp\/v2\/posts\/581253\/revisions"}],"wp:featuredmedia":[{"embeddable":true,"href":"https:\/\/www.europesays.com\/fr\/wp-json\/wp\/v2\/media\/561279"}],"wp:attachment":[{"href":"https:\/\/www.europesays.com\/fr\/wp-json\/wp\/v2\/media?parent=581253"}],"wp:term":[{"taxonomy":"category","embeddable":true,"href":"https:\/\/www.europesays.com\/fr\/wp-json\/wp\/v2\/categories?post=581253"},{"taxonomy":"post_tag","embeddable":true,"href":"https:\/\/www.europesays.com\/fr\/wp-json\/wp\/v2\/tags?post=581253"}],"curies":[{"name":"wp","href":"https:\/\/api.w.org\/{rel}","templated":true}]}}