{"id":581257,"date":"2025-12-06T03:29:14","date_gmt":"2025-12-06T03:29:14","guid":{"rendered":"https:\/\/www.europesays.com\/fr\/581257\/"},"modified":"2025-12-06T03:29:14","modified_gmt":"2025-12-06T03:29:14","slug":"la-seyne-sur-mer-le-paradoxe-de-georges-yann-frisch","status":"publish","type":"post","link":"https:\/\/www.europesays.com\/fr\/581257\/","title":{"rendered":"La Seyne sur Mer : Le Paradoxe de Georges Yann Frisch"},"content":{"rendered":"<p>&#13;<br \/>\n        &#13;<br \/>\n&#13;<br \/>\n        &#13;<br \/>\n&#13;<\/p>\n<p>        <a href=\"https:\/\/www.tv83.info\/wp-content\/uploads\/2025\/06\/paradoxe_georges_1280-1024x576-1.jpg\" data-caption=\"\" target=\"_blank\" rel=\"noopener\"><img loading=\"lazy\" decoding=\"async\" width=\"696\" height=\"392\" class=\"entry-thumb td-modal-image\" src=\"https:\/\/www.europesays.com\/fr\/wp-content\/uploads\/2025\/12\/paradoxe_georges_1280-1024x576-1-696x392.jpg\"   alt=\"\" title=\"paradoxe_georges_1280-1024x576\"\/><\/a><\/p>\n<p>Pourquoi aimons-nous tant la magie\u2009? Pourquoi venir voir ce que nous savons \u00eatre illusoire\u2009? Cartes en main, Yann Frisch explore ces questions dans Le Paradoxe de Georges, un spectacle bluffant.<br \/>Magicien prodige, Yann Frisch d\u00e9tient le faux sacr\u00e9. Une heure durant, dans le d\u00e9cor feutr\u00e9 de son camion-th\u00e9\u00e2tre, les cartes valsent au rythme de nos certitudes, virevoltent et disparaissent pour mieux r\u00e9appara\u00eetre. \u00ab Escroc \u00bb autoproclam\u00e9, l\u2019artiste malicieux interroge le hasard, manipule les symboles et surtout nos esprits. Au-del\u00e0 du tour de passe-passe virtuose ponctu\u00e9 de savoureuses confidences sur les coulisses de son art, il nous plonge dans l\u2019exp\u00e9rience concr\u00e8te de l\u2019\u00e9motion magique.<br \/>En cor\u00e9alisation avec Le P\u00d4LE \u2013 Arts en Circulation<\/p>\n<p><strong> Dates<\/strong> Dur\u00e9e 1h<br \/><strong>mardi 16 d\u00e9cembre 2025<\/strong> \u00e0 20h00<br \/><strong>mercredi 17 d\u00e9cembre 2025<\/strong> \u00e0 20h00<br \/><strong>jeudi 18 d\u00e9cembre 2025<\/strong> \u00e0 20h00<br \/><strong>vendredi 19 d\u00e9cembre 2025 <\/strong>\u00e0 20h00<\/p>\n<p><strong>La Seyne-sur-Mer<\/strong><br \/>Accessibilit\u00e9 d\u00e8s 12 ans<\/p>\n<p><strong>Tarifs<\/strong><br \/>Plein tarif 30 \u20ac<br \/>Tarif adulte avec la carte Ch\u00e2teauvallon-Libert\u00e9 20 \u20ac<br \/>Tarif partenaire (CSE et Associations culturelles partenaires) 20 \u20ac<br \/>Tarif \u2013 30 ans 15 \u20ac<br \/>Tarif \u2013 18 ans 10 \u20ac<br \/>Tarif solidaire 5 \u20ac<br \/>Tarif solidaire famille adulte 10 \u20ac<br \/>Tarif solidaire famille enfant 5 \u20ac<\/p>\n<p><a href=\"https:\/\/www.restosducoeur.org\/associations-departementales\/les-restos-du-coeur-du-var\/\" target=\"_blank\" rel=\"noopener\"><img decoding=\"async\" style=\"height:70px;width:140px\" src=\"https:\/\/www.europesays.com\/fr\/wp-content\/uploads\/2025\/04\/restos-du-coeur.jpg\"\/><\/a>        &#13;<br \/>\n&#13;<br \/>\n&#13;<br \/>\n        &#13;<br \/>\n                        &#13;<br \/>\n            &#13;<br \/>\n&#13;<br \/>\n                        Previous article<a href=\"https:\/\/www.tv83.info\/des-livres-et-vous-537\/\" target=\"_blank\" rel=\"noopener\">Des livres et vous<\/a>            \t                &#13;<br \/>\n&#13;<\/p>\n","protected":false},"excerpt":{"rendered":"&#13; &#13; &#13; &#13; &#13; Pourquoi aimons-nous tant la magie\u2009? Pourquoi venir voir ce que nous savons \u00eatre&hellip;\n","protected":false},"author":2,"featured_media":581258,"comment_status":"","ping_status":"","sticky":false,"template":"","format":"standard","meta":{"footnotes":""},"categories":[9619],"tags":[1111,11,1777,674,1011,27,12,882,25,2310],"class_list":{"0":"post-581257","1":"post","2":"type-post","3":"status-publish","4":"format-standard","5":"has-post-thumbnail","7":"category-toulon","8":"tag-actu","9":"tag-actualites","10":"tag-eu","11":"tag-europe","12":"tag-fr","13":"tag-france","14":"tag-news","15":"tag-provence-alpes-cote-dazur","16":"tag-republique-francaise","17":"tag-toulon"},"share_on_mastodon":{"url":"https:\/\/pubeurope.com\/@fr\/115670508236196852","error":""},"_links":{"self":[{"href":"https:\/\/www.europesays.com\/fr\/wp-json\/wp\/v2\/posts\/581257","targetHints":{"allow":["GET"]}}],"collection":[{"href":"https:\/\/www.europesays.com\/fr\/wp-json\/wp\/v2\/posts"}],"about":[{"href":"https:\/\/www.europesays.com\/fr\/wp-json\/wp\/v2\/types\/post"}],"author":[{"embeddable":true,"href":"https:\/\/www.europesays.com\/fr\/wp-json\/wp\/v2\/users\/2"}],"replies":[{"embeddable":true,"href":"https:\/\/www.europesays.com\/fr\/wp-json\/wp\/v2\/comments?post=581257"}],"version-history":[{"count":0,"href":"https:\/\/www.europesays.com\/fr\/wp-json\/wp\/v2\/posts\/581257\/revisions"}],"wp:featuredmedia":[{"embeddable":true,"href":"https:\/\/www.europesays.com\/fr\/wp-json\/wp\/v2\/media\/581258"}],"wp:attachment":[{"href":"https:\/\/www.europesays.com\/fr\/wp-json\/wp\/v2\/media?parent=581257"}],"wp:term":[{"taxonomy":"category","embeddable":true,"href":"https:\/\/www.europesays.com\/fr\/wp-json\/wp\/v2\/categories?post=581257"},{"taxonomy":"post_tag","embeddable":true,"href":"https:\/\/www.europesays.com\/fr\/wp-json\/wp\/v2\/tags?post=581257"}],"curies":[{"name":"wp","href":"https:\/\/api.w.org\/{rel}","templated":true}]}}