{"id":581261,"date":"2025-12-06T03:32:28","date_gmt":"2025-12-06T03:32:28","guid":{"rendered":"https:\/\/www.europesays.com\/fr\/581261\/"},"modified":"2025-12-06T03:32:28","modified_gmt":"2025-12-06T03:32:28","slug":"un-gloria-majestueux-pour-les-fetes","status":"publish","type":"post","link":"https:\/\/www.europesays.com\/fr\/581261\/","title":{"rendered":"Un \u00ab\u00a0Gloria\u00a0\u00bb majestueux pour les f\u00eates"},"content":{"rendered":"<p>L\u2019ensemble vocal instrumental de Montpellier pr\u00e9sentera un concert en l\u2019\u00e9glise Saint-G\u00e9ni\u00e8s, dans le cadre des Rencontres Gigeantesques dimanche 7 d\u00e9cembre \u00e0 17 h. L\u2019ensemble vocal instrumental de Montpellier offrira un concert de No\u00ebl dont le programme promet \u00e9motion et solennit\u00e9. Sous la direction musicale de Franck Fontcouberte, l\u2019ensemble interpr\u00e9tera le Gloria de Vivaldi, une \u0153uvre majeure du r\u00e9pertoire baroque. Le concert sera \u00e9galement l\u2019occasion d\u2019\u00e9couter des chants traditionnels de No\u00ebl. L\u2019ensemble sera port\u00e9 par les voix de Juliette Hammel (soprano) et de Nathalie Cases (mezzo-soprano), accompagn\u00e9es au piano par Karine Leonelli. L\u2019entr\u00e9e \u00e0 ce concert est libre.<\/p>\n<p>Pour tout renseignement : 06 14 71 77 53.<\/p>\n<p>Correspondante Midi Libre : 06 79 84 32 74<\/p>\n","protected":false},"excerpt":{"rendered":"L\u2019ensemble vocal instrumental de Montpellier pr\u00e9sentera un concert en l\u2019\u00e9glise Saint-G\u00e9ni\u00e8s, dans le cadre des Rencontres Gigeantesques dimanche&hellip;\n","protected":false},"author":2,"featured_media":581262,"comment_status":"","ping_status":"","sticky":false,"template":"","format":"standard","meta":{"footnotes":""},"categories":[9599],"tags":[1111,11,69492,872,1777,674,1011,27,69491,7089,2208,12,2680,25],"class_list":{"0":"post-581261","1":"post","2":"type-post","3":"status-publish","4":"format-standard","5":"has-post-thumbnail","7":"category-montpellier","8":"tag-actu","9":"tag-actualites","10":"tag-concerts-spectacles","11":"tag-culture-et-loisirs","12":"tag-eu","13":"tag-europe","14":"tag-fr","15":"tag-france","16":"tag-gigean","17":"tag-herault","18":"tag-montpellier","19":"tag-news","20":"tag-occitanie","21":"tag-republique-francaise"},"share_on_mastodon":{"url":"https:\/\/pubeurope.com\/@fr\/115670518567250360","error":""},"_links":{"self":[{"href":"https:\/\/www.europesays.com\/fr\/wp-json\/wp\/v2\/posts\/581261","targetHints":{"allow":["GET"]}}],"collection":[{"href":"https:\/\/www.europesays.com\/fr\/wp-json\/wp\/v2\/posts"}],"about":[{"href":"https:\/\/www.europesays.com\/fr\/wp-json\/wp\/v2\/types\/post"}],"author":[{"embeddable":true,"href":"https:\/\/www.europesays.com\/fr\/wp-json\/wp\/v2\/users\/2"}],"replies":[{"embeddable":true,"href":"https:\/\/www.europesays.com\/fr\/wp-json\/wp\/v2\/comments?post=581261"}],"version-history":[{"count":0,"href":"https:\/\/www.europesays.com\/fr\/wp-json\/wp\/v2\/posts\/581261\/revisions"}],"wp:featuredmedia":[{"embeddable":true,"href":"https:\/\/www.europesays.com\/fr\/wp-json\/wp\/v2\/media\/581262"}],"wp:attachment":[{"href":"https:\/\/www.europesays.com\/fr\/wp-json\/wp\/v2\/media?parent=581261"}],"wp:term":[{"taxonomy":"category","embeddable":true,"href":"https:\/\/www.europesays.com\/fr\/wp-json\/wp\/v2\/categories?post=581261"},{"taxonomy":"post_tag","embeddable":true,"href":"https:\/\/www.europesays.com\/fr\/wp-json\/wp\/v2\/tags?post=581261"}],"curies":[{"name":"wp","href":"https:\/\/api.w.org\/{rel}","templated":true}]}}