{"id":581263,"date":"2025-12-06T03:33:27","date_gmt":"2025-12-06T03:33:27","guid":{"rendered":"https:\/\/www.europesays.com\/fr\/581263\/"},"modified":"2025-12-06T03:33:27","modified_gmt":"2025-12-06T03:33:27","slug":"une-pizzeria-a-ete-la-cible-dun-incendie-cette-nuit-au-nord-ouest-de-montpellier-la-piste-criminelle-privilegiee","status":"publish","type":"post","link":"https:\/\/www.europesays.com\/fr\/581263\/","title":{"rendered":"Une pizzeria a \u00e9t\u00e9 la cible d\u2019un incendie cette nuit au nord ouest de Montpellier, la piste criminelle privil\u00e9gi\u00e9e"},"content":{"rendered":"<p>\n                                                                Il \u00e9tait 5\u00a0h\u00a030 du matin, ce vendredi 5\u00a0d\u00e9cembre, lorsqu\u2019un incendie s\u2019est d\u00e9clar\u00e9 au sein de la pizzeria Chez Flo Flow, dans le c\u0153ur du village de Vailhauqu\u00e8s. L\u2019enqu\u00eate a \u00e9t\u00e9 confi\u00e9e aux gendarmes de la compagnie de Castelnau-le-Lez.\n                            <\/p>\n<p>La pizzeria Chez Flo Flow, situ\u00e9e chemin du Mas-Castel, en plein centre de Vailhauqu\u00e8s, au nord-ouest de Montpellier, a \u00e9t\u00e9 la cible d\u2019un incendie ce vendredi 5\u00a0d\u00e9cembre, aux alentours de 5\u00a0h\u00a030 du matin. \u00c0 cette heure matinale, personne ne se trouvait \u00e0 l\u2019int\u00e9rieur de l\u2019\u00e9tablissement au moment des faits. Aucun bless\u00e9 n\u2019est donc \u00e0 d\u00e9plorer mais le restaurant a \u00e9t\u00e9 endommag\u00e9.<\/p>\n<p>Alert\u00e9 par un important d\u00e9gagement de fum\u00e9e, le g\u00e9rant s\u2019est rapidement rendu sur place et est parvenu \u00e0 ma\u00eetriser les flammes avant l\u2019arriv\u00e9e des sapeurs-pompiers de l\u2019H\u00e9rault. L\u2019intervention rapide a permis d\u2019\u00e9viter une propagation plus importante du feu et des d\u00e9g\u00e2ts encore plus cons\u00e9quents.<\/p>\n<p>Porte d\u2019entr\u00e9e forc\u00e9e<\/p>\n<p>Selon nos informations, de fortes suspicions planent sur ce d\u00e9part de feu car la porte d\u2019entr\u00e9e de cette pizzeria aurait \u00e9t\u00e9 forc\u00e9e. Ce sont les gendarmes de la compagnie de Castelnau-le-Lez qui sont charg\u00e9s de l\u2019enqu\u00eate afin de d\u00e9terminer les circonstances exactes de\u00a0cet incendie\u00a0et d\u2019identifier le ou les auteurs.<\/p>\n<p>Acte isol\u00e9, r\u00e8glement de comptes ou diff\u00e9rend commercial\u00a0? Il est trop t\u00f4t pour le dire. Pour l\u2019heure, d\u2019apr\u00e8s une source bien inform\u00e9e, la piste accidentelle aurait d\u00e9j\u00e0 \u00e9t\u00e9 \u00e9cart\u00e9e.<\/p>\n","protected":false},"excerpt":{"rendered":"Il \u00e9tait 5\u00a0h\u00a030 du matin, ce vendredi 5\u00a0d\u00e9cembre, lorsqu\u2019un incendie s\u2019est d\u00e9clar\u00e9 au sein de la pizzeria Chez&hellip;\n","protected":false},"author":2,"featured_media":581264,"comment_status":"","ping_status":"","sticky":false,"template":"","format":"standard","meta":{"footnotes":""},"categories":[9599],"tags":[1111,11,1777,674,118,1011,27,7089,2208,12,2680,25],"class_list":{"0":"post-581263","1":"post","2":"type-post","3":"status-publish","4":"format-standard","5":"has-post-thumbnail","7":"category-montpellier","8":"tag-actu","9":"tag-actualites","10":"tag-eu","11":"tag-europe","12":"tag-faits-divers","13":"tag-fr","14":"tag-france","15":"tag-herault","16":"tag-montpellier","17":"tag-news","18":"tag-occitanie","19":"tag-republique-francaise"},"share_on_mastodon":{"url":"https:\/\/pubeurope.com\/@fr\/115670522503797501","error":""},"_links":{"self":[{"href":"https:\/\/www.europesays.com\/fr\/wp-json\/wp\/v2\/posts\/581263","targetHints":{"allow":["GET"]}}],"collection":[{"href":"https:\/\/www.europesays.com\/fr\/wp-json\/wp\/v2\/posts"}],"about":[{"href":"https:\/\/www.europesays.com\/fr\/wp-json\/wp\/v2\/types\/post"}],"author":[{"embeddable":true,"href":"https:\/\/www.europesays.com\/fr\/wp-json\/wp\/v2\/users\/2"}],"replies":[{"embeddable":true,"href":"https:\/\/www.europesays.com\/fr\/wp-json\/wp\/v2\/comments?post=581263"}],"version-history":[{"count":0,"href":"https:\/\/www.europesays.com\/fr\/wp-json\/wp\/v2\/posts\/581263\/revisions"}],"wp:featuredmedia":[{"embeddable":true,"href":"https:\/\/www.europesays.com\/fr\/wp-json\/wp\/v2\/media\/581264"}],"wp:attachment":[{"href":"https:\/\/www.europesays.com\/fr\/wp-json\/wp\/v2\/media?parent=581263"}],"wp:term":[{"taxonomy":"category","embeddable":true,"href":"https:\/\/www.europesays.com\/fr\/wp-json\/wp\/v2\/categories?post=581263"},{"taxonomy":"post_tag","embeddable":true,"href":"https:\/\/www.europesays.com\/fr\/wp-json\/wp\/v2\/tags?post=581263"}],"curies":[{"name":"wp","href":"https:\/\/api.w.org\/{rel}","templated":true}]}}