{"id":581267,"date":"2025-12-06T03:38:18","date_gmt":"2025-12-06T03:38:18","guid":{"rendered":"https:\/\/www.europesays.com\/fr\/581267\/"},"modified":"2025-12-06T03:38:18","modified_gmt":"2025-12-06T03:38:18","slug":"un-virage-a-bien-negocier-pour-las-nancy-lorraine-a-grenoble","status":"publish","type":"post","link":"https:\/\/www.europesays.com\/fr\/581267\/","title":{"rendered":"Un virage \u00e0 bien n\u00e9gocier pour l&rsquo;AS Nancy Lorraine \u00e0 Grenoble"},"content":{"rendered":"<p class=\"PopSlotParagraph qg-tx2 qg-xtra-lh svelte-1r0pyek\">La Coupe de France doit d\u00e9sormais c\u00e9der la place \u00e0 l&rsquo;urgence du championnat pour l&rsquo;AS Nancy Lorraine. Ce vendredi soir (20h), l&rsquo;ASNL se d\u00e9place \u00e0 Grenoble pour un duel qui compte dans la course au maintien.\u00a0L&rsquo;enjeu de cette 18e journ\u00e9e est majeur. Actuellement en\u00a0<a href=\"https:\/\/www.google.com\/search?q=asnl#wptab=si:AMgyJEuwLBlvSyNnkrU9TDIIqqlMfZNCL0XCB2_RK4K6F4QhK4G-0HZGjqmI7CD3dpGQzkgxtEjAOIgi5pWWaVD0VRrjKDkbwoP52GUtE81aGoYMwZ3y5yp95Rh-NLdsiA3WoDLuiUZsK3Axo8eVU-vm6aQ5esazdFdBuyoQAFGa2gaD_jgA_CMmzZPqI-ymjwgmNnbdgQLlfsJei2ygxW0pSpjjqWB4vO9LystZZLCkP2DHcz2BeRxbeBqrmhTO6lmS5q1HcEZ2\" target=\"_blank\" rel=\"noopener noreferrer\" class=\"\" data-testid=\"link\">position de\u00a0rel\u00e9gable,<\/a>\u00a0chaque point est d\u00e9sormais vital pour les Nanc\u00e9iens.<\/p>\n<p class=\"PopSlotParagraph qg-tx2 qg-xtra-lh svelte-1r0pyek\">L&rsquo;adversaire du soir, le\u00a0Grenoble Foot 38, n&rsquo;est pourtant pas beaucoup mieux loti, occupant une place juste au-dessus de la zone rouge, avec seulement deux petites unit\u00e9s d&rsquo;avance sur l&rsquo;\u00e9quipe de Pablo Correa. Cette confrontation est un v\u00e9ritable\u00a0\u00ab\u00a0match \u00e0 six points\u00a0\u00bb\u00a0face \u00e0 un concurrent direct.<\/p>\n<p class=\"PopSlotParagraph qg-tx2 qg-xtra-lh svelte-1r0pyek\">Il ne reste que deux journ\u00e9es \u00e0 disputer avant la traditionnelle tr\u00eave hivernale, et l&rsquo;objectif est clair\u00a0: ne pas d\u00e9crocher davantage et si possible, repasser devant le GF38 ou au moins r\u00e9duire l&rsquo;\u00e9cart. L&rsquo;approche de la mi-saison rend ces points encore plus pr\u00e9cieux psychologiquement.<\/p>\n<p> Prendre des points<\/p>\n<p class=\"PopSlotParagraph qg-tx2 qg-xtra-lh svelte-1r0pyek\">Pour ce d\u00e9placement, l&rsquo;ASNL pourra compter sur le retour\u00a0de Fdaouch\u00a0attendu pour dynamiser l&rsquo;animation offensive nanc\u00e9ienne, souvent en manque de tranchant. Sa cr\u00e9ativit\u00e9 et sa capacit\u00e9 \u00e0 d\u00e9stabiliser les d\u00e9fenses adverses pourraient faire la diff\u00e9rence. De plus, l&rsquo;apport de G\u00e9lin, arriv\u00e9 il y a dix jours, pourrait apporter plus de densit\u00e9\u00a0au milieu de terrain et assurer la bonne transition entre d\u00e9fense et attaque.<\/p>\n<p class=\"PopSlotParagraph qg-tx2 qg-xtra-lh svelte-1r0pyek\">L&rsquo;AS Nancy Lorraine doit s&rsquo;appuyer sur ce qu&rsquo;elle a montr\u00e9 \u00e0 Saint-Etienne ou malgr\u00e9 la d\u00e9faite (2-1), les signaux envoy\u00e9s \u00e9taient positifs. Confirmer contre un adversaire de sa cat\u00e9gorie serait plus que souhaitable afin se compliquer encore un peu plus la t\u00e2che cette fin d&rsquo;ann\u00e9e. Laurent Pilloni et ses d\u00e9batteurs d\u00e9cryptent la rencontre dans <strong>100% ASNL.<\/strong><\/p>\n","protected":false},"excerpt":{"rendered":"La Coupe de France doit d\u00e9sormais c\u00e9der la place \u00e0 l&rsquo;urgence du championnat pour l&rsquo;AS Nancy Lorraine. Ce&hellip;\n","protected":false},"author":2,"featured_media":581268,"comment_status":"","ping_status":"","sticky":false,"template":"","format":"standard","meta":{"footnotes":""},"categories":[9566],"tags":[1111,11,2430,1777,674,1011,27,2731,12,25],"class_list":{"0":"post-581267","1":"post","2":"type-post","3":"status-publish","4":"format-standard","5":"has-post-thumbnail","7":"category-grenoble","8":"tag-actu","9":"tag-actualites","10":"tag-auvergne-rhone-alpes","11":"tag-eu","12":"tag-europe","13":"tag-fr","14":"tag-france","15":"tag-grenoble","16":"tag-news","17":"tag-republique-francaise"},"share_on_mastodon":{"url":"https:\/\/pubeurope.com\/@fr\/115670542151733371","error":""},"_links":{"self":[{"href":"https:\/\/www.europesays.com\/fr\/wp-json\/wp\/v2\/posts\/581267","targetHints":{"allow":["GET"]}}],"collection":[{"href":"https:\/\/www.europesays.com\/fr\/wp-json\/wp\/v2\/posts"}],"about":[{"href":"https:\/\/www.europesays.com\/fr\/wp-json\/wp\/v2\/types\/post"}],"author":[{"embeddable":true,"href":"https:\/\/www.europesays.com\/fr\/wp-json\/wp\/v2\/users\/2"}],"replies":[{"embeddable":true,"href":"https:\/\/www.europesays.com\/fr\/wp-json\/wp\/v2\/comments?post=581267"}],"version-history":[{"count":0,"href":"https:\/\/www.europesays.com\/fr\/wp-json\/wp\/v2\/posts\/581267\/revisions"}],"wp:featuredmedia":[{"embeddable":true,"href":"https:\/\/www.europesays.com\/fr\/wp-json\/wp\/v2\/media\/581268"}],"wp:attachment":[{"href":"https:\/\/www.europesays.com\/fr\/wp-json\/wp\/v2\/media?parent=581267"}],"wp:term":[{"taxonomy":"category","embeddable":true,"href":"https:\/\/www.europesays.com\/fr\/wp-json\/wp\/v2\/categories?post=581267"},{"taxonomy":"post_tag","embeddable":true,"href":"https:\/\/www.europesays.com\/fr\/wp-json\/wp\/v2\/tags?post=581267"}],"curies":[{"name":"wp","href":"https:\/\/api.w.org\/{rel}","templated":true}]}}