{"id":581271,"date":"2025-12-06T03:40:56","date_gmt":"2025-12-06T03:40:56","guid":{"rendered":"https:\/\/www.europesays.com\/fr\/581271\/"},"modified":"2025-12-06T03:40:56","modified_gmt":"2025-12-06T03:40:56","slug":"safonov-devrait-jouer-son-premier-match-contre-rennes","status":"publish","type":"post","link":"https:\/\/www.europesays.com\/fr\/581271\/","title":{"rendered":"Safonov devrait jouer son premier match contre Rennes"},"content":{"rendered":"<p><img width=\"700\" height=\"350\" src=\"https:\/\/www.europesays.com\/fr\/wp-content\/uploads\/2025\/12\/Safonov.jpg\" class=\"attachment-jannah-image-post size-jannah-image-post wp-post-image\" alt=\"Safonov\" is_main_img=\"1\" decoding=\"async\" fetchpriority=\"high\"  \/><br \/>\n Image :<br \/>\npsg.fr<\/p>\n<p>Avec la blessure \u00e0 la cheville de Lucas Chevalier, Matvey<br \/>\nSafonov devrait jouer son premier match de la saison avec le PSG.<br \/>\nIl aurait esp\u00e9r\u00e9 le jouer plus t\u00f4t dans la saison.\u00a0<\/p>\n<p>Samedi dernier, <strong>Lucas Chevalier<\/strong> a re\u00e7u une<br \/>\ngrosse semelle de <strong>Lamine Camara<\/strong> sur sa cheville<br \/>\nlors de la rencontre entre <strong>Monaco<\/strong> et le<br \/>\n<strong>PSG<\/strong>. S\u2019il a jou\u00e9 l\u2019int\u00e9gralit\u00e9 de la rencontre, le<br \/>\nportier parisien n\u2019a pas pu s\u2019entra\u00eener depuis cette rencontre<br \/>\ncontre les Mon\u00e9gasques et est forfait contre<br \/>\n<strong>Rennes<\/strong>, sa cheville n\u2019ayant pas encore totalement<br \/>\nd\u00e9gonfl\u00e9. Demain soir, c\u2019est donc <strong><a href=\"https:\/\/canal-supporters.com\/trois-clubs-interesses-par-un-pret-de-matvey-safonov\/\" title=\"\" target=\"_blank\" rel=\"noopener\">Matvey Safonov<\/a><\/strong> qui devrait garder les buts du<br \/>\n<strong>PSG<\/strong> contre les Rennais.\u00a0<\/p>\n<p>A lire aussi : <a href=\"https:\/\/canal-supporters.com\/psg-matvey-safonov-je-ne-suis-pas-satisfait-du-manque-de-temps-de-jeu\/\" title=\"\" target=\"_blank\" rel=\"noopener\">PSG \u2013 Matvey Safonov : \u00ab\u00a0Je ne suis pas satisfait du<br \/>\nmanque de temps de jeu\u00a0\u00bb<\/a><\/p>\n<p><a href=\"https:\/\/x.com\/CanalSupporters\" target=\"_blank\" rel=\"noopener\" title=\"\">canalsupporters.com<\/a><\/p>\n<p>Il n\u2019a jamais<br \/>\ndemand\u00e9 \u00e0 quitter le PSG<\/p>\n<p><a href=\"https:\/\/www.leparisien.fr\/sports\/football\/ligue-1\/psg-rennes-lheure-du-grand-retour-pour-matvey-safonov-05-12-2025-N22HJWHHSRFD3MXRDBHPLACJUE.php\" target=\"_blank\" rel=\"noopener\" title=\"\">Le Parisien<\/a><br \/>\nexplique que le num\u00e9ro 39 du <strong>PSG<\/strong> ne s\u2019imaginait<br \/>\npas rester sur le banc durant cette p\u00e9riode, lui qui n\u2019a plus jou\u00e9<br \/>\navec les champions <strong>d\u2019Europe<\/strong> depuis le 24 mai,<br \/>\ncertain que son temps de jeu d\u00e9collerait plus t\u00f4t. Le quotidien<br \/>\nfrancilien indique qu\u2019il est plus que jamais pr\u00eat \u00e0 saisir cette<br \/>\nopportunit\u00e9 pour prouver sa valeur. \u00ab\u00a0Pour sa deuxi\u00e8me<br \/>\nsaison dans la capitale, le natif de <strong>Krasnodar<\/strong><br \/>\npensait\u00a0faire le match avec <strong>Lucas<br \/>\nChevalier<\/strong>\u00a0apr\u00e8s que <strong>Gianluigi<br \/>\nDonnarumma<\/strong> a mis fin \u00e0 toute forme de d\u00e9bat lors du<br \/>\npr\u00e9c\u00e9dent exercice. L\u2019\u00e9t\u00e9 dernier, alors qu\u2019il avait fait l\u2019objet<br \/>\nde multiples sollicitations sur le march\u00e9 des transferts,<br \/>\n<strong>Safonov<\/strong> avait vu\u00a0<strong>Luis<br \/>\nEnrique<\/strong>\u00a0lui maintenir sa confiance et lui avait fait<br \/>\npart de sa satisfaction de compter sur un deuxi\u00e8me gardien de haut<br \/>\nniveau\u00a0\u00bb, avance Le Parisien. Cette confiance ne<br \/>\ns\u2019est pas traduite par du temps de jeu, ce qui a pu g\u00e9n\u00e9rer une<br \/>\nforme de frustration chez le Russe, peu satisfait par son statut.<br \/>\n<strong>Matvey Safonov<\/strong> prend r\u00e9guli\u00e8rement le pouls aupr\u00e8s<br \/>\nde <strong>Luis Enrique<\/strong> et <strong>Luis Campos<\/strong><br \/>\npour leur demander s\u2019ils sont satisfaits de ses services. Au club,<br \/>\non assure pourtant que le gardien n\u2019a jamais demand\u00e9 \u00e0 <a href=\"https:\/\/canal-supporters.com\/matvey-safonov-pas-contre-un-depart-du-psg-cet-hiver\/\" title=\"\" target=\"_blank\" rel=\"noopener\">quitter<\/a> le <strong>PSG<\/strong>, o\u00f9 il est sous<br \/>\ncontrat jusqu\u2019en 2029. On d\u00e9crit un homme tr\u00e8s professionnel, \u00e0<br \/>\nl\u2019\u00e9coute des consignes, discret et tr\u00e8s bien int\u00e9gr\u00e9 \u00e0 la vie<br \/>\nparisienne, comme en t\u00e9moigne sa bonne ma\u00eetrise du fran\u00e7ais,<br \/>\nexplique le quotidien francilien.\u00a0<\/p><\/p>\n","protected":false},"excerpt":{"rendered":"Image : psg.fr Avec la blessure \u00e0 la cheville de Lucas Chevalier, Matvey Safonov devrait jouer son premier&hellip;\n","protected":false},"author":2,"featured_media":581272,"comment_status":"","ping_status":"","sticky":false,"template":"","format":"standard","meta":{"footnotes":""},"categories":[2821],"tags":[69099,1111,11,829,81,787,1777,674,1011,27,66,1611,13122,12,626,91,92,93,69105,584,25,96],"class_list":{"0":"post-581271","1":"post","2":"type-post","3":"status-publish","4":"format-standard","5":"has-post-thumbnail","7":"category-rennes","8":"tag-15e-journee","9":"tag-actu","10":"tag-actualites","11":"tag-bretagne","12":"tag-canal-supporters","13":"tag-cs","14":"tag-eu","15":"tag-europe","16":"tag-fr","17":"tag-france","18":"tag-ligue-1","19":"tag-ligue-1-macdonalds","20":"tag-matvey-safonov","21":"tag-news","22":"tag-paris","23":"tag-paris-saint-germain","24":"tag-paris-sg","25":"tag-psg","26":"tag-quinzieme-journee","27":"tag-rennes","28":"tag-republique-francaise","29":"tag-une"},"share_on_mastodon":{"url":"https:\/\/pubeurope.com\/@fr\/115670554511102714","error":""},"_links":{"self":[{"href":"https:\/\/www.europesays.com\/fr\/wp-json\/wp\/v2\/posts\/581271","targetHints":{"allow":["GET"]}}],"collection":[{"href":"https:\/\/www.europesays.com\/fr\/wp-json\/wp\/v2\/posts"}],"about":[{"href":"https:\/\/www.europesays.com\/fr\/wp-json\/wp\/v2\/types\/post"}],"author":[{"embeddable":true,"href":"https:\/\/www.europesays.com\/fr\/wp-json\/wp\/v2\/users\/2"}],"replies":[{"embeddable":true,"href":"https:\/\/www.europesays.com\/fr\/wp-json\/wp\/v2\/comments?post=581271"}],"version-history":[{"count":0,"href":"https:\/\/www.europesays.com\/fr\/wp-json\/wp\/v2\/posts\/581271\/revisions"}],"wp:featuredmedia":[{"embeddable":true,"href":"https:\/\/www.europesays.com\/fr\/wp-json\/wp\/v2\/media\/581272"}],"wp:attachment":[{"href":"https:\/\/www.europesays.com\/fr\/wp-json\/wp\/v2\/media?parent=581271"}],"wp:term":[{"taxonomy":"category","embeddable":true,"href":"https:\/\/www.europesays.com\/fr\/wp-json\/wp\/v2\/categories?post=581271"},{"taxonomy":"post_tag","embeddable":true,"href":"https:\/\/www.europesays.com\/fr\/wp-json\/wp\/v2\/tags?post=581271"}],"curies":[{"name":"wp","href":"https:\/\/api.w.org\/{rel}","templated":true}]}}