{"id":581277,"date":"2025-12-06T03:44:14","date_gmt":"2025-12-06T03:44:14","guid":{"rendered":"https:\/\/www.europesays.com\/fr\/581277\/"},"modified":"2025-12-06T03:44:14","modified_gmt":"2025-12-06T03:44:14","slug":"qui-se-cache-derriere-la-croix-geante-du-baou-de-saint-jeannet","status":"publish","type":"post","link":"https:\/\/www.europesays.com\/fr\/581277\/","title":{"rendered":"Qui se cache derri\u00e8re la croix g\u00e9ante du baou de Saint-Jeannet ?"},"content":{"rendered":"<p class=\"fs-5 \">Qui s\u2019amuse le week-end \u00e0 planter ill\u00e9galement des croix chr\u00e9tiennes g\u00e9antes sur les pitons rocheux des environs de Nice ?<\/p>\n<p class=\"fs-5 \"><a href=\"https:\/\/www.nicematin.com\/societe\/une-croix-chretienne-geante-hissee-sur-le-baou-de-saint-jeannet-sans-aucune-autorisation-a-disparu-10655320\" target=\"_blank\" rel=\"noopener\">\u00c9rig\u00e9e \u00e0 bout de bras samedi 1er novembre<\/a> sur le baou de Saint-Jeannet, apr\u00e8s une procession dans les rues du village largement mise en sc\u00e8ne sur les r\u00e9seaux sociaux,  la grande croix a depuis \u00e9t\u00e9 myst\u00e9rieusement enlev\u00e9e, <a href=\"https:\/\/www.nicematin.com\/societe\/vie-locale\/installee-sans-autorisation-la-mysterieuse-croix-fait-sa-reapparition-au-sommet-du-baou-de-saint-jeannet-10656717\" target=\"_blank\" rel=\"noopener\">r\u00e9install\u00e9e,<\/a> puis sci\u00e9e, myst\u00e9rieusement encore.<\/p>\n<p class=\"fs-5 \">Si les contempteurs de la croix ne se sont pas fait conna\u00eetre \u2013 si tant est qu\u2019ils existent vraiment et que tout cela ne soit pas une insidieuse op\u00e9ration de communication \u2013, les pros\u00e9lytes, eux, ont cr\u00e9\u00e9 pour l\u2019occasion une page Instagram baptis\u00e9e \u00ab Ainsi_soit_il06 \u00bb.<\/p>\n<p class=\"fs-5 \">Assumant ainsi pleinement cette \u00e9rection soudaine \u00e0 travers la publication de plusieurs photos et vid\u00e9os, o\u00f9 les protagonistes de ce forfait apparaissent \u00e0 visage d\u00e9couvert.<\/p>\n<p class=\"fs-5 \"><a href=\"https:\/\/www.nicematin.com\/societe\/vie-locale\/pour-notre-futur-projet-de-fabrication-de-croix-une-cagnotte-lancee-pour-la-reconstruction-d-une-croix-pour-le-baou-de-saint-jeannet-recolte-plus-de-2800-euros-10657509\" target=\"_blank\" rel=\"noopener\">Une cagnotte leetchi a m\u00eame \u00e9t\u00e9 cr\u00e9\u00e9e<\/a> le 18 novembre \u00e0 la suite de la disparition des deux premi\u00e8res croix, cagnotte qui a collect\u00e9 2.876 euros, avec un objectif affich\u00e9 : renouveler l\u2019op\u00e9ration.<\/p>\n<p class=\"fs-5 \">Petit contretemps, tout de m\u00eame. Dans le dernier message paru sur Instagram en date du 26 novembre, Ainsi_soit_il06 indiquait : \u00ab On nous emp\u00eache aujourd\u2019hui de retourner \u00e0 Saint-Jeannet. Des d\u00e9marches ont \u00e9t\u00e9 engag\u00e9es suite \u00e0 notre action et l\u2019un des n\u00f4tres a \u00e9t\u00e9 auditionn\u00e9 en gendarmerie. Mais qu\u2019on soit clair : la pression ne nous arr\u00eatera pas. Notre d\u00e9termination est intacte. Une nouvelle mise en place de croix est en pr\u00e9paration. Ce n\u2019est qu\u2019un d\u00e9but. \u00bb<\/p>\n<p>                                                                                Plainte d\u00e9pos\u00e9e par la mairie<\/p>\n<p class=\"fs-5 \">Rappelons que <a href=\"https:\/\/www.nicematin.com\/societe\/vie-locale\/cela-ne-nous-arretera-pas-la-croix-clandestine-du-baou-de-saint-jeannet-sciee-10657034\" target=\"_blank\" rel=\"noopener\">la pose de la croix \u00e9tait ill\u00e9gale<\/a>, puisque la loi de 1905 sur la s\u00e9paration de l\u2019\u00c9glise et de l\u2019\u00c9tat interdit \u00ab d\u2019\u00e9lever ou d\u2019apposer aucun signe ou embl\u00e8me religieux sur les monuments publics ou en quelque emplacement public que ce soit \u00bb. <\/p>\n<p class=\"fs-5 \">La commune de Saint-Jeannet a d\u2019ailleurs d\u00e9pos\u00e9 une plainte pour occupation ill\u00e9gale du domaine public \u00ab conform\u00e9ment \u00e0 la loi, en concertation avec la pr\u00e9fecture \u00bb, pr\u00e9cise la maire Julie Charles, qui a \u00e9galement indiqu\u00e9 \u00e0 la justice avoir re\u00e7u des menaces.<\/p>\n<p class=\"fs-5 \">\u00ab J\u2019esp\u00e8re que cette histoire va se r\u00e9gler dans la s\u00e9r\u00e9nit\u00e9 \u00bb, souffle-t-elle. Si une personne a bien \u00e9t\u00e9 auditionn\u00e9e par les gendarmes, selon nos sources, le parquet de Grasse n\u2019a toutefois pas r\u00e9pondu \u00e0 nos sollicitations.<\/p>\n<p>                                                                                Une marque de v\u00eatements chr\u00e9tienne<\/p>\n<p class=\"fs-5 \">Un autre compte Instagram, Archange_140, a partag\u00e9 des photos et vid\u00e9os de ces processions clandestines.<\/p>\n<p class=\"fs-5 \">Dans un clich\u00e9, les participants arborent fi\u00e8rement diff\u00e9rents drapeaux.<\/p>\n<p class=\"fs-5 \">D\u2019abord, \u00e0 gauche (photo), un \u00e9tendard blanc, une croix rouge et le Christ, avec les inscriptions en lettre gothiques \u00ab Deus Vult \u00bb et \u00ab Archange \u00bb, le tout faisant penser \u00e0 un bouclier de templier.<\/p>\n<p class=\"fs-5 \">Un logo qui sigle \u00e9galement les pulls noirs de la plupart des participants : logique, car il s\u2019agit en fait d\u2019une marque ni\u00e7oise de v\u00eatements chr\u00e9tiens, Archange_140, qui s\u2019ach\u00e8tent sur Instagram.<\/p>\n<p class=\"fs-5 \">\u00ab Plus qu\u2019un style, un engagement. B\u00e9n\u00e9fices revers\u00e9s \u00e0 l\u2019\u00e9glise \u00bb, peut-on lire sur sa page.<\/p>\n<p class=\"fs-5 \">La marque tenait un stand au festival controvers\u00e9 \u00ab1.000 raisons de croire\u00bb, proche de la sph\u00e8re Bollor\u00e9, qui s\u2019est tenu d\u00e9but octobre \u00e0 Nice.<\/p>\n<p class=\"fs-5 \">Elle partageait \u00e9galement cet \u00e9t\u00e9 un stand au march\u00e9 nocturne de Vence, ainsi qu\u2019aux f\u00eates royales de Villeneuve-Loubet, avec une autre marque de fringue ni\u00e7oise, Souleu &amp; Baieta, connue pour ses imprim\u00e9s pissaladi\u00e8re, pan-bagnat et autres \u2018\u2018boulegue palhassou\u2019\u2019. Lesquels juraient quelque peu \u00e0 c\u00f4t\u00e9 des t-shirts aux grandes croix sigl\u00e9s \u00ab Seul dieu peut me juger \u00bb&#8230;<\/p>\n<p>                                                                                L\u2019imagerie des croisades<\/p>\n<p class=\"fs-5 \">\u00ab Deus Vult \u00bb, Dieu le veut en latin, renvoi directement \u00e0 la premi\u00e8re croisade partie de Clermont-Ferrand en 1095, \u00e0 l\u2019appel du pape Urbain II, tristement c\u00e9l\u00e8bre pour ses massacres de juifs et de musulmans.<\/p>\n<p class=\"fs-5 \">Lanc\u00e9 par Pierre d\u2019Amiens, un moine pr\u00e9dicateur de l\u2019\u00e9poque, l\u2019expression est devenue un cri de ralliement des crois\u00e9s.<\/p>\n<p class=\"fs-5 \">Et plus r\u00e9cemment, elle a fait flor\u00e8s dans les groupes d\u2019ultra-droite et chez les supr\u00e9macistes blancs aux \u00c9tats-Unis. Pete Hegseth, actuel secr\u00e9taire \u00e0 la D\u00e9fense de Trump, s\u2019est d\u2019ailleurs fait tatouer \u2018\u2018Deus vult\u2019\u2019 sur son biceps, juste au-dessus du mot koufar (m\u00e9cr\u00e9ant) en graphie arabe, le tout accompagn\u00e9 d\u2019une croix de J\u00e9rusalem sur le torse&#8230;<\/p>\n<p class=\"fs-5 \">Quant \u00e0 l\u2019inscription \u00ab Archange \u00bb, dans l\u2019imaginaire chr\u00e9tien d\u2019extr\u00eame droite, elle renvoie \u00e0 l\u2019archange Saint-Michel, chef des arm\u00e9es c\u00e9lestes combattant le Dragon, figure du guerrier d\u00e9fenseur de la civilisation occidentale et chr\u00e9tienne.<\/p>\n<p class=\"fs-5 \">Les chr\u00e9tiens contre les musulmans, le mantra d\u2019une certaine extr\u00eame droite actuelle qui ravive \u00e0 dessein l\u2019imagerie des croisades sur le net en r\u00eavant de plus en plus ouvertement de guerre de religions&#8230;<\/p>\n<p class=\"fs-5 \">Deuxi\u00e8me drapeau : l\u2019\u00e9tendard de Saint Louis \u2013 Louis IX, seul roi de France canonis\u00e9 \u2013 qui a men\u00e9 deux croisades, et a trouv\u00e9 la mort lors de la huiti\u00e8me \u00e0 Carthage, pr\u00e8s de Tunis en 1270.<\/p>\n<p class=\"fs-5 \">Avec ses fleurs de lys, c\u2019est un symbole tout \u00e0 la fois royaliste, nationaliste, catholique, et antir\u00e9publicain, saupoudr\u00e9 d\u2019un zest de croisade&#8230; qui jure quelque peu \u00e0 c\u00f4t\u00e9 du drapeau tricolore, le quatri\u00e8me de la photo, par essence r\u00e9publicain.<\/p>\n<p>                                                                                Des supporters ni\u00e7ois de la Populaire Sud<\/p>\n<p class=\"fs-5 \">Le troisi\u00e8me drapeau repr\u00e9sente la <a href=\"https:\/\/www.nicematin.com\/sports\/football\/nous-ne-sommes-pas-a-l-origine-de-la-manifestation-la-populaire-sud-sort-du-silence-apres-les-incidents-au-centre-d-entrainement-de-l-ogc-nice-10659176\" target=\"_blank\" rel=\"noopener\">Populaire Sud, le groupe de supporter ultra du club de foot de l\u2019OGC Nice.<\/a> 85 pour l\u2019ann\u00e9e de fondation de la Brigade Sud Nice (BSN), dissoute en 2010, dont la Populaire Sud est aujourd\u2019hui l\u2019h\u00e9riti\u00e8re directe.<\/p>\n<p class=\"fs-5 \">D\u2019ailleurs, selon un fin connaisseur de l\u2019\u00e9cosyst\u00e8me politique local d\u2019extr\u00eame droite, qui pr\u00e9f\u00e8re garder l\u2019anonymat, tout ce beau monde r\u00e9uni au pied de la croix serait issu du milieu ultra de l\u2019OGC Nice, et non d\u2019<a href=\"https:\/\/www.nicematin.com\/societe\/qui-se-cache-derriere-aquila-popularis-le-nouveau-mouvement-de-l-ultradroite-dans-les-alpes-maritimes-notre-enquete-10648525\" target=\"_blank\" rel=\"noopener\">Aquila Popularis, un autre groupuscule d\u2019ultra-droite qui fait de plus en plus parler de lui. <\/a><\/p>\n<p class=\"fs-5 \">Lequel n\u2019a en revanche pas h\u00e9sit\u00e9 \u00e0 soutenir sur ses r\u00e9seaux sociaux l\u2019\u00e9l\u00e9vation de cette croix.<\/p>\n<p class=\"fs-5 \">\u00ab Bravo aux Ni\u00e7ois qui ont pos\u00e9 la croix au Baou de Saint-Jeannet. Nos racines ne se cachent pas, elles se d\u00e9fendent \u00bb, disaient-ils sur leur compte X le 5 novembre.<\/p>\n","protected":false},"excerpt":{"rendered":"Qui s\u2019amuse le week-end \u00e0 planter ill\u00e9galement des croix chr\u00e9tiennes g\u00e9antes sur les pitons rocheux des environs de&hellip;\n","protected":false},"author":2,"featured_media":581278,"comment_status":"","ping_status":"","sticky":false,"template":"","format":"standard","meta":{"footnotes":""},"categories":[2819],"tags":[1111,11,1777,674,1011,27,12,2401,882,25],"class_list":{"0":"post-581277","1":"post","2":"type-post","3":"status-publish","4":"format-standard","5":"has-post-thumbnail","7":"category-nice","8":"tag-actu","9":"tag-actualites","10":"tag-eu","11":"tag-europe","12":"tag-fr","13":"tag-france","14":"tag-news","15":"tag-nice","16":"tag-provence-alpes-cote-dazur","17":"tag-republique-francaise"},"share_on_mastodon":{"url":"https:\/\/pubeurope.com\/@fr\/115670565762936870","error":""},"_links":{"self":[{"href":"https:\/\/www.europesays.com\/fr\/wp-json\/wp\/v2\/posts\/581277","targetHints":{"allow":["GET"]}}],"collection":[{"href":"https:\/\/www.europesays.com\/fr\/wp-json\/wp\/v2\/posts"}],"about":[{"href":"https:\/\/www.europesays.com\/fr\/wp-json\/wp\/v2\/types\/post"}],"author":[{"embeddable":true,"href":"https:\/\/www.europesays.com\/fr\/wp-json\/wp\/v2\/users\/2"}],"replies":[{"embeddable":true,"href":"https:\/\/www.europesays.com\/fr\/wp-json\/wp\/v2\/comments?post=581277"}],"version-history":[{"count":0,"href":"https:\/\/www.europesays.com\/fr\/wp-json\/wp\/v2\/posts\/581277\/revisions"}],"wp:featuredmedia":[{"embeddable":true,"href":"https:\/\/www.europesays.com\/fr\/wp-json\/wp\/v2\/media\/581278"}],"wp:attachment":[{"href":"https:\/\/www.europesays.com\/fr\/wp-json\/wp\/v2\/media?parent=581277"}],"wp:term":[{"taxonomy":"category","embeddable":true,"href":"https:\/\/www.europesays.com\/fr\/wp-json\/wp\/v2\/categories?post=581277"},{"taxonomy":"post_tag","embeddable":true,"href":"https:\/\/www.europesays.com\/fr\/wp-json\/wp\/v2\/tags?post=581277"}],"curies":[{"name":"wp","href":"https:\/\/api.w.org\/{rel}","templated":true}]}}