{"id":581279,"date":"2025-12-06T03:45:15","date_gmt":"2025-12-06T03:45:15","guid":{"rendered":"https:\/\/www.europesays.com\/fr\/581279\/"},"modified":"2025-12-06T03:45:15","modified_gmt":"2025-12-06T03:45:15","slug":"nice-fetes-des-lumieres-samedi-13-decembre","status":"publish","type":"post","link":"https:\/\/www.europesays.com\/fr\/581279\/","title":{"rendered":"NICE : F\u00eates des Lumi\u00e8res, samedi 13 d\u00e9cembre"},"content":{"rendered":"<p style=\"text-align: left;\"><b data-olk-copy-source=\"MessageBody\">Lancement des illuminations de No\u00ebl et inauguration du Village de No\u00ebl 2025.<\/b><\/p>\n<p style=\"text-align: left;\">Ce vendredi 28 novembre, le Village de No\u00ebl 2025 a \u00e9t\u00e9 inaugur\u00e9 dans une ambiance chaleureuse.\u00a0Durant ce premier week-end d\u2019ouverture, pr\u00e8s de 75\u00a0000 visiteurs\u00a0sont\u00a0venus d\u00e9couvrir les animations, les commer\u00e7ants et l\u2019univers de cette nouvelle \u00e9dition.<\/p>\n<p style=\"text-align: left;\">Jusqu\u2019au 4 janvier 2026, ce sont 70 exposants \u2013 artisans, commer\u00e7ants et cr\u00e9ateurs \u2013 qui proposent un programme riche, vari\u00e9 et authentique. Les Ni\u00e7oises et Ni\u00e7ois\u00a0pourront profiter du march\u00e9 de No\u00ebl,\u00a0ouvert tous les jours\u00a0et d\u00e9couvrir\u00a0un univers o\u00f9 se m\u00ealent traditions, savoir-faire, saveurs locales et animations. La traditionnelle\u00a0grande roue,\u00a066 chalets, la\u00a0Maison du P\u00e8re No\u00ebl, mais aussi des\u00a0man\u00e8ges et structures gonflables\u00a0sont pr\u00eats \u00e0 accueillir les visiteurs dans une ambiance festive avec de nombreux artistes\u00a0!<\/p>\n<p style=\"text-align: left;\">Plus\u00a0de 1\u00a0000 motifs lumineux\u00a0scintillent dans toute la ville,\u00a0200 kilom\u00e8tres de guirlandes\u00a0et\u00a054 sapins\u00a0sont install\u00e9s dans chaque territoire ni\u00e7ois.\u00a0Sur le miroir d\u2019eau, une d\u00e9ambulation f\u00e9\u00e9rique propose un monde enchanteur. Sur la place Mass\u00e9na, un espace enti\u00e8rement d\u00e9di\u00e9 aux stations Nice C\u00f4te d\u2019Azur est \u00e0 retrouver.<\/p>\n<p style=\"text-align: left;\">Chaque ann\u00e9e, la Ville de Nice met en place un dispositif d\u2019illuminations et d\u00e9corations de No\u00ebl, le tout dans le respect de l\u2019environnement avec des motifs 100% recyclables et l\u2019utilisation exclusive de lampes \u00ab LED \u00bb. Le lancement officiel des illuminations est pr\u00e9vu le vendredi 28 novembre sur la place Mass\u00e9na, tandis que celui des territoires a d\u00e9but\u00e9 depuis le lundi 24 novembre. Sont utilis\u00e9s exclusivement de d\u00e9cors \u00e0 lampes \u00e0 diodes \u00e9lectro luminescentes dites \u00ab LED \u00bb (Light Emitting Diode). Les lampes LED nouvelle g\u00e9n\u00e9ration ont une luminosit\u00e9 5 \u00e0 10 fois sup\u00e9rieure aux lampes halog\u00e8nes anciennement utilis\u00e9es pour une puissance 9 fois moindre.<\/p>\n<p style=\"text-align: left;\">Les motifs lumineux utilisent les technologies (recyprint, biorprint et flexiprint) \u00e9coresponsables, en r\u00e9duisant l\u2019empreinte carbone et en promouvant l\u2019\u00e9conomie circulaire. Issus de la canne \u00e0 sucre ou du plastique recycl\u00e9, les motifs ne g\u00e9n\u00e8rent aucun rebut \u00e0 la fabrication, et permettent une recyclabilit\u00e9 en circuit court du motif en fin de vie, gr\u00e2ce au broyage de la structure et \u00e0 sa r\u00e9utilisation sous forme de granul\u00e9s. Pr\u00e8s de 1 000 motifs lumineux sont install\u00e9s dans chaque quartier de la Ville de Nice et scintilleront du 24 novembre 2025 au 5 janvier 2026.<\/p>\n<p style=\"text-align: left;\"><strong>NO\u00cbL DANS LE JARDIN ALBERT 1ER<\/strong><\/p>\n<p style=\"text-align: left;\"><strong> F\u00eates des Lumi\u00e8res<\/strong><\/p>\n<p style=\"text-align: left;\"><strong>Samedi 13 d\u00e9cembre \u00e0 partir de 17h30<\/strong><\/p>\n<p style=\"text-align: left;\">F\u00eate de la lumi\u00e8re su\u00e9doise avec chants traditionnels su\u00e9dois en partenariat avec l\u2019association Colline SaintBarth\u00e9lemy. D\u00e9part au Prieur\u00e9 du Vieux logis direction la Villa Arson.<\/p>\n<p style=\"text-align: left;\"><strong>SOURCE : VILLE DE NICE. <\/strong><\/p>\n","protected":false},"excerpt":{"rendered":"Lancement des illuminations de No\u00ebl et inauguration du Village de No\u00ebl 2025. Ce vendredi 28 novembre, le Village&hellip;\n","protected":false},"author":2,"featured_media":581280,"comment_status":"","ping_status":"","sticky":false,"template":"","format":"standard","meta":{"footnotes":""},"categories":[2819],"tags":[1111,11,1777,674,1011,27,12,2401,882,25],"class_list":{"0":"post-581279","1":"post","2":"type-post","3":"status-publish","4":"format-standard","5":"has-post-thumbnail","7":"category-nice","8":"tag-actu","9":"tag-actualites","10":"tag-eu","11":"tag-europe","12":"tag-fr","13":"tag-france","14":"tag-news","15":"tag-nice","16":"tag-provence-alpes-cote-dazur","17":"tag-republique-francaise"},"share_on_mastodon":{"url":"https:\/\/pubeurope.com\/@fr\/115670569701673707","error":""},"_links":{"self":[{"href":"https:\/\/www.europesays.com\/fr\/wp-json\/wp\/v2\/posts\/581279","targetHints":{"allow":["GET"]}}],"collection":[{"href":"https:\/\/www.europesays.com\/fr\/wp-json\/wp\/v2\/posts"}],"about":[{"href":"https:\/\/www.europesays.com\/fr\/wp-json\/wp\/v2\/types\/post"}],"author":[{"embeddable":true,"href":"https:\/\/www.europesays.com\/fr\/wp-json\/wp\/v2\/users\/2"}],"replies":[{"embeddable":true,"href":"https:\/\/www.europesays.com\/fr\/wp-json\/wp\/v2\/comments?post=581279"}],"version-history":[{"count":0,"href":"https:\/\/www.europesays.com\/fr\/wp-json\/wp\/v2\/posts\/581279\/revisions"}],"wp:featuredmedia":[{"embeddable":true,"href":"https:\/\/www.europesays.com\/fr\/wp-json\/wp\/v2\/media\/581280"}],"wp:attachment":[{"href":"https:\/\/www.europesays.com\/fr\/wp-json\/wp\/v2\/media?parent=581279"}],"wp:term":[{"taxonomy":"category","embeddable":true,"href":"https:\/\/www.europesays.com\/fr\/wp-json\/wp\/v2\/categories?post=581279"},{"taxonomy":"post_tag","embeddable":true,"href":"https:\/\/www.europesays.com\/fr\/wp-json\/wp\/v2\/tags?post=581279"}],"curies":[{"name":"wp","href":"https:\/\/api.w.org\/{rel}","templated":true}]}}