{"id":581285,"date":"2025-12-06T03:48:24","date_gmt":"2025-12-06T03:48:24","guid":{"rendered":"https:\/\/www.europesays.com\/fr\/581285\/"},"modified":"2025-12-06T03:48:24","modified_gmt":"2025-12-06T03:48:24","slug":"ces-cinemas-de-bordeaux-celebrent-noel-avec-des-grands-classiques-et-des-films-en-exclusivite","status":"publish","type":"post","link":"https:\/\/www.europesays.com\/fr\/581285\/","title":{"rendered":"Ces cin\u00e9mas de Bordeaux c\u00e9l\u00e8brent No\u00ebl avec des grands classiques et des films en exclusivit\u00e9"},"content":{"rendered":"<p>                    Par<br \/>\n        <strong><br \/>\n            <a href=\"https:\/\/actu.fr\/auteur\/julian-doubax\" title=\"Consulter tous les articles de Julian Doubax\" target=\"_blank\" rel=\"noopener\">Julian Doubax<\/a><br \/>\n                    <\/strong><\/p>\n<p>        Publi\u00e9 le<\/p>\n<p>            5 d\u00e9c. 2025 \u00e0 17h32        <\/p>\n<p>C\u2019est la p\u00e9riode pour enfiler ses chaussons, se faire un chocolat chaud et se glisser sous un plaid pour <strong>regarder un film de No\u00ebl chez soi<\/strong>, qu\u2019on a d\u00e9j\u00e0 maintes et maintes fois regard\u00e9. Mais ces <strong>classiques<\/strong> sont \u00e9galement disponibles au <a href=\"https:\/\/actu.fr\/nouvelle-aquitaine\/bordeaux_33063\/ce-cinema-unique-a-bordeaux-se-bat-pour-sa-survie-on-peut-y-voir-un-film-pour-deux-euros_63158996.html\" target=\"_blank\" rel=\"noopener\">cin\u00e9ma<\/a>.<\/p>\n<p class=\" wall-content\">Tous les week-ends du samedi 6 au dimanche 21 d\u00e9cembre 2025, les salles des cin\u00e9mas UGC de Bordeaux Gambetta, Bassins \u00e0 flot et <a href=\"https:\/\/actu.fr\/nouvelle-aquitaine\/talence_33522\" target=\"_blank\" rel=\"noopener\">Talence<\/a> accueillent le programme P\u00e8re No\u00ebl fait son cin\u00e9ma. Durant cet \u00e9v\u00e8nement, <strong>trois films<\/strong> sont \u00e0 d\u00e9couvrir en avant-premi\u00e8re ainsi que <strong>deux r\u00e9alisations<\/strong> bien connues.\u00a0<\/p>\n<p class=\" wall-content\">Le samedi 6 d\u00e9cembre, c\u2019est le film Le Grinch qui va ouvrir le bal avec une s\u00e9ance en d\u00e9but d\u2019apr\u00e8s-midi. Il sera suivi par <strong>l\u2019avant-premi\u00e8re<\/strong> de Mission P\u00e8re No\u00ebl le 7 d\u00e9cembre. La programmation reprendra le 13 d\u00e9cembre avec la projection d\u2019Anastasia, sorti en 1997. Le dimanche 14 d\u00e9cembre, il y aura une avant-premi\u00e8re d\u2019Heidi et le lynx des montagnes r\u00e9alis\u00e9 par Tobias Schwarz.\u00a0<\/p>\n<p class=\" wall-content\">Pour terminer en beaut\u00e9, le dimanche 21 d\u00e9cembre, le film Bob l\u2019\u00e9ponge : un pour tous, tous pirates sera propos\u00e9 en <strong>exclusivit\u00e9<\/strong>. Des r\u00e9alisations \u00e0 (re)voir en famille. Il est d\u00e8s \u00e0 pr\u00e9sent possible de r\u00e9server <a href=\"https:\/\/www.ugc.fr\/evenement.html?id=22\" target=\"_blank\" rel=\"noopener\">ses places en ligne<\/a>.\u00a0<\/p>\n<p class=\" wall-content\">Personnalisez votre actualit\u00e9 en ajoutant vos villes et m\u00e9dias en favori avec <a href=\"https:\/\/moncompte.actu.fr\" title=\"D\u00e9couvez Mon Actu\" rel=\"nofollow noopener\" data-trk=\"{&quot;cta&quot;:{&quot;action&quot;:&quot;https:\\\/\\\/moncompte.actu.fr&quot;,&quot;category&quot;:&quot;mon compte&quot;,&quot;from&quot;:&quot;article footer&quot;,&quot;name&quot;:&quot;Mon actu&quot;,&quot;type&quot;:&quot;cta&quot;}}\" target=\"_blank\">Mon Actu<\/a>.<\/p>\n","protected":false},"excerpt":{"rendered":"Par Julian Doubax Publi\u00e9 le 5 d\u00e9c. 2025 \u00e0 17h32 C\u2019est la p\u00e9riode pour enfiler ses chaussons, se&hellip;\n","protected":false},"author":2,"featured_media":581286,"comment_status":"","ping_status":"","sticky":false,"template":"","format":"standard","meta":{"footnotes":""},"categories":[2817],"tags":[1111,11,1997,650,1777,674,1011,27,12,15830,2219,25,104],"class_list":{"0":"post-581285","1":"post","2":"type-post","3":"status-publish","4":"format-standard","5":"has-post-thumbnail","7":"category-bordeaux","8":"tag-actu","9":"tag-actualites","10":"tag-bordeaux","11":"tag-cinema","12":"tag-eu","13":"tag-europe","14":"tag-fr","15":"tag-france","16":"tag-news","17":"tag-noel","18":"tag-nouvelle-aquitaine","19":"tag-republique-francaise","20":"tag-societe"},"share_on_mastodon":{"url":"https:\/\/pubeurope.com\/@fr\/115670581642235066","error":""},"_links":{"self":[{"href":"https:\/\/www.europesays.com\/fr\/wp-json\/wp\/v2\/posts\/581285","targetHints":{"allow":["GET"]}}],"collection":[{"href":"https:\/\/www.europesays.com\/fr\/wp-json\/wp\/v2\/posts"}],"about":[{"href":"https:\/\/www.europesays.com\/fr\/wp-json\/wp\/v2\/types\/post"}],"author":[{"embeddable":true,"href":"https:\/\/www.europesays.com\/fr\/wp-json\/wp\/v2\/users\/2"}],"replies":[{"embeddable":true,"href":"https:\/\/www.europesays.com\/fr\/wp-json\/wp\/v2\/comments?post=581285"}],"version-history":[{"count":0,"href":"https:\/\/www.europesays.com\/fr\/wp-json\/wp\/v2\/posts\/581285\/revisions"}],"wp:featuredmedia":[{"embeddable":true,"href":"https:\/\/www.europesays.com\/fr\/wp-json\/wp\/v2\/media\/581286"}],"wp:attachment":[{"href":"https:\/\/www.europesays.com\/fr\/wp-json\/wp\/v2\/media?parent=581285"}],"wp:term":[{"taxonomy":"category","embeddable":true,"href":"https:\/\/www.europesays.com\/fr\/wp-json\/wp\/v2\/categories?post=581285"},{"taxonomy":"post_tag","embeddable":true,"href":"https:\/\/www.europesays.com\/fr\/wp-json\/wp\/v2\/tags?post=581285"}],"curies":[{"name":"wp","href":"https:\/\/api.w.org\/{rel}","templated":true}]}}