{"id":581287,"date":"2025-12-06T03:49:26","date_gmt":"2025-12-06T03:49:26","guid":{"rendered":"https:\/\/www.europesays.com\/fr\/581287\/"},"modified":"2025-12-06T03:49:26","modified_gmt":"2025-12-06T03:49:26","slug":"bordeaux-les-girondins-presentent-leur-troisieme-maillot-signe-hummel","status":"publish","type":"post","link":"https:\/\/www.europesays.com\/fr\/581287\/","title":{"rendered":"Bordeaux : les Girondins pr\u00e9sentent leur troisi\u00e8me maillot, sign\u00e9 Hummel"},"content":{"rendered":"<p><img decoding=\"async\" src=\"https:\/\/www.europesays.com\/fr\/wp-content\/uploads\/2025\/12\/671_35066e2dd01120f09f05c79768ac0b25.jpg\" alt=\"Bordeaux : les Girondins pr\u00e9sentent leur troisi\u00e8me maillot, sign\u00e9 Hummel\" class=\"img-responsive mt-3\"\/><\/p>\n<p class=\"text-center mb-3\" style=\"font-size: 14px\">\u00a9 Iconsport<\/p>\n<p>      <strong>Le nouveau maillot third des Girondins d\u00e9voil\u00e9 : une tunique inattendue de l\u2019histoire du club<br \/><\/strong><\/p>\n<p style=\"text-align: justify;\">Les Girondins de Bordeaux ont r\u00e9v\u00e9l\u00e9 ce vendredi \u00e0 18h le troisi\u00e8me maillot de la saison. Dans un teaser vid\u00e9o publi\u00e9 sur les r\u00e9seaux sociaux publi\u00e9 ce matin, nous avons appris cette nouvelle.<\/p>\n<p style=\"text-align: justify;\">Voici la tunique pr\u00e9sent\u00e9e ce soir la veille du dernier match \u00e0 domicile de l&rsquo;ann\u00e9e. Elle fait r\u00e9f\u00e9rence \u00e0 la saisn 1995-1996 dont le replica existait. C&rsquo;est l\u2019\u00e9quipementier du club Hummel qui a confectionn\u00e9 cette nouvelle pi\u00e8ce.<\/p>\n<p style=\"text-align: justify;\">Le maillot Third des Girondins :<\/p>\n<blockquote class=\"twitter-tweet\">\n<p dir=\"ltr\" lang=\"fr\">?? ? ? ??? ??????? ??? ???????? ?? ??\u0301????? ?\u2019?? ????\u2026<\/p>\n<p>Notre nouveau maillot third, en hommage \u00e0 notre saison 1995-1996, 30 ans apr\u00e8s. Disponible d\u00e8s maintenant ! :red_circle::large_blue_circle:<\/p>\n<p>:handshake: <a href=\"https:\/\/twitter.com\/hummelFrance?ref_src=twsrc%5Etfw\" target=\"_blank\" rel=\"noopener\">@hummelFrance<\/a> <a href=\"https:\/\/t.co\/Wa0aj5bKto\">pic.twitter.com\/Wa0aj5bKto<\/a><\/p>\n<p>\u2014 FC Girondins de Bordeaux (@girondins) <a href=\"https:\/\/twitter.com\/girondins\/status\/1996988127563370699?ref_src=twsrc%5Etfw\" target=\"_blank\" rel=\"noopener\">December 5, 2025<\/a>\n<\/p><\/blockquote>\n<p>Qu&rsquo;en pensez-vous ? Dites-le-nous dans les commentaires.<\/p>\n<p>Il sera en vente d\u00e8s ce soir, et demain au Stade Atlantique pour la 12e journ\u00e9e de National 2 face \u00e0 Dinan L\u00e9hon. L&rsquo;\u00e9quipe jouera avec ce samedi.<\/p>\n<p style=\"text-align: justify;\">\u00c0 lire &gt;&gt; <strong><a href=\"https:\/\/www.webgirondins.com\/actualite-girondins-n2-les-leaders-jouent-ce-soir-avant-les-girondins-la-12e-journee-demarre-131382\" target=\"_blank\" rel=\"noopener\">N2 : les leaders jouent ce soir avant les Girondins, la 12e journ\u00e9e d\u00e9marre<\/a><\/strong><\/p>\n<p style=\"text-align: justify;\">\u00c9coutez dans le podcast court sur l&rsquo;actu des Girondins :<\/p>\n<p>    <script async src=\"https:\/\/platform.twitter.com\/widgets.js\" charset=\"utf-8\"><\/script><\/p>\n","protected":false},"excerpt":{"rendered":"\u00a9 Iconsport Le nouveau maillot third des Girondins d\u00e9voil\u00e9 : une tunique inattendue de l\u2019histoire du club Les&hellip;\n","protected":false},"author":2,"featured_media":581288,"comment_status":"","ping_status":"","sticky":false,"template":"","format":"standard","meta":{"footnotes":""},"categories":[2817],"tags":[1111,11,1997,10225,851,36904,1777,674,1011,27,1987,33343,3289,10274,3238,12,2043,2219,15459,471,69495,69496,25,3242,3789,3467,37015,33762,6949],"class_list":{"0":"post-581287","1":"post","2":"type-post","3":"status-publish","4":"format-standard","5":"has-post-thumbnail","7":"category-bordeaux","8":"tag-actu","9":"tag-actualites","10":"tag-bordeaux","11":"tag-collection","12":"tag-devoile","13":"tag-equipementier","14":"tag-eu","15":"tag-europe","16":"tag-fr","17":"tag-france","18":"tag-girondins","19":"tag-hummel","20":"tag-leur","21":"tag-maillot","22":"tag-national","23":"tag-news","24":"tag-nouvelle","25":"tag-nouvelle-aquitaine","26":"tag-piece","27":"tag-pour","28":"tag-presentent","29":"tag-proposee","30":"tag-republique-francaise","31":"tag-saison","32":"tag-signe","33":"tag-soir","34":"tag-third","35":"tag-troisieme","36":"tag-vendredi"},"share_on_mastodon":{"url":"https:\/\/pubeurope.com\/@fr\/115670586628545745","error":""},"_links":{"self":[{"href":"https:\/\/www.europesays.com\/fr\/wp-json\/wp\/v2\/posts\/581287","targetHints":{"allow":["GET"]}}],"collection":[{"href":"https:\/\/www.europesays.com\/fr\/wp-json\/wp\/v2\/posts"}],"about":[{"href":"https:\/\/www.europesays.com\/fr\/wp-json\/wp\/v2\/types\/post"}],"author":[{"embeddable":true,"href":"https:\/\/www.europesays.com\/fr\/wp-json\/wp\/v2\/users\/2"}],"replies":[{"embeddable":true,"href":"https:\/\/www.europesays.com\/fr\/wp-json\/wp\/v2\/comments?post=581287"}],"version-history":[{"count":0,"href":"https:\/\/www.europesays.com\/fr\/wp-json\/wp\/v2\/posts\/581287\/revisions"}],"wp:featuredmedia":[{"embeddable":true,"href":"https:\/\/www.europesays.com\/fr\/wp-json\/wp\/v2\/media\/581288"}],"wp:attachment":[{"href":"https:\/\/www.europesays.com\/fr\/wp-json\/wp\/v2\/media?parent=581287"}],"wp:term":[{"taxonomy":"category","embeddable":true,"href":"https:\/\/www.europesays.com\/fr\/wp-json\/wp\/v2\/categories?post=581287"},{"taxonomy":"post_tag","embeddable":true,"href":"https:\/\/www.europesays.com\/fr\/wp-json\/wp\/v2\/tags?post=581287"}],"curies":[{"name":"wp","href":"https:\/\/api.w.org\/{rel}","templated":true}]}}