{"id":581293,"date":"2025-12-06T03:53:15","date_gmt":"2025-12-06T03:53:15","guid":{"rendered":"https:\/\/www.europesays.com\/fr\/581293\/"},"modified":"2025-12-06T03:53:15","modified_gmt":"2025-12-06T03:53:15","slug":"thomas-meunier-compare-a-un-ballon-dor","status":"publish","type":"post","link":"https:\/\/www.europesays.com\/fr\/581293\/","title":{"rendered":"Thomas Meunier compar\u00e9 \u00e0 un Ballon d&rsquo;Or"},"content":{"rendered":"<p><strong>Thomas Meunier a r\u00e9cemment fait l\u2019objet d\u2019une comparaison os\u00e9e apr\u00e8s sa performance lors du choc en Ligue 1 ce vendredi.<\/strong><\/p>\n<p><strong><a href=\"https:\/\/www.les-transferts.com\/club\/lille\/actualite\/\" target=\"_blank\" rel=\"noopener\">Lille<\/a><\/strong> s\u2019est impos\u00e9 1-0 face \u00e0 l\u2019<strong><a href=\"https:\/\/www.les-transferts.com\/club\/marseille\/actualite\/\" target=\"_blank\" rel=\"noopener\">OM<\/a><\/strong> ce vendredi en ouverture de la 15e journ\u00e9e de <strong><a href=\"https:\/\/www.les-transferts.com\/competition\/france\/ligue-1\/actualite\/\" target=\"_blank\" rel=\"noopener\">Ligue 1<\/a><\/strong>. Les Dogues s\u2019en sont remis \u00e0 un splendide but d\u2019Ethan Mbapp\u00e9 et <strong>reviennent \u00e0 hauteur de leurs adversaires<\/strong> du jour au classement.<\/p>\n<\/p>\n<p>Lors de la rencontre, Lille s\u2019est montr\u00e9 efficace et a surtout affich\u00e9 un <strong>collectif homog\u00e8ne<\/strong>. Parmi les satisfactions de la soir\u00e9e lilloise, <strong><a href=\"https:\/\/www.les-transferts.com\/rumeurs-transferts\/lille-ethan-mbappe-serait-il-plus-fort-que-lon-ne-pense\/\" target=\"_blank\" rel=\"noopener\">Ethan Mbapp\u00e9<\/a><\/strong> mais aussi <strong><a href=\"https:\/\/www.les-transferts.com\/joueur\/thomas-meunier\/actualite\/\" target=\"_blank\" rel=\"noopener\">Thomas Meunier<\/a><\/strong>. Le d\u00e9fenseur belge, en pleine forme depuis un moment, comble de plus en plus les attentes de Bruno Genesio. Interrog\u00e9 sur BeIN Sports, l\u2019entra\u00eeneur lillois n\u2019a pas tari d\u2019\u00e9loges envers son joueur qu\u2019il compare \u00e0 <strong>Achraf Hakimi<\/strong>, le d\u00e9fenseur du PSG, r\u00e9cent Ballon d\u2019Or CAF 2025.<\/p>\n<p>\u00ab\u00a0Thomas Meunier ? C\u2019est un profil similaire \u00e0 Achraf Hakimi. On doit s\u2019inspirer des meilleurs, donc de ce qu\u2019ils font (du PSG), mais avec nos caract\u00e9ristiques. Il a de l\u2019exp\u00e9rience au tr\u00e8s haut niveau, je lui laisse beaucoup de libert\u00e9, car il a une certaine capacit\u00e9 \u00e0 d\u00e9zoner. Techniquement, il est tr\u00e8s \u00e0 l\u2019aise\u00a0\u00bb, a-t-il l\u00e2ch\u00e9.<\/p>\n<p>Ancien footballeur amateur. Actuellement Journaliste TV &amp; Web. Passionn\u00e9 de foot, de voyages et de lecture je suis un inconditionnel de Manchester United.<\/p>\n","protected":false},"excerpt":{"rendered":"Thomas Meunier a r\u00e9cemment fait l\u2019objet d\u2019une comparaison os\u00e9e apr\u00e8s sa performance lors du choc en Ligue 1&hellip;\n","protected":false},"author":2,"featured_media":581294,"comment_status":"","ping_status":"","sticky":false,"template":"","format":"standard","meta":{"footnotes":""},"categories":[2815],"tags":[1111,11,1777,674,1011,27,811,1307,12,25],"class_list":{"0":"post-581293","1":"post","2":"type-post","3":"status-publish","4":"format-standard","5":"has-post-thumbnail","7":"category-lille","8":"tag-actu","9":"tag-actualites","10":"tag-eu","11":"tag-europe","12":"tag-fr","13":"tag-france","14":"tag-hauts-de-france","15":"tag-lille","16":"tag-news","17":"tag-republique-francaise"},"share_on_mastodon":{"url":"https:\/\/pubeurope.com\/@fr\/115670601244829036","error":""},"_links":{"self":[{"href":"https:\/\/www.europesays.com\/fr\/wp-json\/wp\/v2\/posts\/581293","targetHints":{"allow":["GET"]}}],"collection":[{"href":"https:\/\/www.europesays.com\/fr\/wp-json\/wp\/v2\/posts"}],"about":[{"href":"https:\/\/www.europesays.com\/fr\/wp-json\/wp\/v2\/types\/post"}],"author":[{"embeddable":true,"href":"https:\/\/www.europesays.com\/fr\/wp-json\/wp\/v2\/users\/2"}],"replies":[{"embeddable":true,"href":"https:\/\/www.europesays.com\/fr\/wp-json\/wp\/v2\/comments?post=581293"}],"version-history":[{"count":0,"href":"https:\/\/www.europesays.com\/fr\/wp-json\/wp\/v2\/posts\/581293\/revisions"}],"wp:featuredmedia":[{"embeddable":true,"href":"https:\/\/www.europesays.com\/fr\/wp-json\/wp\/v2\/media\/581294"}],"wp:attachment":[{"href":"https:\/\/www.europesays.com\/fr\/wp-json\/wp\/v2\/media?parent=581293"}],"wp:term":[{"taxonomy":"category","embeddable":true,"href":"https:\/\/www.europesays.com\/fr\/wp-json\/wp\/v2\/categories?post=581293"},{"taxonomy":"post_tag","embeddable":true,"href":"https:\/\/www.europesays.com\/fr\/wp-json\/wp\/v2\/tags?post=581293"}],"curies":[{"name":"wp","href":"https:\/\/api.w.org\/{rel}","templated":true}]}}