{"id":581295,"date":"2025-12-06T03:54:15","date_gmt":"2025-12-06T03:54:15","guid":{"rendered":"https:\/\/www.europesays.com\/fr\/581295\/"},"modified":"2025-12-06T03:54:15","modified_gmt":"2025-12-06T03:54:15","slug":"la-priorite-a-la-lutte-contre-le-narcotrafic-un-contexte-inedit","status":"publish","type":"post","link":"https:\/\/www.europesays.com\/fr\/581295\/","title":{"rendered":"la priorit\u00e9 \u00e0 la lutte contre le narcotrafic, un \u00ab\u00a0contexte in\u00e9dit\u00a0\u00bb"},"content":{"rendered":"<p class=\"rev-margin-0 rev-text-xs-normal\">Le 22 novembre, plus de 6 000 personnes s\u2019\u00e9taient rassembl\u00e9es en hommage \u00e0 Mehdi Kessaci, assassin\u00e9 le 13 novembre 2025 \u00e0 Marseille.<\/p>\n<p class=\"rev-margin-0 rev-text-xs-bold\">\/ PHOTO FR\u00c9D\u00c9RIC SPEICH<\/p>\n<p>Pour 55% des Marseillais interrog\u00e9s, <a href=\"https:\/\/www.laprovence.com\/article\/region\/27406158665861\/mort-de-mehdi-kessaci-le-narcotrafic-est-un-combat-qui-doit-transcender-les-partis-politiques-dit-benoit-payan\" target=\"_blank\" rel=\"noopener\">la lutte contre le narcotrafic<\/a> jouera un r\u00f4le d\u00e9terminant dans leur vote en mars\u00a02026, \u00e0 \u00e9galit\u00e9 avec la s\u00e9curit\u00e9 des personnes et des biens. Fr\u00e9d\u00e9ric Dabi le r\u00e9sume ainsi\u00a0: \u00ab\u00a0La lutte contre le trafic de drogue \u00e9tait un enjeu qu\u2019on ne testait m\u00eame pas en\u00a02020. Aujourd\u2019hui, \u00e7a arrive en premi\u00e8re position des pr\u00e9occupations, c\u2019est in\u00e9dit.\u00a0\u00bb<\/p>\n<p>Le contexte dans lequel l\u2019enqu\u00eate Ifop-Fiducial pour La Provence et Sud Radio* a \u00e9t\u00e9 men\u00e9e a pu jouer\u00a0: les sond\u00e9s ont \u00e9t\u00e9 interrog\u00e9s du 25\u00a0novembre au 1er\u00a0d\u00e9cembre, soit quelques jours apr\u00e8s la forte \u00e9motion suscit\u00e9e <a href=\"https:\/\/www.laprovence.com\/article\/faits-divers-justice\/9994803228348\/assassinat-de-mehdi-kessaci-a-marseille-la-piste-d-un-commando-professionnel-se-precise-apres-l-autopsie\" target=\"_blank\" rel=\"noopener\">par l\u2019assassinat \u00ab\u00a0d\u2019avertissement\u00a0\u00bb<\/a> de Mehdi Kessaci, le 13\u00a0novembre, et la marche blanche organis\u00e9e en sa m\u00e9moire, le 22\u00a0novembre.<\/p>\n<p><img alt=\"Enqu\u00eate Ifop-Fiducial pour La Provence et Sud Radio, men\u00e9e aupr\u00e8s d'un \u00e9chantillon de 829 personnes inscrites sur les listes \u00e9lectorales, repr\u00e9sentatif de la population marseillaise \u00e2g\u00e9e de 18 ans et plus, selon la m\u00e9thode des quotas apr\u00e8s...\" loading=\"lazy\" decoding=\"async\" data-nimg=\"fill\" class=\" TwicCore_img__i9TC1 undefined  undefined\" style=\"position:absolute;height:100%;width:100%;left:0;top:0;right:0;bottom:0;color:transparent;background-size:cover;background-position:50% 50%;background-repeat:no-repeat;background-image:url(&quot;data:image\/svg+xml;charset=utf-8,%3Csvg xmlns='http:\/\/www.w3.org\/2000\/svg' %3E%3Cfilter id='b' color-interpolation-filters='sRGB'%3E%3CfeGaussianBlur stdDeviation='20'\/%3E%3CfeColorMatrix values='1 0 0 0 0 0 1 0 0 0 0 0 1 0 0 0 0 0 100 -1' result='s'\/%3E%3CfeFlood x='0' y='0' width='100%25' height='100%25'\/%3E%3CfeComposite operator='out' in='s'\/%3E%3CfeComposite in2='SourceGraphic'\/%3E%3CfeGaussianBlur stdDeviation='20'\/%3E%3C\/filter%3E%3Cimage width='100%25' height='100%25' x='0' y='0' preserveAspectRatio='none' style='filter: url(%23b);' href='https:\/\/pictures.laprovence.com\/cdn-cgi\/image\/blur=250\/media\/melody\/2025\/12\/05\/sondage-a-100-jours-des-municipales-a-marseille-1764961761_98aa1edb1339672ea1edb13395bea1v_.jpg'\/%3E%3C\/svg%3E&quot;)\"   src=\"https:\/\/www.europesays.com\/fr\/wp-content\/uploads\/2025\/12\/sondage-a-100-jours-des-municipales-a-marseille-1764961761_98aa1edb1339672ea1edb13395bea1v_.jpg\"\/>Enqu\u00eate Ifop-Fiducial pour La Provence et Sud Radio, men\u00e9e aupr\u00e8s d&rsquo;un \u00e9chantillon de 829 personnes inscrites sur les listes \u00e9lectorales, repr\u00e9sentatif de la population marseillaise \u00e2g\u00e9e de 18 ans et plus, selon la m\u00e9thode des quotas apr\u00e8s&#8230; \/ INFOGRAPHIE Louis Aubry<\/p>\n<p>Le directeur g\u00e9n\u00e9ral de l\u2019Ifop rappelle que dans le sondage r\u00e9alis\u00e9 par son institut mi-novembre pour La Tribune, cet \u00ab\u00a0item\u00a0\u00bb n\u2019arrivait qu\u2019en 5e place des pr\u00e9occupations des Fran\u00e7ais. M\u00eame s\u2019il tend \u00e0 relativiser un peu la sp\u00e9cificit\u00e9 marseillaise\u00a0: \u00ab\u00a0C\u2019est un mouvement g\u00e9n\u00e9ral. Aujourd\u2019hui, les gens se sont appropri\u00e9 le mot narcotrafic, un th\u00e8me qui \u00e9tait r\u00e9serv\u00e9 aux s\u00e9ries Netflix. Et quand je rencontre des maires dans le Cher, dans l\u2019Indre, dans l\u2019Aveyron, ils me parlen&#8230;<\/p>\n","protected":false},"excerpt":{"rendered":"Le 22 novembre, plus de 6 000 personnes s\u2019\u00e9taient rassembl\u00e9es en hommage \u00e0 Mehdi Kessaci, assassin\u00e9 le 13&hellip;\n","protected":false},"author":2,"featured_media":581296,"comment_status":"","ping_status":"","sticky":false,"template":"","format":"standard","meta":{"footnotes":""},"categories":[2814],"tags":[17,1111,11,8033,1444,5949,1777,674,1011,27,7998,884,3434,8721,12,56466,882,25],"class_list":{"0":"post-581295","1":"post","2":"type-post","3":"status-publish","4":"format-standard","5":"has-post-thumbnail","7":"category-marseille","8":"tag-17","9":"tag-actu","10":"tag-actualites","11":"tag-contexte","12":"tag-contre","13":"tag-elections","14":"tag-eu","15":"tag-europe","16":"tag-fr","17":"tag-france","18":"tag-lutte","19":"tag-marseille","20":"tag-municipales-2026","21":"tag-narcotrafic","22":"tag-news","23":"tag-priorite","24":"tag-provence-alpes-cote-dazur","25":"tag-republique-francaise"},"share_on_mastodon":{"url":"https:\/\/pubeurope.com\/@fr\/115670605817285904","error":""},"_links":{"self":[{"href":"https:\/\/www.europesays.com\/fr\/wp-json\/wp\/v2\/posts\/581295","targetHints":{"allow":["GET"]}}],"collection":[{"href":"https:\/\/www.europesays.com\/fr\/wp-json\/wp\/v2\/posts"}],"about":[{"href":"https:\/\/www.europesays.com\/fr\/wp-json\/wp\/v2\/types\/post"}],"author":[{"embeddable":true,"href":"https:\/\/www.europesays.com\/fr\/wp-json\/wp\/v2\/users\/2"}],"replies":[{"embeddable":true,"href":"https:\/\/www.europesays.com\/fr\/wp-json\/wp\/v2\/comments?post=581295"}],"version-history":[{"count":0,"href":"https:\/\/www.europesays.com\/fr\/wp-json\/wp\/v2\/posts\/581295\/revisions"}],"wp:featuredmedia":[{"embeddable":true,"href":"https:\/\/www.europesays.com\/fr\/wp-json\/wp\/v2\/media\/581296"}],"wp:attachment":[{"href":"https:\/\/www.europesays.com\/fr\/wp-json\/wp\/v2\/media?parent=581295"}],"wp:term":[{"taxonomy":"category","embeddable":true,"href":"https:\/\/www.europesays.com\/fr\/wp-json\/wp\/v2\/categories?post=581295"},{"taxonomy":"post_tag","embeddable":true,"href":"https:\/\/www.europesays.com\/fr\/wp-json\/wp\/v2\/tags?post=581295"}],"curies":[{"name":"wp","href":"https:\/\/api.w.org\/{rel}","templated":true}]}}