{"id":581297,"date":"2025-12-06T03:55:19","date_gmt":"2025-12-06T03:55:19","guid":{"rendered":"https:\/\/www.europesays.com\/fr\/581297\/"},"modified":"2025-12-06T03:55:19","modified_gmt":"2025-12-06T03:55:19","slug":"lille-fait-tomber-marseille-et-tient-sa-serie-lexpress","status":"publish","type":"post","link":"https:\/\/www.europesays.com\/fr\/581297\/","title":{"rendered":"Lille fait tomber Marseille et tient sa s\u00e9rie \u2013 L&rsquo;Express"},"content":{"rendered":"<p class=\"paragraph article-body-paragraph article__item   article-body-paragraph--first \">En apparence, cette victoire ne change rien au classement puisque le Losc est toujours quatri\u00e8me et l&rsquo;Olympique de Marseille un rang au-dessus, mais en r\u00e9alit\u00e9 elle permet au club nordiste, avec 29 points, soit autant que l&rsquo;OM, de combler l&rsquo;\u00e9cart qui le s\u00e9parait d&rsquo;un de ses adversaires dans la course aux tickets europ\u00e9ens.<\/p>\n<p class=\"paragraph article-body-paragraph article__item   \">Elle marque aussi la concr\u00e9tisation d&rsquo;un des v\u0153ux les plus chers \u00e0 son entra\u00eeneur Bruno Genesio: enfin encha\u00eener les victoires. En l&rsquo;occurrence quatre \u00e0 la suite apr\u00e8s celles contre le Paris FC (4-2), le Dinamo Zagreb (4-0) en Ligue Europa et au Havre (1-0) le week-end dernier.<\/p>\n<p class=\"paragraph article-body-paragraph article__item   \">A l&rsquo;inverse, il s&rsquo;agit d&rsquo;un coup d&rsquo;arr\u00eat pour le club phoc\u00e9en, d\u00e9j\u00e0 frein\u00e9 \u00e0 Toulouse (2-2) la semaine derni\u00e8re, qui donne \u00e0 Lens (1er) et Paris (2e) la possibilit\u00e9 de cr\u00e9er un \u00e9cart lors de la suite de cette quinzi\u00e8me journ\u00e9e.<\/p>\n<p> Ethan Mbapp\u00e9 d\u00e9cisif <\/p>\n<p class=\"paragraph article-body-paragraph article__item   \">Ce match, globalement terne, s&rsquo;est finalement jou\u00e9 lors de la premi\u00e8re occasion franche, quand Ethan Mbapp\u00e9, lanc\u00e9 en profondeur par Nabil Bentaleb, a profit\u00e9 d&rsquo;une sortie peu inspir\u00e9e de G\u00e9ronimo Rulli pour ouvrir le score (10e).<\/p>\n<p class=\"paragraph article-body-paragraph article__item   \">Surprise au coup d&rsquo;envoi, le petit fr\u00e8re de Kylian Mbapp\u00e9 a confirm\u00e9 sa capacit\u00e9 \u00e0 se montrer d\u00e9cisif avec peu d&rsquo;occasions. S&rsquo;il a \u00e9t\u00e9 plus discret par la suite, il a aussi montr\u00e9 une belle pointe de vitesse en d\u00e9bordant Nayef Aguerd (45e+1). Charge \u00e0 lui d\u00e9sormais de ne plus laisser les blessures entraver son ascension vers le plus haut niveau.<\/p>\n<p class=\"paragraph article-body-paragraph article__item   \">Dans la foul\u00e9e de l&rsquo;ouverture du score, les Nordistes ont domin\u00e9 les d\u00e9bats, se procurant une autre occasion par Romain Perraud apr\u00e8s un joli mouvement \u00e0 trois avec Hakon Haraldsson et Hamza Igamane (13e). Puis Marseille est mont\u00e9 en intensit\u00e9 au milieu de terrain, g\u00eanant consid\u00e9rablement la construction du jeu lillois, sans pour autant se procurer d&rsquo;occasions de but.<\/p>\n<p class=\"paragraph article-body-paragraph article__item   \">En premi\u00e8re p\u00e9riode, les joueurs de Roberto De Zerbi ont d\u00fb attendre la 45e minute pour tenter leur premi\u00e8re frappe par Emerson apr\u00e8s un d\u00e9bordement de Timothy Weah.<\/p>\n<p> Marseille inoffensif <\/p>\n<p class=\"paragraph article-body-paragraph article__item   \">Ce ne fut pas mieux avant le dernier quart d&rsquo;heure, o\u00f9 les Marseillais ont obtenu deux occasions d&rsquo;\u00e9galiser, mais Berke \u00d6zer a d&rsquo;abord r\u00e9ussi un arr\u00eat superbe pour stopper une chevauch\u00e9e fantastique de Mason Greenwood (76e), puis un autre pour d\u00e9tourner une frappe de Geoffrey Kondogbia (78e).<\/p>\n<p class=\"paragraph article-body-paragraph article__item   \">L&rsquo;OM a laiss\u00e9 passer sa chance, plomb\u00e9 par une performance d\u00e9cevante d&rsquo;Igor Paixao, et c&rsquo;est ensuite Lille qui a eu des opportunit\u00e9s pour enfoncer le clou, sans y parvenir. <\/p>\n<p class=\"paragraph article-body-paragraph article__item   \">Qu&rsquo;importe, Lille a eu ce qu&rsquo;il souhaitait. Ce match aura aussi donn\u00e9 \u00e0 voir, une vingtaine de minutes durant, ce que pourrait \u00eatre l&rsquo;attaque lilloise avec Hamza Igamane plut\u00f4t qu&rsquo;Olivier Giroud pour l&#8217;emmener: un jeu plus direct, avec davantage de ballons en profondeur &#8211; dont un qui a amen\u00e9 le but &#8211; et de situations de un contre un qui correspondent aux feux follets lillois.<\/p>\n<p class=\"paragraph article-body-paragraph article__item   \">Mais le buteur marocain s&rsquo;est bless\u00e9, semble-t-il \u00e0 un adducteur, et a d\u00fb c\u00e9der sa place (26e) au meilleur buteur de l&rsquo;histoire de l&rsquo;\u00e9quipe de France (57 buts en 137 s\u00e9lections).<\/p>\n<p class=\"paragraph article-body-paragraph article__item    article__text__endpicto\">Parmi les satisfactions lilloises du soir, la belle performance, une nouvelle fois, du jeune d\u00e9fenseur central Nathan Ngoy (22 ans), qui a retrouv\u00e9 son meilleur niveau apr\u00e8s plusieurs semaines compliqu\u00e9es, et incarne le pr\u00e9sent et le futur des Dogues, tout comme Ayyoub Bouaddi, dont la prolongation jusqu&rsquo;en 2029 a \u00e9t\u00e9 annonc\u00e9e en amont du coup d&rsquo;envoi. Signe pr\u00e9monitoire d&rsquo;une belle soir\u00e9e pour Lille.<\/p>\n","protected":false},"excerpt":{"rendered":"En apparence, cette victoire ne change rien au classement puisque le Losc est toujours quatri\u00e8me et l&rsquo;Olympique de&hellip;\n","protected":false},"author":2,"featured_media":581298,"comment_status":"","ping_status":"","sticky":false,"template":"","format":"standard","meta":{"footnotes":""},"categories":[2814],"tags":[1111,11,10944,1777,674,1011,27,884,12,882,25],"class_list":{"0":"post-581297","1":"post","2":"type-post","3":"status-publish","4":"format-standard","5":"has-post-thumbnail","7":"category-marseille","8":"tag-actu","9":"tag-actualites","10":"tag-archives","11":"tag-eu","12":"tag-europe","13":"tag-fr","14":"tag-france","15":"tag-marseille","16":"tag-news","17":"tag-provence-alpes-cote-dazur","18":"tag-republique-francaise"},"share_on_mastodon":{"url":"https:\/\/pubeurope.com\/@fr\/115670609683342982","error":""},"_links":{"self":[{"href":"https:\/\/www.europesays.com\/fr\/wp-json\/wp\/v2\/posts\/581297","targetHints":{"allow":["GET"]}}],"collection":[{"href":"https:\/\/www.europesays.com\/fr\/wp-json\/wp\/v2\/posts"}],"about":[{"href":"https:\/\/www.europesays.com\/fr\/wp-json\/wp\/v2\/types\/post"}],"author":[{"embeddable":true,"href":"https:\/\/www.europesays.com\/fr\/wp-json\/wp\/v2\/users\/2"}],"replies":[{"embeddable":true,"href":"https:\/\/www.europesays.com\/fr\/wp-json\/wp\/v2\/comments?post=581297"}],"version-history":[{"count":0,"href":"https:\/\/www.europesays.com\/fr\/wp-json\/wp\/v2\/posts\/581297\/revisions"}],"wp:featuredmedia":[{"embeddable":true,"href":"https:\/\/www.europesays.com\/fr\/wp-json\/wp\/v2\/media\/581298"}],"wp:attachment":[{"href":"https:\/\/www.europesays.com\/fr\/wp-json\/wp\/v2\/media?parent=581297"}],"wp:term":[{"taxonomy":"category","embeddable":true,"href":"https:\/\/www.europesays.com\/fr\/wp-json\/wp\/v2\/categories?post=581297"},{"taxonomy":"post_tag","embeddable":true,"href":"https:\/\/www.europesays.com\/fr\/wp-json\/wp\/v2\/tags?post=581297"}],"curies":[{"name":"wp","href":"https:\/\/api.w.org\/{rel}","templated":true}]}}