{"id":581318,"date":"2025-12-06T04:08:15","date_gmt":"2025-12-06T04:08:15","guid":{"rendered":"https:\/\/www.europesays.com\/fr\/581318\/"},"modified":"2025-12-06T04:08:15","modified_gmt":"2025-12-06T04:08:15","slug":"nigel-farage-lance-son-parti-anti-immigration-reform-uk-a-la-conquete-de-lecosse","status":"publish","type":"post","link":"https:\/\/www.europesays.com\/fr\/581318\/","title":{"rendered":"Nigel Farage lance son parti anti-immigration Reform UK \u00e0 la conqu\u00eate de l&rsquo;Ecosse"},"content":{"rendered":"<p>Le champion du Brexit, dont la formation caracole en t\u00eate des sondages au Royaume-Uni, prendra la parole \u00e0 12H00 (locales et GMT) \u00e0 Falkirk, ville situ\u00e9e entre Glasgow et Edimbourg, o\u00f9 des manifestations pro et anti-immigration se tiennent devant un h\u00f4tel h\u00e9bergeant des demandeurs d&rsquo;asile depuis plusieurs mois.<\/p>\n<p>L&rsquo;\u00e9poque o\u00f9 Nigel Farage s&rsquo;\u00e9tait fait chasser d&rsquo;un pub \u00e0 Edimbourg en 2013 par une foule lui hurlant de \u00ab\u00a0rentrer \u00e0 Londres\u00a0\u00bb alors qu&rsquo;il \u00e9tait venu faire campagne pour son parti d&rsquo;alors, UKIP, semble loin.<\/p>\n<p>Selon des sondages r\u00e9cents, Reform UK pourrait devenir la deuxi\u00e8me force politique en Ecosse lors du renouvellement du parlement local, Holyrood, en mai 2026.<\/p>\n<p>Il serait largement derri\u00e8re les ind\u00e9pendantistes du SNP (gauche), qui gouvernent la province, mais devant le Labour (centre-gauche), au pouvoir depuis l&rsquo;\u00e9t\u00e9 2024 au Royaume-Uni, qui a rapidement vu son soutien s&rsquo;effondrer.<\/p>\n<p><img alt=\"Le leader du parti Reform UK, Nigel Farage, quitte la salle apr\u00e8s avoir assist\u00e9 \u00e0 une conf\u00e9rence de presse \u00e0 Londres, le 26 novembre 2025\" loading=\"lazy\" decoding=\"async\" data-nimg=\"fill\" class=\" TwicCore_img__i9TC1 undefined  undefined\" style=\"position:absolute;height:100%;width:100%;left:0;top:0;right:0;bottom:0;color:transparent;background-size:cover;background-position:50% 50%;background-repeat:no-repeat;background-image:url(&quot;data:image\/svg+xml;charset=utf-8,%3Csvg xmlns='http:\/\/www.w3.org\/2000\/svg' %3E%3Cfilter id='b' color-interpolation-filters='sRGB'%3E%3CfeGaussianBlur stdDeviation='20'\/%3E%3CfeColorMatrix values='1 0 0 0 0 0 1 0 0 0 0 0 1 0 0 0 0 0 100 -1' result='s'\/%3E%3CfeFlood x='0' y='0' width='100%25' height='100%25'\/%3E%3CfeComposite operator='out' in='s'\/%3E%3CfeComposite in2='SourceGraphic'\/%3E%3CfeGaussianBlur stdDeviation='20'\/%3E%3C\/filter%3E%3Cimage width='100%25' height='100%25' x='0' y='0' preserveAspectRatio='none' style='filter: url(%23b);' href='https:\/\/pictures.laprovence.com\/cdn-cgi\/image\/blur=250\/media\/afp\/9050ebeca8c0072d90f1d97009fa773c1e3365cc.jpg'\/%3E%3C\/svg%3E&quot;)\"   src=\"https:\/\/www.europesays.com\/fr\/wp-content\/uploads\/2025\/12\/9050ebeca8c0072d90f1d97009fa773c1e3365cc.jpg\"\/>Le leader du parti Reform UK, Nigel Farage, quitte la salle apr\u00e8s avoir assist\u00e9 \u00e0 une conf\u00e9rence de presse \u00e0 Londres, le 26 novembre 2025 PHOTO AFP \/ CARLOS JASSO<\/p>\n<p>Personnalit\u00e9 clivante, Nigel Farage reste peu populaire en Ecosse, o\u00f9 sept personnes sur dix affirment qu&rsquo;elles ne voteraient jamais pour lui, selon des chiffres du projet universitaire Scottish Election Study.<\/p>\n<p>Mais son parti \u00ab\u00a0gagne du terrain\u00a0\u00bb, selon un sondage Ipsos publi\u00e9 fin septembre: il est port\u00e9 par le \u00ab\u00a0d\u00e9sir de changement du public \u00e9cossais, qui estime en majorit\u00e9 que l&rsquo;Ecosse a besoin d&rsquo;une nouvelle \u00e9quipe de dirigeants\u00a0\u00bb, souligne Emily Gray, directrice g\u00e9n\u00e9rale de l&rsquo;institut dans la province.<\/p>\n<p>\u00ab\u00a0Le type d&rsquo;\u00e9lecteurs que Reform attire en Ecosse est similaire \u00e0 ceux qu&rsquo;il a s\u00e9duits dans d&rsquo;autres parties du Royaume-Uni: anti-immigration, pro-Brexit et globalement sceptiques envers l&rsquo;establishment\u00a0\u00bb, ajoute aupr\u00e8s de l&rsquo;AFP Fraser McMillan, ma\u00eetre de conf\u00e9rence \u00e0 l&rsquo;universit\u00e9 d&rsquo;Edimbourg.<\/p>\n<p>La formation passerait de 7% des voix lors des l\u00e9gislatives de 2024 \u00e0 un r\u00e9sultat qui pourrait d\u00e9passer 20% lors de ce scrutin &#8211; qui compte une plus grande dose de proportionnelle.<\/p>\n<p>Reform UK a r\u00e9ussi \u00e0 \u00e9viter le d\u00e9bat clivant sur l&rsquo;ind\u00e9pendance de l&rsquo;Ecosse &#8211; \u00e0 laquelle il est oppos\u00e9 -, et met plut\u00f4t en avant les th\u00e8mes du co\u00fbt de la vie et la lutte contre l&rsquo;immigration. <\/p>\n<p>Ce dernier sujet, qui n&rsquo;\u00e9tait pas per\u00e7u comme un \u00ab\u00a0probl\u00e8me clef\u00a0\u00bb, l&rsquo;est devenu aux yeux des \u00e9lecteurs \u00e9cossais en 2024, et constitue d\u00e9sormais le deuxi\u00e8me sujet de pr\u00e9occupation derri\u00e8re l&rsquo;\u00e9conomie, selon YouGov.<\/p>\n<p><img alt=\"Le leader du parti Reform UK, Nigel Farage, participe \u00e0 une conf\u00e9rence de presse de sa formation \u00e0 Londres, le 18 novembre 2025\" loading=\"lazy\" decoding=\"async\" data-nimg=\"fill\" class=\" TwicCore_img__i9TC1 undefined  undefined\" style=\"position:absolute;height:100%;width:100%;left:0;top:0;right:0;bottom:0;color:transparent;background-size:cover;background-position:50% 50%;background-repeat:no-repeat;background-image:url(&quot;data:image\/svg+xml;charset=utf-8,%3Csvg xmlns='http:\/\/www.w3.org\/2000\/svg' %3E%3Cfilter id='b' color-interpolation-filters='sRGB'%3E%3CfeGaussianBlur stdDeviation='20'\/%3E%3CfeColorMatrix values='1 0 0 0 0 0 1 0 0 0 0 0 1 0 0 0 0 0 100 -1' result='s'\/%3E%3CfeFlood x='0' y='0' width='100%25' height='100%25'\/%3E%3CfeComposite operator='out' in='s'\/%3E%3CfeComposite in2='SourceGraphic'\/%3E%3CfeGaussianBlur stdDeviation='20'\/%3E%3C\/filter%3E%3Cimage width='100%25' height='100%25' x='0' y='0' preserveAspectRatio='none' style='filter: url(%23b);' href='https:\/\/pictures.laprovence.com\/cdn-cgi\/image\/blur=250\/media\/afp\/fa897d67d01c4006b35b7a70d3e55c14c6988148.jpg'\/%3E%3C\/svg%3E&quot;)\"   src=\"https:\/\/www.europesays.com\/fr\/wp-content\/uploads\/2025\/12\/fa897d67d01c4006b35b7a70d3e55c14c6988148.jpg\"\/>Le leader du parti Reform UK, Nigel Farage, participe \u00e0 une conf\u00e9rence de presse de sa formation \u00e0 Londres, le 18 novembre 2025 PHOTO AFP \/ Justin TALLIS<\/p>\n<p>\u00ab\u00a0Je ne me sens pas en s\u00e9curit\u00e9 (&#8230;) les choses ont beaucoup chang\u00e9 ces derni\u00e8res ann\u00e9es\u00a0\u00bb, a d\u00e9clar\u00e9 \u00e0 l&rsquo;AFP Karen, une retrait\u00e9e de Falkirk, rencontr\u00e9e pr\u00e8s de l&rsquo;h\u00f4tel accueillant des demandeurs d&rsquo;asile.<\/p>\n<p>Les grands perdants de la perc\u00e9e de Reform sont les conservateurs, balay\u00e9s lors des l\u00e9gislatives de 2024 et concurrenc\u00e9s par la formation de Nigel Farage sur tout le territoire.<\/p>\n<p>Selon Fraser McMillan, \u00ab\u00a0plus de la moiti\u00e9 des soutiens de Reform\u00a0\u00bb votaient jusque-l\u00e0 pour les Tories, qui ont \u00ab\u00a0cess\u00e9 d&rsquo;\u00eatre une option cr\u00e9dible\u00a0\u00bb apr\u00e8s 14 ans au pouvoir au Royaume-Uni.<\/p>\n<p>La formation de Nigel Farage, qui vise la victoire lors des prochaines l\u00e9gislatives britanniques de 2029, parvient de son c\u00f4t\u00e9 \u00e0 incarner \u00ab\u00a0un vote de contestation contre les partis traditionnels\u00a0\u00bb, tout en s\u00e9duisant des \u00e9lecteurs \u00ab\u00a0socialement conservateurs sur l&rsquo;immigration\u00a0\u00bb, dit-il.<\/p>\n<p>Elle a re\u00e7u jeudi la plus importante donation politique faite par un Britannique de son vivant, encaissant neuf millions de livres (dix millions d&rsquo;euros) de l&rsquo;investisseur en cryptomonnaies Christopher Harborne.<\/p>\n<p>Les propos pol\u00e9miques de M. Farage, qui a d\u00e9nonc\u00e9 mardi la \u00ab\u00a0destruction culturelle\u00a0\u00bb \u00e0 l&rsquo;\u0153uvre \u00e0 Glasgow, o\u00f9 un \u00e9l\u00e8ve sur trois \u00ab\u00a0ne parle pas l&rsquo;anglais comme langue maternelle\u00a0\u00bb, continuent toutefois de rebuter.<\/p>\n<p>Pour le politologue John Curtice, il y a une \u00ab\u00a0limite\u00a0\u00bb \u00e0 la progression de Reform en Ecosse, notamment car ce territoire avait massivement vot\u00e9 contre le Brexit, cheval de bataille de Farage, en 2016.<\/p>\n<p>Tr\u00e8s largement incarn\u00e9 par son chef, Reform devra aussi nommer un dirigeant capable d&rsquo;imprimer localement.<\/p>\n","protected":false},"excerpt":{"rendered":"Le champion du Brexit, dont la formation caracole en t\u00eate des sondages au Royaume-Uni, prendra la parole \u00e0&hellip;\n","protected":false},"author":2,"featured_media":581319,"comment_status":"","ping_status":"","sticky":false,"template":"","format":"standard","meta":{"footnotes":""},"categories":[1588],"tags":[17,11,69499,1777,674,18086,329,9447,12,51589,13695,69500,473,1853,3711,1851,1850,1852],"class_list":{"0":"post-581318","1":"post","2":"type-post","3":"status-publish","4":"format-standard","5":"has-post-thumbnail","7":"category-royaume-uni","8":"tag-17","9":"tag-actualites","10":"tag-anti-immigration","11":"tag-eu","12":"tag-europe","13":"tag-farage","14":"tag-france-monde","15":"tag-lance","16":"tag-news","17":"tag-nigel","18":"tag-parti","19":"tag-reform","20":"tag-royaume-uni","21":"tag-royaume-uni-de-grande-bretagne-et-dirlande-du-nord","22":"tag-son","23":"tag-uk","24":"tag-united-kingdom","25":"tag-united-kingdom-of-great-britain-and-northern-ireland"},"share_on_mastodon":{"url":"https:\/\/pubeurope.com\/@fr\/115670660876746797","error":""},"_links":{"self":[{"href":"https:\/\/www.europesays.com\/fr\/wp-json\/wp\/v2\/posts\/581318","targetHints":{"allow":["GET"]}}],"collection":[{"href":"https:\/\/www.europesays.com\/fr\/wp-json\/wp\/v2\/posts"}],"about":[{"href":"https:\/\/www.europesays.com\/fr\/wp-json\/wp\/v2\/types\/post"}],"author":[{"embeddable":true,"href":"https:\/\/www.europesays.com\/fr\/wp-json\/wp\/v2\/users\/2"}],"replies":[{"embeddable":true,"href":"https:\/\/www.europesays.com\/fr\/wp-json\/wp\/v2\/comments?post=581318"}],"version-history":[{"count":0,"href":"https:\/\/www.europesays.com\/fr\/wp-json\/wp\/v2\/posts\/581318\/revisions"}],"wp:featuredmedia":[{"embeddable":true,"href":"https:\/\/www.europesays.com\/fr\/wp-json\/wp\/v2\/media\/581319"}],"wp:attachment":[{"href":"https:\/\/www.europesays.com\/fr\/wp-json\/wp\/v2\/media?parent=581318"}],"wp:term":[{"taxonomy":"category","embeddable":true,"href":"https:\/\/www.europesays.com\/fr\/wp-json\/wp\/v2\/categories?post=581318"},{"taxonomy":"post_tag","embeddable":true,"href":"https:\/\/www.europesays.com\/fr\/wp-json\/wp\/v2\/tags?post=581318"}],"curies":[{"name":"wp","href":"https:\/\/api.w.org\/{rel}","templated":true}]}}