{"id":581320,"date":"2025-12-06T04:09:23","date_gmt":"2025-12-06T04:09:23","guid":{"rendered":"https:\/\/www.europesays.com\/fr\/581320\/"},"modified":"2025-12-06T04:09:23","modified_gmt":"2025-12-06T04:09:23","slug":"allemagne-des-milliers-detudiants-manifestent-contre-la-nouvelle-loi-sur-le-service-militaire","status":"publish","type":"post","link":"https:\/\/www.europesays.com\/fr\/581320\/","title":{"rendered":"Allemagne : des milliers d&rsquo;\u00e9tudiants manifestent contre la nouvelle loi sur le service militaire"},"content":{"rendered":"<p textalign=\"\" class=\"\">Vendredi, des milliers d&rsquo;\u00e9tudiants ont d\u00e9bray\u00e9 dans toute l&rsquo;Allemagne pour protester contre une nouvelle loi imposant des examens m\u00e9dicaux et des questionnaires obligatoires aux hommes de 18 ans. Cette loi intervient dans le cadre d\u2019un projet de nouveau service militaire bas\u00e9 sur le volontariat.<\/p>\n<p textalign=\"left\" class=\"\">L&rsquo;initiative \u00ab\u00a0Gr\u00e8ve scolaire contre le service militaire\u00a0\u00bb a organis\u00e9 des manifestations dans plus de 90 villes, dont Hambourg, Bochum, Bielefeld, M\u00fcnster, Cologne, D\u00fcsseldorf et Stuttgart.<\/p>\n<p textalign=\"left\" class=\"\">\u00c0 Berlin, plus de 3 000 \u00e9tudiants se sont rassembl\u00e9s pr\u00e8s de la station de m\u00e9tro Hallesches Tor avant de marcher jusqu&rsquo;\u00e0 Oranienplatz, brandissant des banderoles avec des slogans tels que \u00ab\u00a0Non au service militaire obligatoire\u00a0\u00bb, \u00ab\u00a0\u00c9tudiants contre les guerres et le r\u00e9armement\u00a0\u00bb, \u00ab\u00a0Notre avenir nous appartient\u00a0\u00bb et \u00ab\u00a0Nous d\u00e9cidons nous-m\u00eames\u00a0\u00bb.<\/p>\n<p textalign=\"left\" class=\"\">Un groupe plus restreint de manifestants a \u00e9galement protest\u00e9 devant le Parlement pendant que les parlementaires d\u00e9battaient du projet de loi \u00e0 l&rsquo;int\u00e9rieur.<\/p>\n<p textalign=\"left\" class=\"\">Le Bundestag a adopt\u00e9 le projet de loi de service militaire par 323 voix contre 272, avec une abstention. Il est d\u00e9sormais soumis au Bundesrat, la chambre haute du Parlement allemand, pour approbation dans le courant du mois. S&rsquo;il est adopt\u00e9, il entrera en vigueur le 1er janvier 2026.<\/p>\n","protected":false},"excerpt":{"rendered":"Vendredi, des milliers d&rsquo;\u00e9tudiants ont d\u00e9bray\u00e9 dans toute l&rsquo;Allemagne pour protester contre une nouvelle loi imposant des examens&hellip;\n","protected":false},"author":2,"featured_media":581321,"comment_status":"","ping_status":"","sticky":false,"template":"","format":"standard","meta":{"footnotes":""},"categories":[1587],"tags":[11,672,1804,1805,1803,1777,674,1801,12,1802],"class_list":{"0":"post-581320","1":"post","2":"type-post","3":"status-publish","4":"format-standard","5":"has-post-thumbnail","7":"category-allemagne","8":"tag-actualites","9":"tag-allemagne","10":"tag-bundesrepublik-deutschland","11":"tag-de","12":"tag-deutschland","13":"tag-eu","14":"tag-europe","15":"tag-germany","16":"tag-news","17":"tag-republique-federale-dallemagne"},"share_on_mastodon":{"url":"https:\/\/pubeurope.com\/@fr\/115670664095717302","error":""},"_links":{"self":[{"href":"https:\/\/www.europesays.com\/fr\/wp-json\/wp\/v2\/posts\/581320","targetHints":{"allow":["GET"]}}],"collection":[{"href":"https:\/\/www.europesays.com\/fr\/wp-json\/wp\/v2\/posts"}],"about":[{"href":"https:\/\/www.europesays.com\/fr\/wp-json\/wp\/v2\/types\/post"}],"author":[{"embeddable":true,"href":"https:\/\/www.europesays.com\/fr\/wp-json\/wp\/v2\/users\/2"}],"replies":[{"embeddable":true,"href":"https:\/\/www.europesays.com\/fr\/wp-json\/wp\/v2\/comments?post=581320"}],"version-history":[{"count":0,"href":"https:\/\/www.europesays.com\/fr\/wp-json\/wp\/v2\/posts\/581320\/revisions"}],"wp:featuredmedia":[{"embeddable":true,"href":"https:\/\/www.europesays.com\/fr\/wp-json\/wp\/v2\/media\/581321"}],"wp:attachment":[{"href":"https:\/\/www.europesays.com\/fr\/wp-json\/wp\/v2\/media?parent=581320"}],"wp:term":[{"taxonomy":"category","embeddable":true,"href":"https:\/\/www.europesays.com\/fr\/wp-json\/wp\/v2\/categories?post=581320"},{"taxonomy":"post_tag","embeddable":true,"href":"https:\/\/www.europesays.com\/fr\/wp-json\/wp\/v2\/tags?post=581320"}],"curies":[{"name":"wp","href":"https:\/\/api.w.org\/{rel}","templated":true}]}}