{"id":581324,"date":"2025-12-06T04:11:18","date_gmt":"2025-12-06T04:11:18","guid":{"rendered":"https:\/\/www.europesays.com\/fr\/581324\/"},"modified":"2025-12-06T04:11:18","modified_gmt":"2025-12-06T04:11:18","slug":"pourquoi-lue-a-t-elle-inflige-une-amende-de-120-millions-deuros-a-x","status":"publish","type":"post","link":"https:\/\/www.europesays.com\/fr\/581324\/","title":{"rendered":"Pourquoi l\u2019UE a-t-elle inflig\u00e9 une amende de 120\u00a0millions d\u2019euros \u00e0 X\u00a0?"},"content":{"rendered":"<p>      <img fetchpriority=\"high\" decoding=\"async\" class=\"mx-auto\" src=\"data:image\/svg+xml,%3Csvg%20xmlns%3D%27http%3A%2F%2Fwww.w3.org%2F2000%2Fsvg%27%20fill%3D%22%23e4e4e4%22%20viewBox%3D%270%200%20510%20340%27%20width%3D%22510%22%20height%3D%22340%22%3E%3Cpath%20d%3D%27M0%200h510v340H0z%27%2F%3E%3C%2Fsvg%3E\"  loading=\"eager\" width=\"510\" height=\"340\" data-oncrawl-image-size=\"510x340\" alt=\"Le compte X d\u2019Elon Musk devant un drapeau europ\u00e9en, le 7\u00a0janvier 2025. \"\/>      <\/p>\n<p class=\"latino-100m text-grey-600\">\n            Le compte X d\u2019Elon Musk devant un drapeau europ\u00e9en, le 7\u00a0janvier 2025. \u00a0NICOLAS TUCAT \/ AFP        <\/p>\n<p>        Lire\u00a0plus\u00a0tard      <\/p>\n<p><a aria-label=\"Nous suivre sur Google News\" href=\"https:\/\/news.google.com\/publications\/CAAqBwgKMJe4nQkw3dFs?hl=fr&amp;gl=FR&amp;ceid=FR%3Afr\" target=\"_blank\" data-piano=\"Page_Article,Sous_date_publi,Nous_suivre_sur_google_news,1er_clic,action\" class=\"btn btn--small btn--tertiary btn--icon-only\" rel=\"noopener\"><\/p>\n<p>      Google Actualit\u00e9s<br \/>\n  <\/a><\/p>\n<p>  Partager<\/p>\n<p>        Facebook<\/p>\n<p>        Bluesky<\/p>\n<p>        E-mail<\/p>\n<p>        Copier le lien<\/p>\n<p>      Envoyer<\/p>\n<p>        S\u2019abonner      <\/p>\n<p class=\"node__paragraphe antonia-750r text-grey-800 pb-24 pb-md-32\">\nL\u2019UE a inflig\u00e9 ce vendredi 5\u00a0d\u00e9cembre une amende de 120\u00a0millions d\u2019euros \u00e0 X, le r\u00e9seau social d\u2019Elon Musk, au risque d\u2019une nouvelle confrontation avec le pr\u00e9sident am\u00e9ricain Donald Trump.<\/p>\n<p class=\"latino-500b text-grey-600 pb-16\">A lire aussi<\/p>\n<p><a href=\"https:\/\/www.nouvelobs.com\/economie\/20251202.OBS110280\/un-tiers-des-publications-sur-tiktok-et-x-sont-fausses-ou-toxiques-les-algorithmes-amplifient-les-contenus-trompeurs.html\" data-article-key=\"20251202.OBS110280\" class=\"link--box flex-grow-1\" data-piano=\"Page_Article,Lire_aussi,,Lien1,navigation\" target=\"_blank\" rel=\"noopener\"><\/p>\n<p>                <img decoding=\"async\" src=\"data:image\/svg+xml,%3Csvg%20xmlns%3D%27http%3A%2F%2Fwww.w3.org%2F2000%2Fsvg%27%20fill%3D%22%23e4e4e4%22%20viewBox%3D%270%200%20120%2080%27%20width%3D%22120%22%20height%3D%2280%22%3E%3Cpath%20d%3D%27M0%200h120v80H0z%27%2F%3E%3C%2Fsvg%3E\"  width=\"120\" height=\"80\" loading=\"lazy\" alt=\"Le Digital Services Act (DSA) de l\u2019Union europ\u00e9enne s\u2019accompagne d\u2019un \u00ab\u00a0code de conduite\u00a0\u00bb sur la d\u00e9sinformation qui touche les grandes plateformes.\"\/><\/p>\n<p class=\"latino-300r latino-lg-600m text-grey-800\">\n                      <strong class=\"latino-300b latino-lg-600m text-grey-500\">D\u00e9cryptage\u00a0<\/strong><br \/>\n                    Un tiers des publications sur TikTok et X sont fausses ou toxiques\u00a0: \u00ab\u00a0Les algorithmes amplifient les contenus trompeurs\u00a0\u00bb        <\/p>\n<p><\/a><\/p>\n<p class=\"node__paragraphe antonia-750r text-grey-800 pb-24 pb-md-32\">\nL\u2019amende contre X \u00ab\u00a0n\u2019a rien \u00e0 voir avec de la censure\u00a0\u00bb, a expliqu\u00e9 la vice-pr\u00e9sidente de la Commission europ\u00e9enne charg\u00e9e du num\u00e9rique, Henna Virkkunen, interrog\u00e9e par des journalistes. \u00ab\u00a0Nous ne sommes pas l\u00e0 pour imposer les amendes les plus \u00e9lev\u00e9es, mais pour nous assurer que nos lois sur le num\u00e9rique soient respect\u00e9es\u00a0\u00bb.<\/p>\n<p>\u2022 Une premi\u00e8re amende impos\u00e9e dans le cadre du DSA<\/p>\n<p class=\"node__paragraphe antonia-750r text-grey-800 pb-24 pb-md-32\">\nL\u2019amende annonc\u00e9e par Bruxelles est la premi\u00e8re impos\u00e9e \u00e0 une plateforme dans le cadre du <a href=\"https:\/\/www.nouvelobs.com\/monde\/20230825.OBS77308\/qu-est-ce-que-le-dsa-la-super-arme-degainee-par-bruxelles-pour-reguler-internet.html\" target=\"_blank\" rel=\"noopener\">r\u00e8glement sur les services num\u00e9riques<\/a>, ou DSA. Cette loi phare est entr\u00e9e en vigueur il y a deux ans pour lutter contre <a href=\"https:\/\/www.nouvelobs.com\/ecologie\/20230201.OBS69051\/retour-en-force-des-theories-du-complot-sur-le-changement-climatique-en-2022-elon-musk-pointe-du-doigt.html\" target=\"_blank\" rel=\"noopener\">les contenus ill\u00e9gaux et dangereux<\/a> en ligne, et impose des obligations renforc\u00e9es aux plus grandes plateformes actives dans l\u2019UE.<\/p>\n<p class=\"node__paragraphe antonia-750r text-grey-800 pb-24 pb-md-32\">\nCette sanction ne porte que sur les seules infractions notifi\u00e9es en juillet\u00a02024 \u00e0 X, lorsque l\u2019UE avait accus\u00e9 simultan\u00e9ment la plateforme de tromperie des utilisateurs avec <a href=\"https:\/\/www.nouvelobs.com\/high-tech\/20230424.OBS72562\/badges-de-certification-sur-twitter-le-grand-bazar.html\" target=\"_blank\" rel=\"noopener\">les coches bleues<\/a> cens\u00e9es certifier les sources d\u2019information, de transparence insuffisante autour des publicit\u00e9s, et de non-respect de l\u2019obligation d\u2019acc\u00e8s aux donn\u00e9es internes par des chercheurs agr\u00e9\u00e9s.<\/p>\n<p class=\"latino-500b text-grey-600 pb-16\">A lire aussi<\/p>\n<p><a href=\"https:\/\/www.nouvelobs.com\/economie\/20230825.OBS77340\/si-l-europe-est-efficace-dans-sa-regulation-d-internet-alors-les-etats-unis-suivront.html\" data-article-key=\"20230825.OBS77340\" class=\"link--box flex-grow-1\" data-piano=\"Page_Article,Lire_aussi,,Lien2,navigation\" target=\"_blank\" rel=\"noopener\"><\/p>\n<p>                <img decoding=\"async\" src=\"data:image\/svg+xml,%3Csvg%20xmlns%3D%27http%3A%2F%2Fwww.w3.org%2F2000%2Fsvg%27%20fill%3D%22%23e4e4e4%22%20viewBox%3D%270%200%20120%2080%27%20width%3D%22120%22%20height%3D%2280%22%3E%3Cpath%20d%3D%27M0%200h120v80H0z%27%2F%3E%3C%2Fsvg%3E\"  width=\"120\" height=\"80\" loading=\"lazy\" alt=\"Laetitia Avia, en mai 2022 \u00e0 Paris\"\/><\/p>\n<p class=\"latino-300r latino-lg-600m text-grey-800\">\n                      <strong class=\"latino-300b latino-lg-600m text-grey-500\">Entretien\u00a0<\/strong><br \/>\n                    \u00ab\u00a0Si l\u2019Europe est efficace dans sa r\u00e9gulation d\u2019internet, alors les Etats-Unis suivront\u00a0\u00bb        <\/p>\n<p><\/a><\/p>\n<p class=\"node__paragraphe antonia-750r text-grey-800 pb-24 pb-md-32\">\nLes coches bleues \u00e9taient \u00e0 l\u2019origine attribu\u00e9es par l\u2019ex-Twitter \u00e0 des utilisateurs au terme d\u2019un processus de v\u00e9rification de leur identit\u00e9, afin d\u2019aider \u00e0 d\u00e9jouer les impostures. Mais apr\u00e8s <a href=\"https:\/\/www.nouvelobs.com\/economie\/20230724.OBS76131\/elon-musk-rebaptise-twitter-x-d-ou-vient-cette-passion-pour-le-x.html\" target=\"_blank\" rel=\"noopener\">avoir rachet\u00e9 le r\u00e9seau social<\/a>, Elon Musk a r\u00e9serv\u00e9 ces badges aux abonn\u00e9s payants, au risque selon Bruxelles d\u2019induire en erreur les utilisateurs.<\/p>\n<p class=\"node__paragraphe antonia-750r text-grey-800 pb-24 pb-md-32\">\nL\u2019UE a \u00e9largi entre-temps son enqu\u00eate sur X \u00e0 des soup\u00e7ons de non-respect de ses obligations en mati\u00e8re <a href=\"https:\/\/www.nouvelobs.com\/ecologie\/20230922.OBS78495\/twitter-rebaptise-x-classe-pire-reseau-social-sur-la-desinformation-sur-le-climat.html\" target=\"_blank\" rel=\"noopener\">de contenus ill\u00e9gaux et de d\u00e9sinformation<\/a>. Des sujets sur lesquels elle continue d\u2019enqu\u00eater.<\/p>\n<p>\u2022 Les investigations se poursuivent<\/p>\n<p class=\"node__paragraphe antonia-750r text-grey-800 pb-24 pb-md-32\">\nCe dossier a pris une connotation tr\u00e8s politique en raison de <a href=\"https:\/\/www.nouvelobs.com\/idees\/20250606.OBS104679\/ce-graphique-va-vous-aider-a-comprendre-l-embrouille-entre-trump-et-musk-si-si.html\" target=\"_blank\" rel=\"noopener\">la forte proximit\u00e9<\/a> entre Elon Musk et le pr\u00e9sident am\u00e9ricain Donald Trump, jusqu\u2019\u00e0 <a href=\"https:\/\/www.nouvelobs.com\/monde\/20250605.OBS104650\/de-la-critique-du-doge-au-divorce-en-direct-comment-la-relation-entre-trump-et-musk-a-tourne-au-vinaigre.html\" target=\"_blank\" rel=\"noopener\">leur rupture fracassante<\/a> en juin. Ces derni\u00e8res semaines, les relations entre les deux milliardaires se sont quelque peu r\u00e9chauff\u00e9es, sans \u00eatre revenues au beau fixe.<\/p>\n<p class=\"node__paragraphe antonia-750r text-grey-800 pb-24 pb-md-32\">\nMais quoi qu\u2019il en soit, Washington n\u2019a cess\u00e9 cette ann\u00e9e de critiquer les lois europ\u00e9ennes <a href=\"https:\/\/www.nouvelobs.com\/monde\/20250826.OBS107043\/apres-les-menaces-de-trump-l-ue-rappelle-avoir-le-droit-souverain-de-reglementer-la-tech.html\" target=\"_blank\" rel=\"noopener\">contre les abus des g\u00e9ants de la tech<\/a>, les accusant de cibler les champions am\u00e9ricains. Fin novembre, des responsables am\u00e9ricains en visite \u00e0 Bruxelles ont appel\u00e9 l\u2019Europe \u00e0 assouplir ces lois, en \u00e9change d\u2019<a href=\"https:\/\/www.nouvelobs.com\/economie\/20250604.OBS104593\/trump-passe-a-50-les-droits-de-douane-sur-l-acier-et-l-aluminium-qu-attendre-des-negociations-a-paris.html\" target=\"_blank\" rel=\"noopener\">une baisse des droits de douane am\u00e9ricains<\/a> sur l\u2019acier europ\u00e9en. Une forme de marchandage aussit\u00f4t rejet\u00e9e par les responsables europ\u00e9ens.<\/p>\n<p class=\"latino-500b text-grey-600 pb-16\">A lire aussi<\/p>\n<p><a href=\"https:\/\/www.nouvelobs.com\/histoire\/20250820.OBS106883\/quand-les-geants-de-la-tech-sont-devenus-les-nouveaux-rois-du-monde.html\" data-article-key=\"20250820.OBS106883\" class=\"link--box flex-grow-1\" data-piano=\"Page_Article,Lire_aussi,,Lien3,navigation\" target=\"_blank\" rel=\"noopener\"><\/p>\n<p>                <img decoding=\"async\" src=\"data:image\/svg+xml,%3Csvg%20xmlns%3D%27http%3A%2F%2Fwww.w3.org%2F2000%2Fsvg%27%20fill%3D%22%23e4e4e4%22%20viewBox%3D%270%200%20120%2080%27%20width%3D%22120%22%20height%3D%2280%22%3E%3Cpath%20d%3D%27M0%200h120v80H0z%27%2F%3E%3C%2Fsvg%3E\"  width=\"120\" height=\"79\" loading=\"lazy\" alt=\"Remettre en cause les d\u00e9rives des Gafam para\u00eet compliqu\u00e9, d\u2019autant que leurs patrons se sont  tous rapproch\u00e9 de Trump.\"\/><\/p>\n<p class=\"latino-300r latino-lg-600m text-grey-800\">\n                      <strong class=\"latino-300b latino-lg-600m text-grey-500\">Analyse\u00a0<\/strong><br \/>\n                    Quand les g\u00e9ants de la tech sont devenus les nouveaux rois du monde        <\/p>\n<p><\/a><\/p>\n<p class=\"node__paragraphe antonia-750r text-grey-800 pb-24 pb-md-32\">\nLa Commission a d\u00e9fendu le montant de la sanction contre X, alors qu\u2019elle pouvait th\u00e9oriquement, pour chaque infraction constat\u00e9e, frapper le fournisseur de la plateforme \u00e0 hauteur de 6\u00a0% de son chiffre d\u2019affaires mondial annuel. \u00ab\u00a0Nous avons estim\u00e9 que c\u2019\u00e9tait proportionn\u00e9\u00a0\u00bb, et \u00ab\u00a0cela prend en compte la nature, la gravit\u00e9 et la dur\u00e9e\u00a0\u00bb des infractions commises, a expliqu\u00e9 Henna Virkkunen. Mais elle a rappel\u00e9 que les investigations concernant la d\u00e9sinformation et les contenus ill\u00e9gaux sur X se poursuivaient et a dit s\u2019attendre \u00e0 ce qu\u2019elles soient boucl\u00e9es \u00ab\u00a0plus vite\u00a0\u00bb que cette premi\u00e8re sanction.<\/p>\n<p class=\"node__paragraphe antonia-750r text-grey-800 pb-24 pb-md-32\">\nParall\u00e8lement, Bruxelles a annonc\u00e9 avoir accept\u00e9 des engagements de <a href=\"https:\/\/www.nouvelobs.com\/economie\/20251104.OBS109438\/contenus-nefastes-promotion-du-suicide-pourquoi-le-parquet-de-paris-ouvre-une-enquete-sur-l-algorithme-de-tiktok.html\" target=\"_blank\" rel=\"noopener\">la plateforme d\u2019origine chinoise TikTok<\/a> qui r\u00e9pondaient \u00e0 des griefs qu\u2019elle lui avait adress\u00e9s, concernant ses obligations de transparence en mati\u00e8re de publicit\u00e9.<\/p>\n<p>\u2022 La France salue une d\u00e9cision \u00ab\u00a0historique\u00a0\u00bb<\/p>\n<p class=\"node__paragraphe antonia-750r text-grey-800 pb-24 pb-md-32\">\n\u00ab\u00a0Cette d\u00e9cision est historique\u00a0\u00bb, a salu\u00e9 la ministre fran\u00e7aise du Num\u00e9rique Anne Le H\u00e9nanff. \u00ab\u00a0En sanctionnant X, l\u2019Europe prouve qu\u2019elle peut passer de la parole aux actes\u00a0\u00bb. \u00ab\u00a0Avec cette premi\u00e8re sanction, la Commission europ\u00e9enne adresse un signal d\u00e9termin\u00e9 \u00e0 X, comme \u00e0 l\u2019ensemble des plateformes susceptibles d\u2019enfreindre le r\u00e8glement sur les services num\u00e9riques\u00a0\u00bb, a abond\u00e9 Martin Ajdari, pr\u00e9sident du r\u00e9gulateur fran\u00e7ais, l\u2019Arcom.<\/p>\n<p class=\"latino-500b text-grey-600 pb-16\">A lire aussi<\/p>\n<p><a href=\"https:\/\/www.nouvelobs.com\/bibliobs\/20230820.OBS77112\/daniel-cohen-l-homme-numerique-est-a-la-fois-liberal-et-antisysteme.html\" data-article-key=\"20230820.OBS77112\" class=\"link--box flex-grow-1\" data-piano=\"Page_Article,Lire_aussi,,Lien4,navigation\" target=\"_blank\" rel=\"noopener\"><\/p>\n<p>                <img decoding=\"async\" src=\"data:image\/svg+xml,%3Csvg%20xmlns%3D%27http%3A%2F%2Fwww.w3.org%2F2000%2Fsvg%27%20fill%3D%22%23e4e4e4%22%20viewBox%3D%270%200%20120%2080%27%20width%3D%22120%22%20height%3D%2280%22%3E%3Cpath%20d%3D%27M0%200h120v80H0z%27%2F%3E%3C%2Fsvg%3E\"  width=\"120\" height=\"79\" loading=\"lazy\" alt=\"Daniel Cohen, \u00e0 Paris, le  2 septembre 2019.\"\/><\/p>\n<p class=\"latino-300r latino-lg-600m text-grey-800\">\n                      <strong class=\"latino-300b latino-lg-600m text-grey-500\">Entretien\u00a0<\/strong><br \/>\n                    Daniel Cohen\u00a0: \u00ab\u00a0L\u2019homme num\u00e9rique est \u00e0 la fois lib\u00e9ral et antisyst\u00e8me\u00a0\u00bb        <\/p>\n<p><\/a><\/p>\n<p class=\"node__paragraphe antonia-750r text-grey-800 pb-24 pb-md-32\">\nL\u2019ONG de lutte contre les propos haineux en ligne CCDH, qui avait \u00e9t\u00e9 poursuivie en justice par Elon Musk pour ses enqu\u00eates sur X, a quant \u00e0 elle estim\u00e9 que cette d\u00e9cision \u00ab\u00a0montrait aux plateformes qu\u2019aucune n\u2019est au-dessus des lois\u00a0\u00bb. \u00ab\u00a0Le DSA permet un contr\u00f4le modeste mais essentiel face au pouvoir \u00e9crasant des plus grandes entreprises technologiques\u00a0\u00bb, a estim\u00e9 \u00e9galement Marietje Schaake, experte du secteur \u00e0 l\u2019universit\u00e9 de Stanford et ancienne eurod\u00e9put\u00e9e.<\/p>\n<p>\u2022 Une \u00ab\u00a0attaque contre le peuple am\u00e9ricain\u00a0\u00bb selon Rubio<\/p>\n<p class=\"node__paragraphe antonia-750r text-grey-800 pb-24 pb-md-32\">\nAvant m\u00eame l\u2019officialisation de cette d\u00e9cision, le vice-pr\u00e9sident am\u00e9ricain JD Vance avait d\u00e9nonc\u00e9 la d\u00e9marche europ\u00e9enne. \u00ab\u00a0L\u2019UE devrait d\u00e9fendre la libert\u00e9 d\u2019expression au lieu de s\u2019en prendre \u00e0 des entreprises am\u00e9ricaines pour des foutaises\u00a0\u00bb, a-t-il lanc\u00e9, s\u2019attirant un message de remerciement d\u2019Elon Musk.<\/p>\n<p class=\"node__paragraphe antonia-750r text-grey-800 pb-24 pb-md-32\">\nLe chef de la diplomatie am\u00e9ricaine Marco Rubio a ensuite estim\u00e9 que l\u2019amende inflig\u00e9e par l\u2019Union europ\u00e9enne \u00e0 X, le r\u00e9seau social d\u2019Elon Musk, constituait une \u00ab\u00a0attaque contre le peuple am\u00e9ricain par des gouvernements \u00e9trangers\u00a0\u00bb. \u00ab\u00a0L\u2019amende de 140\u00a0millions de dollars inflig\u00e9e par la Commission europ\u00e9enne n\u2019est pas seulement une attaque contre X, c\u2019est une attaque contre toutes les plateformes technologiques am\u00e9ricaines et le peuple am\u00e9ricain par des gouvernements \u00e9trangers\u00a0\u00bb, a fustig\u00e9 Marco Rubio sur X, en ajoutant que \u00ab\u00a0l\u2019\u00e9poque de la censure des Am\u00e9ricains en ligne est r\u00e9volue\u00a0\u00bb.<\/p>\n","protected":false},"excerpt":{"rendered":"Le compte X d\u2019Elon Musk devant un drapeau europ\u00e9en, le 7\u00a0janvier 2025. \u00a0NICOLAS TUCAT \/ AFP Lire\u00a0plus\u00a0tard Google&hellip;\n","protected":false},"author":2,"featured_media":581325,"comment_status":"","ping_status":"","sticky":false,"template":"","format":"standard","meta":{"footnotes":""},"categories":[1586],"tags":[17142,17,11,7087,47480,1777,674,1779,4658,1011,27,66945,4657,74,12,25,1778,364],"class_list":{"0":"post-581324","1":"post","2":"type-post","3":"status-publish","4":"format-standard","5":"has-post-thumbnail","7":"category-europe","8":"tag-17142","9":"tag-17","10":"tag-actualites","11":"tag-amende","12":"tag-dsa","13":"tag-eu","14":"tag-europe","15":"tag-european-union","16":"tag-euros","17":"tag-fr","18":"tag-france","19":"tag-inflige","20":"tag-millions","21":"tag-monde","22":"tag-news","23":"tag-republique-francaise","24":"tag-ue","25":"tag-union-europeenne"},"share_on_mastodon":{"url":"https:\/\/pubeurope.com\/@fr\/115670671947488073","error":""},"_links":{"self":[{"href":"https:\/\/www.europesays.com\/fr\/wp-json\/wp\/v2\/posts\/581324","targetHints":{"allow":["GET"]}}],"collection":[{"href":"https:\/\/www.europesays.com\/fr\/wp-json\/wp\/v2\/posts"}],"about":[{"href":"https:\/\/www.europesays.com\/fr\/wp-json\/wp\/v2\/types\/post"}],"author":[{"embeddable":true,"href":"https:\/\/www.europesays.com\/fr\/wp-json\/wp\/v2\/users\/2"}],"replies":[{"embeddable":true,"href":"https:\/\/www.europesays.com\/fr\/wp-json\/wp\/v2\/comments?post=581324"}],"version-history":[{"count":0,"href":"https:\/\/www.europesays.com\/fr\/wp-json\/wp\/v2\/posts\/581324\/revisions"}],"wp:featuredmedia":[{"embeddable":true,"href":"https:\/\/www.europesays.com\/fr\/wp-json\/wp\/v2\/media\/581325"}],"wp:attachment":[{"href":"https:\/\/www.europesays.com\/fr\/wp-json\/wp\/v2\/media?parent=581324"}],"wp:term":[{"taxonomy":"category","embeddable":true,"href":"https:\/\/www.europesays.com\/fr\/wp-json\/wp\/v2\/categories?post=581324"},{"taxonomy":"post_tag","embeddable":true,"href":"https:\/\/www.europesays.com\/fr\/wp-json\/wp\/v2\/tags?post=581324"}],"curies":[{"name":"wp","href":"https:\/\/api.w.org\/{rel}","templated":true}]}}