{"id":581329,"date":"2025-12-06T04:14:20","date_gmt":"2025-12-06T04:14:20","guid":{"rendered":"https:\/\/www.europesays.com\/fr\/581329\/"},"modified":"2025-12-06T04:14:20","modified_gmt":"2025-12-06T04:14:20","slug":"a-amiens-30-pretendantes-pour-une-couronne","status":"publish","type":"post","link":"https:\/\/www.europesays.com\/fr\/581329\/","title":{"rendered":"\u00e0 Amiens, 30 pr\u00e9tendantes pour une couronne"},"content":{"rendered":"<p>La c\u00e9r\u00e9monie, sur le th\u00e8me des voyages et \u00e0 nouveau pr\u00e9sent\u00e9e par Jean-Pierre Foucault, 78 ans, s&rsquo;ouvrira \u00e0 21H10 au Z\u00e9nith d&rsquo;Amiens, en direct sur TF1. Le traditionnel tableau r\u00e9gional mobilisera cette ann\u00e9e la Garde r\u00e9publicaine.<\/p>\n<p>Les candidates issues des comit\u00e9s r\u00e9gionaux seront d\u00e9partag\u00e9es par un vote m\u00ealant public et jury, pr\u00e9sid\u00e9 cette ann\u00e9e par la com\u00e9dienne Mich\u00e8le Bernier, entour\u00e9e de Camille Cerf (Miss France 2015), de la chanteuse lyrique Axelle Saint-Cirel, du journaliste Bruce Toussaint, de l&rsquo;influenceuse Sally, et des humoristes Philippe Caverivi\u00e8re et Tom Villa.<\/p>\n<p>C\u00f4t\u00e9 r\u00e8glement, 12 demi-finalistes seront d\u00e9sign\u00e9es cette ann\u00e9e, contre 15 auparavant. Les finalistes seront d\u00e9partag\u00e9es \u00e0 50\/50 par les t\u00e9l\u00e9spectateurs de TF1 et le jury. En cas d&rsquo;\u00e9galit\u00e9, le public tranchera.<\/p>\n<p>Selon Fr\u00e9d\u00e9ric Gilbert, pr\u00e9sident de la soci\u00e9t\u00e9 Miss France, certaines expressions jug\u00e9es dat\u00e9es, comme \u00ab\u00a0pleine de charme\u00a0\u00bb ou \u00ab\u00a0charme \u00e0 la fran\u00e7aise\u00a0\u00bb, seront d\u00e9sormais proscrites. \u00ab\u00a0On parle \u00ab\u00a0d&rsquo;\u00e9l\u00e9gance, d&rsquo;assurance, pas de sensualit\u00e9 forc\u00e9e\u00a0\u00bb, a-t-il affirm\u00e9 dans Le Parisien.<\/p>\n<p>Depuis plusieurs ann\u00e9es, des associations f\u00e9ministes, dont Osez le f\u00e9minisme!, r\u00e9clament la suppression du concours, d\u00e9non\u00e7ant une \u00ab\u00a0soci\u00e9t\u00e9 de la femme-objet\u00a0\u00bb.<\/p>\n<p><img alt=\"Miss France 2025, Ang\u00e9lique Angarni-Filopon, pose lors d'une c\u00e9r\u00e9monie \u00e0 Monaco, le 17 juin 2025\" loading=\"lazy\" decoding=\"async\" data-nimg=\"fill\" class=\" TwicCore_img__i9TC1 undefined  undefined\" style=\"position:absolute;height:100%;width:100%;left:0;top:0;right:0;bottom:0;color:transparent;background-size:cover;background-position:50% 50%;background-repeat:no-repeat;background-image:url(&quot;data:image\/svg+xml;charset=utf-8,%3Csvg xmlns='http:\/\/www.w3.org\/2000\/svg' %3E%3Cfilter id='b' color-interpolation-filters='sRGB'%3E%3CfeGaussianBlur stdDeviation='20'\/%3E%3CfeColorMatrix values='1 0 0 0 0 0 1 0 0 0 0 0 1 0 0 0 0 0 100 -1' result='s'\/%3E%3CfeFlood x='0' y='0' width='100%25' height='100%25'\/%3E%3CfeComposite operator='out' in='s'\/%3E%3CfeComposite in2='SourceGraphic'\/%3E%3CfeGaussianBlur stdDeviation='20'\/%3E%3C\/filter%3E%3Cimage width='100%25' height='100%25' x='0' y='0' preserveAspectRatio='none' style='filter: url(%23b);' href='https:\/\/pictures.laprovence.com\/cdn-cgi\/image\/blur=250\/media\/afp\/6e9fec5b667d37006f868b0d23c4877cf1186767.jpg'\/%3E%3C\/svg%3E&quot;)\"   src=\"https:\/\/www.europesays.com\/fr\/wp-content\/uploads\/2025\/12\/6e9fec5b667d37006f868b0d23c4877cf1186767.jpg\"\/>Miss France 2025, Ang\u00e9lique Angarni-Filopon, pose lors d&rsquo;une c\u00e9r\u00e9monie \u00e0 Monaco, le 17 juin 2025 PHOTO AFP \/ Valery HACHE<\/p>\n<p>La gagnante succ\u00e9dera \u00e0 la Martiniquaise Ang\u00e9lique Angarni-Filopon, 35 ans, la plus \u00e2g\u00e9e de l&rsquo;histoire du concours. Victime de cyber-harc\u00e8lement en raison de son \u00e2ge et de son origine, la Miss France 2025 avait un temps envisag\u00e9 de renoncer \u00e0 son titre.<\/p>\n<p>L&rsquo;institution avait signal\u00e9 \u00e0 la justice \u00ab\u00a0ces commentaires injurieux\u00a0\u00bb, qui \u00ab\u00a0n&rsquo;ont pas leur place dans notre concours, pas plus que dans notre soci\u00e9t\u00e9\u00a0\u00bb.<\/p>\n<p>Cette \u00e9dition introduit un accompagnement in\u00e9dit: pour la premi\u00e8re fois, Miss France sera \u00e9paul\u00e9e par une ancienne laur\u00e9ate, une mission confi\u00e9e cette ann\u00e9e \u00e0 Camille Cerf.<\/p>\n<p>Les candidates de cette 96e \u00e9lection affichent des profils vari\u00e9s. La doyenne, Miss Guadeloupe, Naomi Torrent, 30 ans, est analyste financi\u00e8re, Miss Poitou-Charentes, Agathe Michelet, est chirurgienne-dentiste, Miss Nouvelle-Cal\u00e9donie, Juliette Collet, 23 ans, ing\u00e9nieure en gestion des risques naturels et technologiques. <\/p>\n<p>Les benjamines, Miss Bretagne, Ninon Crolas, \u00e9l\u00e8ve infirmi\u00e8re, et Miss Roussillon, D\u00e9borah Adelin-Chabal, danseuse professionnelle et \u00e9tudiante en espagnol, ont 18 ans.<\/p>\n<p>&#8211; \u00ab\u00a0Patrimoine t\u00e9l\u00e9visuel\u00a0\u00bb &#8211;<\/p>\n<p>Les crit\u00e8res d&rsquo;admission ont \u00e9t\u00e9 \u00e9largis ces derni\u00e8res ann\u00e9es: si la taille minimum demeure (1m70), l&rsquo;\u00e9lection est d\u00e9sormais ouverte \u00e0 toutes les femmes majeures, sans limite d&rsquo;\u00e2ge, y compris mari\u00e9es ou m\u00e8res. <\/p>\n<p>Malgr\u00e9 les controverses, le programme continue d&rsquo;attirer un large public: en 2024, l&rsquo;\u00e9mission avait r\u00e9alis\u00e9 45% de part d&rsquo;audience, souligne R\u00e9mi Faure, directeur des programmes de flux du groupe TF1.<\/p>\n<p>\u00ab\u00a0Etre populaire, ce n&rsquo;est pas \u00eatre aim\u00e9 partout. Il y a des pol\u00e9miques, mais bad buzz is still buzz\u00a0\u00bb, observe la s\u00e9miologue et analyste des m\u00e9dias Virginie Spies.<\/p>\n<p>Selon elle, le succ\u00e8s tient autant \u00e0 la dimension de divertissement qu&rsquo;\u00e0 l&rsquo;ancrage historique du programme, \u00ab\u00a0une madeleine de Proust\u00a0\u00bb inscrite dans \u00ab\u00a0notre patrimoine t\u00e9l\u00e9visuel\u00a0\u00bb. L&rsquo;\u00e9mission alimente les conversations, en famille, entre amis ou sur les r\u00e9seaux.<\/p>\n<p><img alt=\"La Miss France Eve Gilles d\u00e9file sur sc\u00e8ne lors de la pr\u00e9sentation des costumes nationaux de Miss Univers 2025 \u00e0 Nonthaburi, au nord de Bangkok, le 19 novembre 2025\" loading=\"lazy\" decoding=\"async\" data-nimg=\"fill\" class=\" TwicCore_img__i9TC1 undefined  undefined\" style=\"position:absolute;height:100%;width:100%;left:0;top:0;right:0;bottom:0;color:transparent;background-size:cover;background-position:50% 50%;background-repeat:no-repeat;background-image:url(&quot;data:image\/svg+xml;charset=utf-8,%3Csvg xmlns='http:\/\/www.w3.org\/2000\/svg' %3E%3Cfilter id='b' color-interpolation-filters='sRGB'%3E%3CfeGaussianBlur stdDeviation='20'\/%3E%3CfeColorMatrix values='1 0 0 0 0 0 1 0 0 0 0 0 1 0 0 0 0 0 100 -1' result='s'\/%3E%3CfeFlood x='0' y='0' width='100%25' height='100%25'\/%3E%3CfeComposite operator='out' in='s'\/%3E%3CfeComposite in2='SourceGraphic'\/%3E%3CfeGaussianBlur stdDeviation='20'\/%3E%3C\/filter%3E%3Cimage width='100%25' height='100%25' x='0' y='0' preserveAspectRatio='none' style='filter: url(%23b);' href='https:\/\/pictures.laprovence.com\/cdn-cgi\/image\/blur=250\/media\/afp\/8c2129a8d6916e930079745cf4ee5fa64bb0192d.jpg'\/%3E%3C\/svg%3E&quot;)\"   src=\"https:\/\/www.europesays.com\/fr\/wp-content\/uploads\/2025\/12\/8c2129a8d6916e930079745cf4ee5fa64bb0192d.jpg\"\/>La Miss France Eve Gilles d\u00e9file sur sc\u00e8ne lors de la pr\u00e9sentation des costumes nationaux de Miss Univers 2025 \u00e0 Nonthaburi, au nord de Bangkok, le 19 novembre 2025 PHOTO AFP \/ Lillian SUWANRUMPHA<\/p>\n<p>\u00ab\u00a0On enterre souvent la t\u00e9l\u00e9 en disant +c&rsquo;est fini, maintenant il y a les r\u00e9seaux+. Mais sur les r\u00e9seaux, on regarde \u00e9norm\u00e9ment d&rsquo;extraits de t\u00e9l\u00e9vision\u00a0\u00bb, ajoute Mme Spies, autrice de \u00ab\u00a0Succ\u00e8s story, pourquoi les m\u00e9dias nous captivent?\u00a0\u00bb. \u00ab\u00a0\u00c7a nous dit de la culture populaire qu&rsquo;on aime se rassembler\u00a0\u00bb.<\/p>\n<p>Pour elle, Miss France refl\u00e8te aussi \u00ab\u00a0une soci\u00e9t\u00e9 de crit\u00e8res et de clich\u00e9s\u00a0\u00bb, comme l&rsquo;a montr\u00e9 l&rsquo;\u00e9lection de Miss France 2024, Eve Gilles, aux cheveux courts, \u00ab\u00a0\u00e7a a \u00e9t\u00e9 le sujet de l&rsquo;ann\u00e9e\u00a0\u00bb. \u00ab\u00a0On est encore dans le r\u00e8gne de Barbie\u00a0\u00bb, estime l&rsquo;analyste des m\u00e9dias.<\/p>\n<p>Le cabinet de conseil Avisia, sp\u00e9cialis\u00e9 en data et intelligence artificielle, a mobilis\u00e9 l&rsquo;IA pour pronostiquer la laur\u00e9ate. Selon son mod\u00e8le de pr\u00e9diction, Miss Nord-Pas-de-Calais, Lola Lacher\u00e9, 21 ans, \u00e9tudiante en techniques de commercialisation et volleyeuse de haut niveau, aurait les plus fortes chances de d\u00e9crocher l&rsquo;\u00e9charpe. <\/p>\n<p>Le mod\u00e8le de calcul croise des donn\u00e9es h\u00e9t\u00e9rog\u00e8nes: notori\u00e9t\u00e9 sur les r\u00e9seaux sociaux, d\u00e9mographie des r\u00e9gions, composition du jury ou encore r\u00e9sultats des ann\u00e9es pr\u00e9c\u00e9dentes.<\/p>\n","protected":false},"excerpt":{"rendered":"La c\u00e9r\u00e9monie, sur le th\u00e8me des voyages et \u00e0 nouveau pr\u00e9sent\u00e9e par Jean-Pierre Foucault, 78 ans, s&rsquo;ouvrira \u00e0&hellip;\n","protected":false},"author":2,"featured_media":581330,"comment_status":"","ping_status":"","sticky":false,"template":"","format":"standard","meta":{"footnotes":""},"categories":[4],"tags":[17,5734,11,24738,1011,27,329,27472,12,471,69501,25,96],"class_list":{"0":"post-581329","1":"post","2":"type-post","3":"status-publish","4":"format-standard","5":"has-post-thumbnail","7":"category-france","8":"tag-17","9":"tag-5734","10":"tag-actualites","11":"tag-amiens","12":"tag-fr","13":"tag-france","14":"tag-france-monde","15":"tag-miss","16":"tag-news","17":"tag-pour","18":"tag-pretendantes","19":"tag-republique-francaise","20":"tag-une"},"share_on_mastodon":{"url":"https:\/\/pubeurope.com\/@fr\/115670684526165350","error":""},"_links":{"self":[{"href":"https:\/\/www.europesays.com\/fr\/wp-json\/wp\/v2\/posts\/581329","targetHints":{"allow":["GET"]}}],"collection":[{"href":"https:\/\/www.europesays.com\/fr\/wp-json\/wp\/v2\/posts"}],"about":[{"href":"https:\/\/www.europesays.com\/fr\/wp-json\/wp\/v2\/types\/post"}],"author":[{"embeddable":true,"href":"https:\/\/www.europesays.com\/fr\/wp-json\/wp\/v2\/users\/2"}],"replies":[{"embeddable":true,"href":"https:\/\/www.europesays.com\/fr\/wp-json\/wp\/v2\/comments?post=581329"}],"version-history":[{"count":0,"href":"https:\/\/www.europesays.com\/fr\/wp-json\/wp\/v2\/posts\/581329\/revisions"}],"wp:featuredmedia":[{"embeddable":true,"href":"https:\/\/www.europesays.com\/fr\/wp-json\/wp\/v2\/media\/581330"}],"wp:attachment":[{"href":"https:\/\/www.europesays.com\/fr\/wp-json\/wp\/v2\/media?parent=581329"}],"wp:term":[{"taxonomy":"category","embeddable":true,"href":"https:\/\/www.europesays.com\/fr\/wp-json\/wp\/v2\/categories?post=581329"},{"taxonomy":"post_tag","embeddable":true,"href":"https:\/\/www.europesays.com\/fr\/wp-json\/wp\/v2\/tags?post=581329"}],"curies":[{"name":"wp","href":"https:\/\/api.w.org\/{rel}","templated":true}]}}