{"id":581331,"date":"2025-12-06T04:17:25","date_gmt":"2025-12-06T04:17:25","guid":{"rendered":"https:\/\/www.europesays.com\/fr\/581331\/"},"modified":"2025-12-06T04:17:25","modified_gmt":"2025-12-06T04:17:25","slug":"mola-lavoue-gourgues-est-aussi-a-lorigine-du-depart-dahki","status":"publish","type":"post","link":"https:\/\/www.europesays.com\/fr\/581331\/","title":{"rendered":"Mola l\u2019avoue, Gourgues est aussi \u00e0 l\u2019origine du d\u00e9part d\u2019Ahki"},"content":{"rendered":"<p>Il est la r\u00e9v\u00e9lation de cette saison en Top 14 et du c\u00f4t\u00e9 du <a href=\"https:\/\/www.quinzemondial.com\/challenge-cup\/champions-cup-lubb-pour-un-double-le-stade-toulousain-en-quete-dun-record-le-leinster-revanchardqui-pour-remporter-cette-edition-820964\" target=\"_blank\" rel=\"noopener\">Stade Toulousain.<\/a> Depuis des semaines, Kalvin Gourgues encha\u00eene les prestations XXL au centre du terrain. Le jeune talent, attendu depuis de nombreuses ann\u00e9es mais frein\u00e9 par les blessures peut enfin exposer toutes ses qualit\u00e9s.<\/p>\n<p>\u00ab\u00a0Le deal qu\u2019on a eu avec Pita \u00e9tait \u00e9troitement li\u00e9\u00a0\u00bb \u00e0 Gourgues<\/p>\n<p>Particuli\u00e8rement \u00e0 l\u2019aise ballon en main et d\u2019une grande justesse dans sa lecture, Kalvin Gourgues s\u2019est m\u00eame offert une premi\u00e8re s\u00e9lection remarqu\u00e9e avec le XV de France, en traversant le terrain face \u00e0 l\u2019Australie. En conf\u00e9rence de presse, Ugo Mola a \u00e9t\u00e9 questionn\u00e9 sur cette exposition grandissante et sur ses dangers, alors que Paul Costes avait v\u00e9cu une trajectoire similaire il y a deux saisons.<\/p>\n<p>Pour le technicien, Kalvin Gourgues a les \u00e9paules pour g\u00e9rer \u00e7a. Il avoue \u00e9galement que son \u00e9closion a contribu\u00e9 au choix d\u2019accepter <a href=\"https:\/\/www.quinzemondial.com\/top-14\/stade-toulousain-le-superbe-cadeau-des-joueurs-pour-ahki-un-clin-doeil-a-un-match-mythique-820936\" target=\"_blank\" rel=\"noopener\">de laisser filer Pita Ahki<\/a> six mois avant la fin de son contrat.<\/p>\n<blockquote>\n<p>\u00ab\u00a0Je crois que Kalvin vit tr\u00e8s bien cette notori\u00e9t\u00e9 et son exposition r\u00e9cente, comme Paul l\u2019a tr\u00e8s tr\u00e8s bien v\u00e9cu. La performance dicte nos choix. Aujourd\u2019hui c\u2019est Kalvin, mais des \u00e9mergences de jeunes joueurs comme lui, j\u2019ai presque envie de vous dire que c\u2019est r\u00e9current ici. Ce n\u2019est pas un cas nouveau, ni particulier. La chance que l\u2019on a est d\u2019avoir souvent ce genre de profils qui peuvent \u00e9merger. Le plus dur \u00e9tant de durer. On est ravi d\u2019avoir un Kalvin, d\u2019autant que l\u2019autorisation et le deal qu\u2019on a eu avec Pita \u00e9tait \u00e9troitement li\u00e9 aux espoirs qu\u2019on a pu mettre en Kalvin et en notre effectif.\u00a0\u00bb<\/p>\n<\/blockquote>\n<p>Partagez cette info avec vos amis et vos proches en cliquant ici<br \/>Pour r\u00e9sumer<\/p>\n<p>Ugo Mola a \u00e9voqu\u00e9 en conf\u00e9rence de presse l\u2019\u00e9closion de Kalvin Gourgues, irr\u00e9sistible depuis le d\u00e9but de la saison avec le Stade Toulousain. Le manager haut-garonnais a de gros espoirs en son jeune centre pour les ann\u00e9es \u00e0 venir.<\/p>\n<p> <img decoding=\"async\" width=\"76\" height=\"76\" loading=\"lazy\" src=\"https:\/\/www.europesays.com\/fr\/wp-content\/uploads\/2025\/04\/avatar-quinze.png\" alt=\"Arnaud D\u00e9chelotte\"\/><\/p>\n","protected":false},"excerpt":{"rendered":"Il est la r\u00e9v\u00e9lation de cette saison en Top 14 et du c\u00f4t\u00e9 du Stade Toulousain. Depuis des&hellip;\n","protected":false},"author":2,"featured_media":581332,"comment_status":"","ping_status":"","sticky":false,"template":"","format":"standard","meta":{"footnotes":""},"categories":[1416],"tags":[3460,1011,27,479,1468,60,476],"class_list":{"0":"post-581331","1":"post","2":"type-post","3":"status-publish","4":"format-standard","5":"has-post-thumbnail","7":"category-rugby","8":"tag-champions-cup","9":"tag-fr","10":"tag-france","11":"tag-rugby","12":"tag-rugby-football","13":"tag-sports","14":"tag-stade-toulousain"},"share_on_mastodon":{"url":"https:\/\/pubeurope.com\/@fr\/115670695562508836","error":""},"_links":{"self":[{"href":"https:\/\/www.europesays.com\/fr\/wp-json\/wp\/v2\/posts\/581331","targetHints":{"allow":["GET"]}}],"collection":[{"href":"https:\/\/www.europesays.com\/fr\/wp-json\/wp\/v2\/posts"}],"about":[{"href":"https:\/\/www.europesays.com\/fr\/wp-json\/wp\/v2\/types\/post"}],"author":[{"embeddable":true,"href":"https:\/\/www.europesays.com\/fr\/wp-json\/wp\/v2\/users\/2"}],"replies":[{"embeddable":true,"href":"https:\/\/www.europesays.com\/fr\/wp-json\/wp\/v2\/comments?post=581331"}],"version-history":[{"count":0,"href":"https:\/\/www.europesays.com\/fr\/wp-json\/wp\/v2\/posts\/581331\/revisions"}],"wp:featuredmedia":[{"embeddable":true,"href":"https:\/\/www.europesays.com\/fr\/wp-json\/wp\/v2\/media\/581332"}],"wp:attachment":[{"href":"https:\/\/www.europesays.com\/fr\/wp-json\/wp\/v2\/media?parent=581331"}],"wp:term":[{"taxonomy":"category","embeddable":true,"href":"https:\/\/www.europesays.com\/fr\/wp-json\/wp\/v2\/categories?post=581331"},{"taxonomy":"post_tag","embeddable":true,"href":"https:\/\/www.europesays.com\/fr\/wp-json\/wp\/v2\/tags?post=581331"}],"curies":[{"name":"wp","href":"https:\/\/api.w.org\/{rel}","templated":true}]}}