{"id":581337,"date":"2025-12-06T04:24:33","date_gmt":"2025-12-06T04:24:33","guid":{"rendered":"https:\/\/www.europesays.com\/fr\/581337\/"},"modified":"2025-12-06T04:24:33","modified_gmt":"2025-12-06T04:24:33","slug":"la-princesse-de-galles-lance-les-celebrations-de-noel-entouree-de-ses-trois-enfants-et-de-la-famille-royale","status":"publish","type":"post","link":"https:\/\/www.europesays.com\/fr\/581337\/","title":{"rendered":"La princesse de Galles lance les c\u00e9l\u00e9brations de No\u00ebl entour\u00e9e de ses trois enfants et de la famille royale"},"content":{"rendered":"<p>La princesse de Galles a dirig\u00e9 son concert de chants de No\u00ebl \u00e0 l\u2019abbaye de Westminster, ce vendredi 5 d\u00e9cembre. Ce concert est une tradition lanc\u00e9e par Kate en 2021 et \u00e0 laquelle toute la famille royale adh\u00e8re depuis sa premi\u00e8re \u00e9dition. Le prince William, le prince George, la princesse Charlotte et le prince Louis ont assist\u00e9 \u00e0 ce service festif au premier rang.<\/p>\n<p><strong>Lire aussi : <a href=\"https:\/\/histoiresroyales.fr\/princesse-de-galles-porte-premiere-fois-diademe-reine-victoria\/\" target=\"_blank\" rel=\"noopener\">La princesse de Galles porte pour la premi\u00e8re fois un diad\u00e8me r\u00e9serv\u00e9 aux reines et pr\u00e9serv\u00e9 depuis 20 ans<\/a><\/strong><\/p>\n<p>Les Windsor se r\u00e9unissent autour de la princesse de Galles pour lancer les f\u00eates de fin d\u2019ann\u00e9e<\/p>\n<p>En 2021, apr\u00e8s la pand\u00e9mie, l\u2019\u00e9pouse du prince William, encore duchesse de Cambridge, avait pris l\u2019initiative d\u2019organiser un service festif \u00e0 l\u2019approche de No\u00ebl, en hommage au personnel soignant. Depuis lors, Catherine organise chaque ann\u00e9e cet \u00e9v\u00e9nement, intitul\u00e9 \u00ab\u00a0Together at Christmas \u00bb au d\u00e9but du mois de d\u00e9cembre. Ce 5 d\u00e9cembre 2025, la <a href=\"https:\/\/histoiresroyales.fr\/famille-royale-britannique\/kate-middleton\/\" target=\"_blank\" rel=\"noopener\">princesse de Galles<\/a> \u00e9tait entour\u00e9e des Windsor et des Middleton qui la soutiennent depuis la premi\u00e8re \u00e9dition de ce concert de chants de No\u00ebl.<\/p>\n<p><img fetchpriority=\"high\" decoding=\"async\" width=\"1400\" height=\"933\" src=\"https:\/\/www.europesays.com\/fr\/wp-content\/uploads\/2025\/12\/william-kate-george-louis-charlotte-abbaye-westminster-noel-2025.jpg\" alt=\"\" class=\"wp-image-230813 lazyload\" data-  \/>Le prince William et la princesse Catherine avec le prince George, la princesse Charlotte et le prince Louis, accueillis \u00e0 l\u2019entr\u00e9e de l\u2019abbaye de Westminster ce 5 d\u00e9cembre 2025 (Photo : Aaron Chown\/PA Wire\/ABACAPRESS)<\/p>\n<p><img loading=\"lazy\" decoding=\"async\" width=\"1300\" height=\"867\" src=\"https:\/\/www.europesays.com\/fr\/wp-content\/uploads\/2025\/12\/princesse-de-galles-concert-noel-famille-enfants.jpg\" alt=\"\" class=\"wp-image-230805 lazyload\" data-  \/>La famille h\u00e9riti\u00e8re britannique entonne des chants de No\u00ebl au premier rang de l\u2019abbaye de Westminster ce 5 d\u00e9cembre 2025 (Photo : Aaron Chown\/PA Wire\/ABACAPRESS)<\/p>\n<p><img loading=\"lazy\" decoding=\"async\" width=\"1400\" height=\"933\" src=\"https:\/\/www.europesays.com\/fr\/wp-content\/uploads\/2025\/12\/prince-michael-de-kent-carols-princesse-galles.jpg\" alt=\"\" class=\"wp-image-230808 lazyload\" data-  \/>Le prince Michael de Kent est accueilli par le clerg\u00e9 \u00e0 son entr\u00e9e dans l\u2019abbaye (Photo : Aaron Chown\/PA Wire\/ABACAPRESS)<\/p>\n<p><strong>Lire aussi : <a href=\"https:\/\/histoiresroyales.fr\/prince-william-princesse-catherine-en-velours-soiree-bienfaisance-glamour-musicale\/\" target=\"_blank\" rel=\"noopener\">Le prince William et la princesse Catherine en velours pour une soir\u00e9e de bienfaisance glamour et musicale<\/a><\/strong><\/p>\n<p>\u00ab\u00a0Together at Christmas \u00bb est un service religieux de chants de No\u00ebl interpr\u00e9t\u00e9s par des ch\u0153urs et des chanteurs c\u00e9l\u00e8bres comme Dan Smith, Joe Locke, Katie Melua, Babatunde Al\u00e9sh\u00e9, Zak Abel ou encore Griff. Ce concert, auquel assistent environ 1\u00a0600 personnes, est consid\u00e9r\u00e9 comme l\u2019\u00e9v\u00e9nement qui lance les festivit\u00e9s de No\u00ebl pour les Windsor, qui ont pris l\u2019habitude d\u2019y assister en nombre.<\/p>\n<blockquote class=\"instagram-media\" data-instgrm-permalink=\"https:\/\/www.instagram.com\/p\/DR5GMucjaBN\/?utm_source=ig_embed&amp;utm_campaign=loading\" data-instgrm-version=\"14\" style=\" background:#FFF; border:0; border-radius:3px; box-shadow:0 0 1px 0 rgba(0,0,0,0.5),0 1px 10px 0 rgba(0,0,0,0.15); margin: 1px; max-width:540px; min-width:326px; padding:0; width:99.375%; width:-webkit-calc(100% - 2px); width:calc(100% - 2px);\"\/>\n<p><img loading=\"lazy\" decoding=\"async\" width=\"1000\" height=\"1400\" src=\"https:\/\/www.europesays.com\/fr\/wp-content\/uploads\/2025\/12\/duchesse-de-gloucester-carols-chants-de-noel-1000x1400.jpg\" alt=\"\" class=\"wp-image-230809 lazyload\" data-  \/>La duchesse d\u2019\u00c9dimbourg a assist\u00e9 au concert organis\u00e9 par la princesse Catherine (Photo : Chris Jackson\/PA Wire\/ABACAPRESS)<\/p>\n<p><strong>Lire aussi : <a href=\"https:\/\/histoiresroyales.fr\/princesse-de-galles-honore-premiere-fois-seule-memoire-soldats-britanniques-arboretum-national\/\" target=\"_blank\" rel=\"noopener\">La princesse de Galles honore pour la premi\u00e8re fois seule la m\u00e9moire des soldats britanniques \u00e0 l\u2019Arboretum national<\/a><\/strong><\/p>\n<p>La princesse de Galles et le prince William sont arriv\u00e9s avec leurs enfants, le prince George, la princesse Charlotte et le prince Louis. La duchesse d\u2019\u00c9dimbourg est arriv\u00e9e seule \u00e0 l\u2019abbaye de Westminster dans son long manteau bordeaux. Le prince Michael de Kent, cousin germain de la reine Elizabeth II, est arriv\u00e9 en chaise roulante pouss\u00e9e par son \u00e9cuyer. Lord Frederick Windsor, fils du prince Michael, \u00e9tait accompagn\u00e9 de son \u00e9pouse Sophie, et de leurs deux filles, Maud et Isabella Windsor. Lady Helen Windsor, fille du duc de Kent, a assist\u00e9 au concert avec ses enfants Columbus, Cassius, et Eloise Windsor. Lady Marina Windsor, fille du comte de St Andrews, accompagnait sa tante Helen.<\/p>\n<p><img loading=\"lazy\" decoding=\"async\" width=\"1300\" height=\"867\" src=\"https:\/\/www.europesays.com\/fr\/wp-content\/uploads\/2025\/12\/lady-helen-taylor-together-at-christmas.jpg\" alt=\"\" class=\"wp-image-230806 lazyload\" data-  \/>Lady Helen Taylor arrive \u00e0 l\u2019abbaye avec ses enfants Columbus, Cassius et Eloise, ainsi que sa ni\u00e8ce, Lady Marina Windsor (Photo : Aaron Chown\/PA Wire\/ABACAPRESS)<\/p>\n<p><img loading=\"lazy\" decoding=\"async\" width=\"1300\" height=\"867\" src=\"https:\/\/www.europesays.com\/fr\/wp-content\/uploads\/2025\/12\/lady-davina-sane-windsor-christmas.jpg\" alt=\"\" class=\"wp-image-230807 lazyload\" data-  \/>Lady Davina, premi\u00e8re fille du duc et de la duchesse de Gloucester, avec ses enfants T\u0101ne et Senna Lewis (Photo : Aaron Chown\/PA Wire\/ABACAPRESS)<\/p>\n<p><strong>Lire aussi : <a href=\"https:\/\/histoiresroyales.fr\/nouvelle-premiere-fois-prince-george-festival-du-souvenir-princesse-catherine-roi-charles-iii\/\" target=\"_blank\" rel=\"noopener\">Une nouvelle premi\u00e8re fois pour le prince George \u00e0 c\u00f4t\u00e9 de la princesse Catherine et du roi Charles III au Festival du Souvenir<\/a><\/strong><\/p>\n<p>La princesse de Galles a lanc\u00e9 une tradition de No\u00ebl en organisant ce service festif pour la premi\u00e8re fois en 2021<\/p>\n<p>Le prince Richard et Birgitte, duc et la duchesse de Gloucester, ont assist\u00e9 au concert avec plusieurs de leurs enfants et petits-enfants. On a pu apercevoir les deux filles de Richard et Birgitte, Lady Davina et Lady Rose. Lady Davina \u00e9tait accompagn\u00e9e de ses enfants, T\u0101ne et Senna Lewis. Lyla et Rufus Gilman, les enfants de Lady Rose et George Gilman, \u00e9taient aussi pr\u00e9sents. <\/p>\n<p><img loading=\"lazy\" decoding=\"async\" width=\"1000\" height=\"1400\" src=\"https:\/\/www.europesays.com\/fr\/wp-content\/uploads\/2025\/12\/duc-gloucester-concert-noel-princesse-de-galles-2025-1000x1400.jpg\" alt=\"\" class=\"wp-image-230814 lazyload\" data-  \/>Le duc et la duchesse de Gloucester quittent l\u2019abbaye apr\u00e8s le service festif (Photo : Chris Jackson\/PA Wire\/ABACAPRESS)<\/p>\n<p><img loading=\"lazy\" decoding=\"async\" width=\"1000\" height=\"1400\" src=\"https:\/\/www.europesays.com\/fr\/wp-content\/uploads\/2025\/12\/mike-zara-tindall-concert-noel-kate-2025-1000x1400.jpg\" alt=\"\" class=\"wp-image-230815 lazyload\" data-  \/>Zara et Mike Tindall, la fille et le beau-fils de la princesse Anne \u00e0 la sortie de l\u2019abbaye (Photo : Chris Jackson\/PA Wire\/ABACAPRESS)<\/p>\n<p><strong>Lire aussi : <a href=\"https:\/\/histoiresroyales.fr\/prince-william-princesse-catherine-recoivent-prince-heritier-hussein-princesse-rajwa-windsor\/\" target=\"_blank\" rel=\"noopener\">Le prince William et la princesse Catherine re\u00e7oivent le prince h\u00e9ritier Hussein et la princesse Rajwa \u00e0 Windsor<\/a><\/strong><\/p>\n<p>Zara et Mike Tindall, la fille et le beau-fils de la princesse Anne ont assist\u00e9 au concert \u00e0 Westminster. Du c\u00f4t\u00e9 des Middleton, on a aper\u00e7u Carole et Michael Middleton, les parents de la princesse Catherine, qui sont devenus des incontournables de cet \u00e9v\u00e9nement organis\u00e9 par leur fille. James Middleton, le fr\u00e8re de Kate, \u00e9tait pr\u00e9sent avec son \u00e9pouse, Aliz\u00e9e Th\u00e9venet.<\/p>\n<p><img loading=\"lazy\" decoding=\"async\" width=\"1000\" height=\"1400\" src=\"https:\/\/www.europesays.com\/fr\/wp-content\/uploads\/2025\/12\/lord-frederik-windsor-enfants-noel-2025-1000x1400.jpg\" alt=\"\" class=\"wp-image-230812 lazyload\" data-  \/>Lord Frederick Windsor et son \u00e9pouse Sophie avec leurs deux filles, Maud et Isabella Windsor, devant l\u2019abbaye (Photo : Chris Jackson\/PA Wire\/ABACAPRESS)<\/p>\n<p>L\u2019atmosph\u00e8re de No\u00ebl \u00e9tait bien pr\u00e9sente dans cette abbaye m\u00e9di\u00e9vale, d\u00e9cor\u00e9e d\u2019\u00e9l\u00e9ments rouges et verts pour l\u2019enregistrement de ce concert. Ce vendredi, le concert \u00e9tait seulement accessible aux membres de la famille royale et aux citoyens ayant re\u00e7u une invitation. Il faudra attendre la veille de No\u00ebl pour voir le concert, lors de sa diffusion \u00e0 la t\u00e9l\u00e9vision. <\/p>\n<p><img loading=\"lazy\" decoding=\"async\" width=\"1300\" height=\"929\" src=\"https:\/\/www.europesays.com\/fr\/wp-content\/uploads\/2025\/12\/carole-michael-middleton-chants-de-noel-2025-abbaye.jpg\" alt=\"\" class=\"wp-image-230810 lazyload\" data-  \/>Carole et Michael Middleton, les parents de la princesse de Galles, quittent l\u2019abbaye apr\u00e8s le concert (Photo : Chris Jackson\/PA Wire\/ABACAPRESS)<\/p>\n<p><img loading=\"lazy\" decoding=\"async\" width=\"1000\" height=\"1400\" src=\"https:\/\/www.europesays.com\/fr\/wp-content\/uploads\/2025\/12\/james-middleton-alizee-concert-noel-1000x1400.jpg\" alt=\"\" class=\"wp-image-230811 lazyload\" data-  \/>James Middleton, le fr\u00e8re de la princesse de Galles, quitte l\u2019abbaye avec son \u00e9pouse Aliz\u00e9e Th\u00e9venet (Photo : Chris Jackson\/PA Wire\/ABACAPRESS)<\/p>\n<p>\t\t<strong>Tous les articles sur<\/strong><br \/>\n\t\t<a href=\"https:\/\/histoiresroyales.fr\/tag\/abbaye-de-westminster\/\" title=\"\" target=\"_blank\" rel=\"noopener\">abbaye de Westminster<\/a>, <a href=\"https:\/\/histoiresroyales.fr\/tag\/alizee-thevenet\/\" title=\"\" target=\"_blank\" rel=\"noopener\">Aliz\u00e9e Thevenet<\/a>, <a href=\"https:\/\/histoiresroyales.fr\/tag\/birgitte-van-deurs\/\" title=\"\" target=\"_blank\" rel=\"noopener\">Birgitte van Deurs<\/a>, <a href=\"https:\/\/histoiresroyales.fr\/tag\/carole-middleton\/\" title=\"\" target=\"_blank\" rel=\"noopener\">Carole Middleton<\/a>, <a href=\"https:\/\/histoiresroyales.fr\/tag\/cassius-taylor\/\" title=\"\" target=\"_blank\" rel=\"noopener\">Cassius Taylor<\/a>, <a href=\"https:\/\/histoiresroyales.fr\/tag\/charlotte-de-cambridge\/\" title=\"\" target=\"_blank\" rel=\"noopener\">Charlotte de Galles<\/a>, <a href=\"https:\/\/histoiresroyales.fr\/tag\/columbus-taylor\/\" title=\"\" target=\"_blank\" rel=\"noopener\">Columbus Taylor<\/a>, <a href=\"https:\/\/histoiresroyales.fr\/tag\/eloise-taylor\/\" title=\"\" target=\"_blank\" rel=\"noopener\">Eloise Taylor<\/a>, <a href=\"https:\/\/histoiresroyales.fr\/tag\/george-de-cambridge\/\" title=\"\" target=\"_blank\" rel=\"noopener\">George de Cambridge<\/a>, <a href=\"https:\/\/histoiresroyales.fr\/tag\/isabella-windsor\/\" title=\"\" target=\"_blank\" rel=\"noopener\">Isabella Windsor<\/a>, <a href=\"https:\/\/histoiresroyales.fr\/tag\/james-middleton\/\" title=\"\" target=\"_blank\" rel=\"noopener\">James Middleton<\/a>, <a href=\"https:\/\/histoiresroyales.fr\/tag\/kate-middleton\/\" title=\"\" target=\"_blank\" rel=\"noopener\">Kate Middleton<\/a>, <a href=\"https:\/\/histoiresroyales.fr\/tag\/lady-davina-windsor\/\" title=\"\" target=\"_blank\" rel=\"noopener\">Lady Davina Windsor<\/a>, <a href=\"https:\/\/histoiresroyales.fr\/tag\/lady-helen-taylor\/\" title=\"\" target=\"_blank\" rel=\"noopener\">lady Helen Taylor<\/a>, <a href=\"https:\/\/histoiresroyales.fr\/tag\/lord-frederick-windsor\/\" title=\"\" target=\"_blank\" rel=\"noopener\">lord Frederick Windsor<\/a>, <a href=\"https:\/\/histoiresroyales.fr\/tag\/louis-de-cambridge\/\" title=\"\" target=\"_blank\" rel=\"noopener\">Louis de Cambridge<\/a>, <a href=\"https:\/\/histoiresroyales.fr\/tag\/maud-windsor\/\" title=\"\" target=\"_blank\" rel=\"noopener\">Maud Windsor<\/a>, <a href=\"https:\/\/histoiresroyales.fr\/tag\/michael-de-kent\/\" title=\"\" target=\"_blank\" rel=\"noopener\">Michael de Kent<\/a>, <a href=\"https:\/\/histoiresroyales.fr\/tag\/michael-middleton\/\" title=\"\" target=\"_blank\" rel=\"noopener\">Michael Middleton<\/a>, <a href=\"https:\/\/histoiresroyales.fr\/tag\/mike-tindall\/\" title=\"\" target=\"_blank\" rel=\"noopener\">Mike Tindall<\/a>, <a href=\"https:\/\/histoiresroyales.fr\/tag\/noel\/\" title=\"\" target=\"_blank\" rel=\"noopener\">No\u00ebl<\/a>, <a href=\"https:\/\/histoiresroyales.fr\/tag\/prince-william\/\" title=\"\" target=\"_blank\" rel=\"noopener\">Prince William<\/a>, <a href=\"https:\/\/histoiresroyales.fr\/tag\/richard-de-gloucester\/\" title=\"\" target=\"_blank\" rel=\"noopener\">Richard de Gloucester<\/a>, <a href=\"https:\/\/histoiresroyales.fr\/tag\/senna-kowhai-lewis\/\" title=\"\" target=\"_blank\" rel=\"noopener\">Senna Kowhai Lewis<\/a>, <a href=\"https:\/\/histoiresroyales.fr\/tag\/sophie-de-wessex\/\" title=\"\" target=\"_blank\" rel=\"noopener\">Sophie d&rsquo;\u00c9dimbourg<\/a>, <a href=\"https:\/\/histoiresroyales.fr\/tag\/sophie-winkleman\/\" title=\"\" target=\"_blank\" rel=\"noopener\">Sophie Winkleman<\/a>, <a href=\"https:\/\/histoiresroyales.fr\/tag\/tane-mahuta-lewis\/\" title=\"\" target=\"_blank\" rel=\"noopener\">Tane Mahuta Lewis<\/a>, <a href=\"https:\/\/histoiresroyales.fr\/tag\/zara-phillips\/\" title=\"\" target=\"_blank\" rel=\"noopener\">Zara Phillips<\/a>\t<\/p>\n<p>\t\t\t\t<img loading=\"lazy\" alt=\"Avatar photo\" src=\"https:\/\/www.europesays.com\/fr\/wp-content\/uploads\/2025\/04\/1516945716303-164x164.jpeg\"  class=\"avatar avatar-164 photo lazyload\" height=\"164\" width=\"164\" decoding=\"async\"\/><br \/>\n\t\t<a href=\"https:\/\/histoiresroyales.fr\/author\/royaliste123\/\" target=\"_blank\" rel=\"noopener\">Nicolas Fontaine<\/a><br \/>\n\t\t\t\t\tR\u00e9dacteur en chef<\/p>\n<p>Nicolas Fontaine a \u00e9t\u00e9 concepteur-r\u00e9dacteur et auteur pour de nombreuses marques et m\u00e9dias belges et fran\u00e7ais. Sp\u00e9cialiste de l&rsquo;actualit\u00e9 des familles royales, Nicolas a fond\u00e9 le site Histoires royales dont il est le r\u00e9dacteur en chef.&#13;<br \/>\n&#13;<br \/>\nnicolas@histoiresroyales.fr<\/p>\n<p>\t\t\t\t\t\t\t<a href=\"https:\/\/twitter.com\/ActusRoyales\" class=\"boxed-icon fill twitter\" target=\"_blank\" rel=\"noopener\"><\/a><br \/>\n\t\t\t\t\t\t\t\t\t<a href=\"https:\/\/www.instagram.com\/histoiresroyales.fr\/\" class=\"boxed-icon fill instagram\" target=\"_blank\" rel=\"noopener\"><\/a><\/p>\n<p>\t\t\t\t\t\t\t\t\t\t\t\t\t<script async src=\"https:\/\/platform.twitter.com\/widgets.js\" charset=\"utf-8\"><\/script><script async src=\"\/\/www.instagram.com\/embed.js\"><\/script><\/p>\n","protected":false},"excerpt":{"rendered":"La princesse de Galles a dirig\u00e9 son concert de chants de No\u00ebl \u00e0 l\u2019abbaye de Westminster, ce vendredi&hellip;\n","protected":false},"author":2,"featured_media":581338,"comment_status":"","ping_status":"","sticky":false,"template":"","format":"standard","meta":{"footnotes":""},"categories":[1359],"tags":[69502,69503,22379,69504,69505,69506,69507,58,69508,59,1011,27,10801,69509,69510,5858,69511,69512,69513,31175,69514,69515,69516,45308,64981,973,3936,31178,69517,69170,69518,69519,69520],"class_list":{"0":"post-581337","1":"post","2":"type-post","3":"status-publish","4":"format-standard","5":"has-post-thumbnail","7":"category-people","8":"tag-abbaye-de-westminster","9":"tag-alizu00e9e-thevenet","10":"tag-birgitte-van-deurs","11":"tag-carole-middleton","12":"tag-cassius-taylor","13":"tag-charlotte-de-galles","14":"tag-columbus-taylor","15":"tag-divertissement","16":"tag-eloise-taylor","17":"tag-entertainment","18":"tag-fr","19":"tag-france","20":"tag-george-de-cambridge","21":"tag-isabella-windsor","22":"tag-james-middleton","23":"tag-kate-middleton","24":"tag-lady-davina-windsor","25":"tag-lady-helen-taylor","26":"tag-lord-frederick-windsor","27":"tag-louis-de-cambridge","28":"tag-maud-windsor","29":"tag-michael-de-kent","30":"tag-michael-middleton","31":"tag-mike-tindall","32":"tag-nou00ebl","33":"tag-people","34":"tag-prince-william","35":"tag-richard-de-gloucester","36":"tag-senna-kowhai-lewis","37":"tag-sophie-du00c9dimbourg","38":"tag-sophie-winkleman","39":"tag-tane-mahuta-lewis","40":"tag-zara-phillips"},"share_on_mastodon":{"url":"","error":"Validation failed: Text character limit of 500 exceeded"},"_links":{"self":[{"href":"https:\/\/www.europesays.com\/fr\/wp-json\/wp\/v2\/posts\/581337","targetHints":{"allow":["GET"]}}],"collection":[{"href":"https:\/\/www.europesays.com\/fr\/wp-json\/wp\/v2\/posts"}],"about":[{"href":"https:\/\/www.europesays.com\/fr\/wp-json\/wp\/v2\/types\/post"}],"author":[{"embeddable":true,"href":"https:\/\/www.europesays.com\/fr\/wp-json\/wp\/v2\/users\/2"}],"replies":[{"embeddable":true,"href":"https:\/\/www.europesays.com\/fr\/wp-json\/wp\/v2\/comments?post=581337"}],"version-history":[{"count":0,"href":"https:\/\/www.europesays.com\/fr\/wp-json\/wp\/v2\/posts\/581337\/revisions"}],"wp:featuredmedia":[{"embeddable":true,"href":"https:\/\/www.europesays.com\/fr\/wp-json\/wp\/v2\/media\/581338"}],"wp:attachment":[{"href":"https:\/\/www.europesays.com\/fr\/wp-json\/wp\/v2\/media?parent=581337"}],"wp:term":[{"taxonomy":"category","embeddable":true,"href":"https:\/\/www.europesays.com\/fr\/wp-json\/wp\/v2\/categories?post=581337"},{"taxonomy":"post_tag","embeddable":true,"href":"https:\/\/www.europesays.com\/fr\/wp-json\/wp\/v2\/tags?post=581337"}],"curies":[{"name":"wp","href":"https:\/\/api.w.org\/{rel}","templated":true}]}}