{"id":581339,"date":"2025-12-06T04:25:20","date_gmt":"2025-12-06T04:25:20","guid":{"rendered":"https:\/\/www.europesays.com\/fr\/581339\/"},"modified":"2025-12-06T04:25:20","modified_gmt":"2025-12-06T04:25:20","slug":"a-coatreven-il-a-capture-la-super-lune-un-moment-rare-ou-lunivers-nous-rappelle-a-quel-point-il-peut-etre-grandiose","status":"publish","type":"post","link":"https:\/\/www.europesays.com\/fr\/581339\/","title":{"rendered":"\u00c0 Coatr\u00e9ven, il a captur\u00e9 la Super Lune\u00a0: \u00ab\u00a0Un moment rare o\u00f9 l\u2019univers nous rappelle \u00e0 quel point il peut \u00eatre grandiose\u00a0\u00bb"},"content":{"rendered":"<p>La pleine Lune revient tous les 29 jours, avec plus ou moins d\u2019intensit\u00e9. Lorsque la Lune est au plus loin de la Terre, \u00ab\u00a0\u00e0 l\u2019apog\u00e9e\u00a0\u00bb, la pleine Lune est alors appel\u00e9e \u00ab\u00a0Micro Lune\u00a0\u00bb. \u00c0 l\u2019inverse, quand elle est au plus pr\u00e8s de la Terre, \u00ab\u00a0au p\u00e9rig\u00e9e\u00a0\u00bb, elle est appel\u00e9e \u00ab\u00a0Super Lune\u00a0\u00bb. C\u2019\u00e9tait le cas dans la nuit du jeudi 4 au vendredi 5 d\u00e9cembre.<\/p>\n<p>Un ph\u00e9nom\u00e8ne exceptionnel puisqu\u2019il faudra attendre 17 ans\u2026 en 2042 donc, pour qu\u2019une Super Lune retrouve ces conditions exceptionnelles. De quoi d\u00e9clencher l\u2019enthousiasme des photographes.<\/p>\n<p>\u00c0 Coatr\u00e9ven, pr\u00e8s de Lannion (22), Kevin Danis, 32 ans, a attendu patiemment que les nuages s\u2019en aillent pour pouvoir l\u2019observer et la capturer \u00e0 l\u2019aide de son Fujifilm X-T3. \u00ab\u00a0Il \u00e9tait 23\u00a0h\u00a055. J\u2019ai pass\u00e9 plus de temps \u00e0 tourner la molette de mise au point manuelle au millim\u00e8tre qu\u2019\u00e0 installer tout le matos. Et ensuite, j\u2019ai r\u00e9alis\u00e9 un petit braketing d\u2019exposition, une combinaison de trois photos expos\u00e9es diff\u00e9remment pour avoir tous les d\u00e9tails de la Lune avec les crat\u00e8res, avec les \u00e9toiles derri\u00e8re\u2026\u00a0\u00bb<\/p>\n<p>Une Lune \u00ab\u00a0presque vivante\u00a0\u00bb<\/p>\n<p>Photographe amateur depuis sept ans, il a lanc\u00e9 son entreprise le 1er mai. \u00ab\u00a0Je suis ing\u00e9nieur syst\u00e8me en informatique \u00e0 Open, \u00e0 Lannion. C\u2019est une activit\u00e9 secondaire, je me suis lanc\u00e9 parce qu\u2019on me demandait parfois si les clich\u00e9s que je diffuse sur mes r\u00e9seaux \u00e9taient \u00e0 vendre. J\u2019avais aussi des demandes pour les mariages, les photos de naissance\u2026\u00a0\u00bb, rembobine Kevin Danis.<\/p>\n<p>Sur sa page Facebook, il raconte l\u2019\u00e9motion de saisir des \u00e9v\u00e8nements astronomiques comme cette Super Lune\u00a0: \u00ab\u00a0Elle semblait plus proche, plus lumineuse, presque vivante, un moment rare o\u00f9 l\u2019univers nous rappelle \u00e0 quel point il peut \u00eatre grandiose\u00a0\u00bb.<\/p>\n<p>Alors qu\u2019il cherchait les \u00e9toiles filantes, le photographe de Coatr\u00e9ven a aussi r\u00e9cemment assist\u00e9 \u00e0 la magie du spectacle des aurores bor\u00e9ales. \u00ab\u00a0Ce qui est sympa avec les photos, c\u2019est qu\u2019avec de longues expositions, on est capable de capter ce que l\u2019on ne peut pas voir \u00e0 l\u2019\u0153il nu. M\u00eame avec un simple smartphone, on peut faire de beaux clich\u00e9s. Le secret, c\u2019est de trouver un moyen de bien stabiliser l\u2019appareil\u00a0\u00bb.<\/p>\n<p>Pratique<\/p>\n","protected":false},"excerpt":{"rendered":"La pleine Lune revient tous les 29 jours, avec plus ou moins d\u2019intensit\u00e9. Lorsque la Lune est au&hellip;\n","protected":false},"author":2,"featured_media":581340,"comment_status":"","ping_status":"","sticky":false,"template":"","format":"standard","meta":{"footnotes":""},"categories":[1358],"tags":[1348,1384,1385,829,69521,2171,1386,58,59,1011,27,5862],"class_list":{"0":"post-581339","1":"post","2":"type-post","3":"status-publish","4":"format-standard","5":"has-post-thumbnail","7":"category-arts-et-design","8":"tag-arts","9":"tag-arts-and-design","10":"tag-arts-et-design","11":"tag-bretagne","12":"tag-coatreven","13":"tag-cotes-darmor","14":"tag-design","15":"tag-divertissement","16":"tag-entertainment","17":"tag-fr","18":"tag-france","19":"tag-lannion"},"share_on_mastodon":{"url":"https:\/\/pubeurope.com\/@fr\/115670726983849002","error":""},"_links":{"self":[{"href":"https:\/\/www.europesays.com\/fr\/wp-json\/wp\/v2\/posts\/581339","targetHints":{"allow":["GET"]}}],"collection":[{"href":"https:\/\/www.europesays.com\/fr\/wp-json\/wp\/v2\/posts"}],"about":[{"href":"https:\/\/www.europesays.com\/fr\/wp-json\/wp\/v2\/types\/post"}],"author":[{"embeddable":true,"href":"https:\/\/www.europesays.com\/fr\/wp-json\/wp\/v2\/users\/2"}],"replies":[{"embeddable":true,"href":"https:\/\/www.europesays.com\/fr\/wp-json\/wp\/v2\/comments?post=581339"}],"version-history":[{"count":0,"href":"https:\/\/www.europesays.com\/fr\/wp-json\/wp\/v2\/posts\/581339\/revisions"}],"wp:featuredmedia":[{"embeddable":true,"href":"https:\/\/www.europesays.com\/fr\/wp-json\/wp\/v2\/media\/581340"}],"wp:attachment":[{"href":"https:\/\/www.europesays.com\/fr\/wp-json\/wp\/v2\/media?parent=581339"}],"wp:term":[{"taxonomy":"category","embeddable":true,"href":"https:\/\/www.europesays.com\/fr\/wp-json\/wp\/v2\/categories?post=581339"},{"taxonomy":"post_tag","embeddable":true,"href":"https:\/\/www.europesays.com\/fr\/wp-json\/wp\/v2\/tags?post=581339"}],"curies":[{"name":"wp","href":"https:\/\/api.w.org\/{rel}","templated":true}]}}