{"id":581350,"date":"2025-12-06T04:32:12","date_gmt":"2025-12-06T04:32:12","guid":{"rendered":"https:\/\/www.europesays.com\/fr\/581350\/"},"modified":"2025-12-06T04:32:12","modified_gmt":"2025-12-06T04:32:12","slug":"eddy-mitchell-inquiete-je-me-suis-casse-la-il-donne-des-nouvelles-de-son-etat-de-sante-et-ce-nest-pas-rassurant","status":"publish","type":"post","link":"https:\/\/www.europesays.com\/fr\/581350\/","title":{"rendered":"Eddy Mitchell inqui\u00e8te : \u201cJe me suis cass\u00e9 la\u2026\u201d, il donne des nouvelles de son \u00e9tat de sant\u00e9 et ce n\u2019est pas rassurant"},"content":{"rendered":"<p>Invit\u00e9 sur le plateau de C \u00e0 vous ce 5 d\u00e9cembre, Eddy<br \/>\nMitchell a racont\u00e9 une ann\u00e9e 2025 tr\u00e8s mouvement\u00e9e. Le chanteur de<br \/>\n83 ans a expliqu\u00e9 qu\u2019il avait encha\u00een\u00e9 les soucis de sant\u00e9 malgr\u00e9<br \/>\nsa volont\u00e9 de rester positif.<\/p>\n<p>Face \u00e0 Mohamed Bouhafsi, il a r\u00e9sum\u00e9 son \u00e9tat : \u201cJ&rsquo;ai fait<br \/>\ndeux pneumonies, je me suis cass\u00e9 la figure, je me suis cass\u00e9 le<br \/>\ncoude, enfin bref, l&rsquo;ann\u00e9e se termine et plut\u00f4t, \u00e7a sera<br \/>\nmieux.\u201d \u00c0 la question \u201c\u00c7a va mieux ?\u201d, il a<br \/>\nsimplement r\u00e9pondu \u201cOui.\u201d L\u2019animateur lui a sugg\u00e9r\u00e9 avec<br \/>\nhumour qu\u2019il fallait \u201cjeter\u201d 2025, ce \u00e0 quoi l\u2019artiste a r\u00e9pliqu\u00e9 :<br \/>\n\u201cFini, fini, fini.\u201d\u00a0<\/p>\n<p>Mohamed Bouhafsi lui a demand\u00e9 s\u2019il pensait d\u00e9j\u00e0 \u00e0 remonter sur<br \/>\nsc\u00e8ne. Eddy Mitchell a r\u00e9pondu avec prudence : \u201cOui, mais<br \/>\nenfin, pour le moment, j&rsquo;esp\u00e8re surtout me retaper, oui.\u201d Une<br \/>\nfa\u00e7on de rappeler qu\u2019il avance \u00e9tape par \u00e9tape. \u00c0 nouveau interrog\u00e9<br \/>\nsur son \u00e9tat par le pr\u00e9sentateur, il a assur\u00e9 que son \u00e9tat<br \/>\ns&rsquo;am\u00e9liorait, disant aller \u201cbeaucoup mieux\u201d.<\/p>\n<p>Une ann\u00e9e marqu\u00e9e par les<br \/>\ncomplications<\/p>\n<p><a href=\"https:\/\/www.closermag.fr\/people\/une-erreur-de-diagnostic-opere-hospitalise-accidente-eddy-mitchell-cash-sur-ses-problemes-de-sante-3602429\" target=\"_blank\" rel=\"noopener\"><br \/>\nDans Le Parisien, Eddy Mitchell avait d\u00e9taill\u00e9 son<br \/>\nparcours m\u00e9dical<\/a> il y a quelques jours. Il a racont\u00e9 plus en<br \/>\nd\u00e9tail ses deux pneumonies. \u201cComme la 2e ne gu\u00e9rissait pas,<br \/>\nj\u2019ai consult\u00e9. Je me suis aper\u00e7u qu\u2019il y avait eu une erreur de<br \/>\ndiagnostic d\u2019un toubib\u201d, a-t-il expliqu\u00e9. L\u2019\u00e9t\u00e9 a \u00e9t\u00e9 tout<br \/>\naussi difficile. Il a \u00e9t\u00e9 op\u00e9r\u00e9 du nez en juin \u00e0 Toulon, puis est<br \/>\npass\u00e9 par les urgences \u00e0 Gassin, avant une hospitalisation \u00e0<br \/>\nMarseille en juillet.<\/p>\n<p>\u00c0 son retour \u00e0 Paris, la situation ne s\u2019est pas arrang\u00e9e.<br \/>\n\u201cEn rentrant \u00e0 Paris, je me suis cass\u00e9 la gueule. Et je me suis<br \/>\np\u00e9t\u00e9 le bras droit. C\u2019est pas mon ann\u00e9e. J\u2019ai h\u00e2te que 2025<br \/>\ns\u2019arr\u00eate\u201d, avait-t-il d\u00e9j\u00e0 confi\u00e9. Aujourd\u2019hui, il r\u00e9cup\u00e8re<br \/>\ndans sa r\u00e9sidence de Saint-Tropez. \u201cEn ce moment, je ne vois pas grand monde. C\u2019est calme, les<br \/>\ns\u00e9ances de cin\u00e9ma, les voisins adorables, le petit resto sur la<br \/>\nplage. Sans musique, ni photographe ni bimbo\u2026\u201d, a-t-il d\u00e9crit,<br \/>\nreconnaissant que le repos lui faisait du bien.<\/p>\n<p>Malgr\u00e9 ses soucis de sant\u00e9, Eddy Mitchell continue de s\u00e9duire le<br \/>\npublic. Tous ses r\u00e9cents albums ont d\u00e9pass\u00e9 les 50 000 ventes.<br \/>\nUniversal Music a m\u00eame r\u00e9\u00e9dit\u00e9 son dernier disque, Amigos, avec trois nouveaux titres. Une<br \/>\npreuve que, m\u00eame affaibli, l\u2019artiste reste incontournable.<\/p>\n","protected":false},"excerpt":{"rendered":"Invit\u00e9 sur le plateau de C \u00e0 vous ce 5 d\u00e9cembre, Eddy Mitchell a racont\u00e9 une ann\u00e9e 2025&hellip;\n","protected":false},"author":2,"featured_media":581351,"comment_status":"","ping_status":"","sticky":false,"template":"","format":"standard","meta":{"footnotes":""},"categories":[8],"tags":[21303,5632,58,7704,59,1011,27,65861],"class_list":{"0":"post-581350","1":"post","2":"type-post","3":"status-publish","4":"format-standard","5":"has-post-thumbnail","7":"category-divertissement","8":"tag-buzz_nonli","9":"tag-c-a-vous","10":"tag-divertissement","11":"tag-eddy-mitchell","12":"tag-entertainment","13":"tag-fr","14":"tag-france","15":"tag-trend"},"share_on_mastodon":{"url":"https:\/\/pubeurope.com\/@fr\/115670754614959278","error":""},"_links":{"self":[{"href":"https:\/\/www.europesays.com\/fr\/wp-json\/wp\/v2\/posts\/581350","targetHints":{"allow":["GET"]}}],"collection":[{"href":"https:\/\/www.europesays.com\/fr\/wp-json\/wp\/v2\/posts"}],"about":[{"href":"https:\/\/www.europesays.com\/fr\/wp-json\/wp\/v2\/types\/post"}],"author":[{"embeddable":true,"href":"https:\/\/www.europesays.com\/fr\/wp-json\/wp\/v2\/users\/2"}],"replies":[{"embeddable":true,"href":"https:\/\/www.europesays.com\/fr\/wp-json\/wp\/v2\/comments?post=581350"}],"version-history":[{"count":0,"href":"https:\/\/www.europesays.com\/fr\/wp-json\/wp\/v2\/posts\/581350\/revisions"}],"wp:featuredmedia":[{"embeddable":true,"href":"https:\/\/www.europesays.com\/fr\/wp-json\/wp\/v2\/media\/581351"}],"wp:attachment":[{"href":"https:\/\/www.europesays.com\/fr\/wp-json\/wp\/v2\/media?parent=581350"}],"wp:term":[{"taxonomy":"category","embeddable":true,"href":"https:\/\/www.europesays.com\/fr\/wp-json\/wp\/v2\/categories?post=581350"},{"taxonomy":"post_tag","embeddable":true,"href":"https:\/\/www.europesays.com\/fr\/wp-json\/wp\/v2\/tags?post=581350"}],"curies":[{"name":"wp","href":"https:\/\/api.w.org\/{rel}","templated":true}]}}