{"id":581354,"date":"2025-12-06T04:34:18","date_gmt":"2025-12-06T04:34:18","guid":{"rendered":"https:\/\/www.europesays.com\/fr\/581354\/"},"modified":"2025-12-06T04:34:18","modified_gmt":"2025-12-06T04:34:18","slug":"airbus-et-saab-envisagent-de-nouer-une-cooperation-sur-les-drones-de-combat-collaboratifs-zone-militaire","status":"publish","type":"post","link":"https:\/\/www.europesays.com\/fr\/581354\/","title":{"rendered":"Airbus et Saab envisagent de nouer une coop\u00e9ration sur les drones de combat collaboratifs &#8211; Zone Militaire"},"content":{"rendered":"<ol>\n<li><a href=\"https:\/\/news.google.com\/rss\/articles\/CBMiwwFBVV95cUxNR3Zld1k1STBad2x4UTZwWWxGYXBtM01BbzhtWVBMZUsxcHpFaERBVWhQTGtWZzRZekJBaU1NVjU3WUhybUFadlVnR2l5Y0RzOW9yWENlcVpfLV9OWE1aN2QwQ2VGa2VWOTFDOHdDLUFDTUJKdkVPM1V1d04wQ3JsVFhEamUwLXJsY3Frb2liWExWakVrVEdadUVKT0pNNzg4UkN2MGR6ZGNkWFlLaWhYb09wX25rTU9UYk82RlhmeDdyNUU?oc=5\" target=\"_blank\" rel=\"noopener\">Airbus et Saab envisagent de nouer une coop\u00e9ration sur les drones de combat collaboratifs<\/a>&nbsp;&nbsp;Zone Militaire<\/li>\n<li><a href=\"https:\/\/news.google.com\/rss\/articles\/CBMinwJBVV95cUxObm9aZlplUWRnVEFDRU1sV0Z6Sk5LdmNkN0o3a1pPT04tdDlyekthMHBsdnBLVjZZNWxYNTNHOFJLRlR4QXVwMFlzYW9WRkdFRGdCX1diUWpVNGkzbmRCalpPaF9mNDlRYm5haVBncy1kTExPSFZIazN0Wmk1Mlo3dHlNemJWR0hFWUhPT0hrTkFWS2lTcXQ5TzB5S2NJV1FWQkcwMHJHUlJVVTF2MERGR09wYVBUcEFKMFZWYmlaSlFYZ2tyeExLb1RnLVdvZ3dkQ1l5WDQ3R3IxcUc5dlpPOGhRa1FRcFd1RlhPOE5JdHBTTnhOQWNvRDItWG54YU9iWGU1VHZvUEVrUnVZMnBqOENFWmVPVS0tbVF2OUdlbw?oc=5\" target=\"_blank\" rel=\"noopener\">Le chasseur europ\u00e9en Scaf \u00e9tant mal embarqu\u00e9, Airbus discute avec Saab d\u2019une coop\u00e9ration sur un avion de combat sans pilote<\/a>&nbsp;&nbsp;BFM<\/li>\n<li><a href=\"https:\/\/news.google.com\/rss\/articles\/CBMi9gFBVV95cUxQR0RycEhHUTZQWFBiV1VTN1A2eklPUm1Fd0RLUUl0S25tSndCaTladFpRaEZZbU52eS05WWxlU3M5UHBzaE5NN291RXBQQmh2eXo5QXpKYzV6VnpCZGIyTTBDaVI5TFN3V3V2dGZYS3E0QkUzU0FVamdSdkdkOVFXdjlMRnJhTVZSYkM4NEQ1aXFwNXZYdy12LWpaUnZfSlU0SHhaNEtXcTN4V1VlWDVsTGcyRjdlT0lqN3VSZE8zNkpsUlFRazR6NEtYbUl5VmJNdzBKSWQ3S2ZwVUUwd3BmTld5dV9NZlJKTi1PekVTS0JUNjRETFHSAfsBQVVfeXFMTzZHRjh6UE5DYU1PV0JKdnNIa3lyRThJTVBjTEZXRExTaEdGd2c2TmJrS2hsaEtjXzlXYU9kZ05Pay1TM2ktQU1teVlIa2sxTG9CUTZ0TFlLLXBuaUo0QVM2aVB6amg5ODNHQlFVUVczNTVtMEVONjNDcTBSWUpLT1pHRFUtWVRQc0g4cGpfcFNDbVRzczZqamhUMXR6TGJub2h5aUNLUHhoY0hsMVVYS09qNFJ4amlGOW9SQ1ZFNzRvZXgyNV9FZVZRS0JVRnhFdDM2YV92VTZCdnpqTjlDR3hDWmU3XzllVU5EVHFkbFpDaGZxNzVhSGdZdXc?oc=5\" target=\"_blank\" rel=\"noopener\">Airbus et Saab explorent une coop\u00e9ration sur les drones de combat, les titres grimpent<\/a>&nbsp;&nbsp;Boursorama<\/li>\n<li><a href=\"https:\/\/news.google.com\/rss\/articles\/CBMi1gFBVV95cUxOYTJ4c3ZxcERENHVzYS02UXE5ZlEtVmlqUXp6U1RMN1ItZkNpSUN1OHVYNXdCSElIaHpxT25SbEp4QnI1OTJLVVJDb3h3WFFMdTlLbnIyaGp0ZDhQWncwRXY3Qk9GYnBzQnhnUEtGRVVYOUsyNlgxc29FSjdPUmJqOFVlc3hZRHJsUE93eEFxajFlMnJNa1NHMl9yNjYxdlNjNHhDRHd0WVdST01ldHpjOWpHekttcGVjd3U4RkpKQmw1bDBrOEwxLWdNRmZ0czQxRVhSMVh3?oc=5\" target=\"_blank\" rel=\"noopener\">Airbus et Saab envisagent une coop\u00e9ration sur les drones de combat, les actions s\u2019envolent<\/a>&nbsp;&nbsp;Capital.fr<\/li>\n<li><a href=\"https:\/\/news.google.com\/rss\/articles\/CBMi0gFBVV95cUxPR3lHWGRJSTdTa2Z5Zkg3eWtCSWNNSldtS1c5R0stQ3dHMEQ4T2dCNU81TVcxQjlxT0ZhNkk1Y1Rvd01JQUtuQWNpSy1BMGtjTmkzZGx0LUEzdlNFbjFVVlNwWFE3U3BNbkNMLXU4R1hNS05fd3dWQ3Ezckhnd2p4c041RWtxaTNjY3JEajd6ZDRyR3NQa2pWV2JRc0hGbFRzOGFRdl9jZHRMeU56NTRBaVJXb21zcW53VThBcG1VMzE4cEctZ3NsU2RTMF8zLXRYQ0E?oc=5\" target=\"_blank\" rel=\"noopener\">Airbus : une collaboration avec SAAB dans les avions de combat sans pilote ?<\/a>&nbsp;&nbsp;Boursier.com<\/li>\n<\/ol>\n","protected":false},"excerpt":{"rendered":"Airbus et Saab envisagent de nouer une coop\u00e9ration sur les drones de combat collaboratifs&nbsp;&nbsp;Zone Militaire Le chasseur europ\u00e9en&hellip;\n","protected":false},"author":2,"featured_media":581355,"comment_status":"","ping_status":"","sticky":false,"template":"","format":"standard","meta":{"footnotes":""},"categories":[6],"tags":[36,672,35,58097,69522,59874,33,34,1011,27,10730,24703,29284,7199],"class_list":{"0":"post-581354","1":"post","2":"type-post","3":"status-publish","4":"format-standard","5":"has-post-thumbnail","7":"category-economie","8":"tag-airbus","9":"tag-allemagne","10":"tag-business","11":"tag-cca","12":"tag-drone-de-combat","13":"tag-drone-de-combat-collaboratif","14":"tag-economie","15":"tag-economy","16":"tag-fr","17":"tag-france","18":"tag-gcap","19":"tag-saab","20":"tag-scaf","21":"tag-suede"},"share_on_mastodon":{"url":"https:\/\/pubeurope.com\/@fr\/115670762390457403","error":""},"_links":{"self":[{"href":"https:\/\/www.europesays.com\/fr\/wp-json\/wp\/v2\/posts\/581354","targetHints":{"allow":["GET"]}}],"collection":[{"href":"https:\/\/www.europesays.com\/fr\/wp-json\/wp\/v2\/posts"}],"about":[{"href":"https:\/\/www.europesays.com\/fr\/wp-json\/wp\/v2\/types\/post"}],"author":[{"embeddable":true,"href":"https:\/\/www.europesays.com\/fr\/wp-json\/wp\/v2\/users\/2"}],"replies":[{"embeddable":true,"href":"https:\/\/www.europesays.com\/fr\/wp-json\/wp\/v2\/comments?post=581354"}],"version-history":[{"count":0,"href":"https:\/\/www.europesays.com\/fr\/wp-json\/wp\/v2\/posts\/581354\/revisions"}],"wp:featuredmedia":[{"embeddable":true,"href":"https:\/\/www.europesays.com\/fr\/wp-json\/wp\/v2\/media\/581355"}],"wp:attachment":[{"href":"https:\/\/www.europesays.com\/fr\/wp-json\/wp\/v2\/media?parent=581354"}],"wp:term":[{"taxonomy":"category","embeddable":true,"href":"https:\/\/www.europesays.com\/fr\/wp-json\/wp\/v2\/categories?post=581354"},{"taxonomy":"post_tag","embeddable":true,"href":"https:\/\/www.europesays.com\/fr\/wp-json\/wp\/v2\/tags?post=581354"}],"curies":[{"name":"wp","href":"https:\/\/api.w.org\/{rel}","templated":true}]}}