{"id":581362,"date":"2025-12-06T04:38:17","date_gmt":"2025-12-06T04:38:17","guid":{"rendered":"https:\/\/www.europesays.com\/fr\/581362\/"},"modified":"2025-12-06T04:38:17","modified_gmt":"2025-12-06T04:38:17","slug":"pourquoi-les-habitants-ne-vont-plus-a-la-decheterie","status":"publish","type":"post","link":"https:\/\/www.europesays.com\/fr\/581362\/","title":{"rendered":"pourquoi les habitants ne vont plus \u00e0 la d\u00e9ch\u00e8terie"},"content":{"rendered":"<p>                    Par<br \/>\n        <strong><br \/>\n            <a href=\"https:\/\/actu.fr\/auteur\/mathias-souteyrat\" title=\"Consulter tous les articles de Mathias Souteyrat\" target=\"_blank\" rel=\"noopener\">Mathias Souteyrat<\/a><br \/>\n                    <\/strong><\/p>\n<p>        Publi\u00e9 le<\/p>\n<p>            5 d\u00e9c. 2025 \u00e0 11h19        <\/p>\n<p>Apr\u00e8s notre article <a href=\"https:\/\/actu.fr\/auvergne-rhone-alpes\/villars_42330\/loire-ce-maire-ne-veut-plus-de-ce-systeme-en-decheterie-nous-nous-sommes-trompes_63530527.html\" target=\"_blank\" rel=\"noopener\">Ce maire ne veut plus de ce syst\u00e8me en d\u00e9ch\u00e8terie :\u2009\u00ab\u2009Nous nous sommes tromp\u00e9s\u2009\u00bb<\/a>, o\u00f9 Jordan Da Silva, maire de Villars (Loire), explique pourquoi il souhaite la suspension du <a href=\"https:\/\/actu.fr\/auvergne-rhone-alpes\/saint-etienne_42218\/depot-sauvage-qr-code-en-dechetterie-passe-d-armes-entre-la-metropole-et-saint-etienne_63401342.html\" target=\"_blank\" rel=\"noopener\">QR code en d\u00e9ch\u00e8terie<\/a>, les usagers ont vivement r\u00e9agi via nos r\u00e9seaux sociaux. Incivilit\u00e9, complexit\u00e9 du syst\u00e8me, probl\u00e8me d\u2019accessibilit\u00e9\u2026 Le sujet est loin de faire consensus.<\/p>\n<p>\u00ab\u2009Avant, je me rendais r\u00e9guli\u00e8rement \u00e0 la d\u00e9ch\u00e8terie. Maintenant, je cumule les d\u00e9chets chez moi\u2009\u00bb<\/p>\n<p class=\" wall-content\">\u00ab\u2009Avant, je me rendais r\u00e9guli\u00e8rement \u00e0 la d\u00e9chetterie, explique Isabelle. Maintenant, je cumule les d\u00e9chets chez moi avant de faire un trajet pour que \u00e7a en vaille la peine. Moralit\u00e9\u2009: les d\u00e9chets verts chauffent dans les sacs, \u00e7a sent mauvais et \u00e7a fait du jus. Le garage est plus encombr\u00e9. Du grand n\u2019importe quoi.\u2009\u00bb<\/p>\n<p class=\" wall-content\">Cyrine Makhlouf, adjointe \u00e0 la mairie de Saint-\u00c9tienne, est aussi oppos\u00e9e au QR code. \u00ab\u2009Car non, les d\u00e9p\u00f4ts sauvages ne sont pas stables. Si l\u2019on compare la p\u00e9riode de novembre 2023 \u00e0 avril 2024, avant le QR code, \u00e0 la p\u00e9riode novembre 2024 \u00e0 avril 2025, apr\u00e8s la mise en place de QR code, <strong>ce sont plus de 200 tonnes suppl\u00e9mentaires de d\u00e9charges sauvages, en six mois, qui se retrouvent \u00e0 Saint-\u00c9tienne sur l\u2019espace public et non pas en d\u00e9ch\u00e8terie<\/strong>. Le m\u00eame constat a d\u2019ailleurs \u00e9t\u00e9 fait dans d\u2019autres communes comme La Ricamarie, La Grand-Croix ou Unieux.\u2009\u00bb<\/p>\n<p class=\" wall-content\">Pour la M\u00e9tropole st\u00e9phanoise, \u00ab\u00a0les quantit\u00e9s de d\u00e9chets collect\u00e9s par les services techniques municipaux ont, pour certaines communes, augment\u00e9 <strong>mais g\u00e9n\u00e9ralement de mani\u00e8re mod\u00e9r\u00e9e<\/strong> (50 tonnes en moyenne par mois pour l\u2019ensemble du territoire de Saint-Etienne M\u00e9tropole)\u00a0\u00bb. Ces quantit\u00e9s restent bien inf\u00e9rieures \u00e0 2022. \u00ab\u2009Les situations des communes qui ont subi des augmentations ont \u00e9t\u00e9 signal\u00e9es et font l\u2019objet d\u2019une analyse particuli\u00e8re.\u2009\u00bb<\/p>\n<p>\u00ab\u2009La probl\u00e9matique est le respect et l\u2019\u00e9ducation\u2009\u00bb<\/p>\n<p class=\" wall-content\">Pour certains, le QR code n\u2019est qu\u2019un pr\u00e9texte. Le probl\u00e8me serait plus profond\u2009: \u00ab\u2009Je doute que la situation change en r\u00e9tablissant l\u2019ancien syst\u00e8me, conc\u00e8de Ga\u00eblle. La probl\u00e9matique est le respect et l\u2019\u00e9ducation. \u00c0 Saint-\u00c9tienne, il n\u2019existe plus ni l\u2019un ni l\u2019autre\u2009!\u2009\u00bb<\/p>\n<p class=\" wall-content\">Pour un autre habitant\u2009: \u00ab\u2009Les d\u00e9charges sauvages ne sont pas dues au QR code mais \u00e0 l\u2019incivisme.\u2009\u00bb<\/p>\n<p class=\" wall-content\">La <strong>redevance pollueur-payeur<\/strong> a \u00e9t\u00e9 mise en place par les municipalit\u00e9s de Saint-\u00c9tienne et de Rive-de-Gier.<\/p>\n<p>Votre r\u00e9gion, votre actu !<\/p>\n<p>Recevez chaque jour les infos qui comptent pour vous.<\/p>\n<p>\t<a href=\"https:\/\/actu.fr\/newsletter\" class=\"ac-btn ac-btn--corner ac-btn--medium ac-btn--blue800\" target=\"_blank\" rel=\"noopener\">S&rsquo;incrire<\/a><\/p>\n<p>    <img   decoding=\"async\" loading=\"lazy\" src=\"https:\/\/www.europesays.com\/fr\/wp-content\/uploads\/2025\/12\/rdg-mag-68-p7-depots-sauvages-960x640.jpg\" alt=\"D\u00e9pot sauvage \u00e0 Rive-de-Gier.\" width=\"960\" height=\"640\"\/><br \/>\n    D\u00e9pot sauvage \u00e0 Rive-de-Gier. (\u00a9Photo transmise par la ville)<\/p>\n<p class=\" wall-content\">Pour faire face \u00e0 <a href=\"https:\/\/actu.fr\/auvergne-rhone-alpes\/rive-de-gier_42186\/loire-ce-phenomene-explose-la-ville-durcit-le-ton-des-amendes-jusqu-a-14-000-euros_63392700.html\" target=\"_blank\" rel=\"noopener\">l\u2019augmentation des d\u00e9charges sauvages<\/a> sur l\u2019espace public, la ville de Saint-Etienne a proc\u00e9d\u00e9 \u00e0 <strong>l\u2019installation de 10 cam\u00e9ras<\/strong> de vid\u00e9o-verbalisation (230\u2009000\u00a0euros de co\u00fbt total) et au recrutement de deux policiers municipaux suppl\u00e9mentaires pour suivre, enqu\u00eater et traiter les verbalisations. Par ailleurs, cinq camions-griffes interviennent en continu sur l\u2019espace public pour collecter les d\u00e9charges sauvages en recrudescence.<\/p>\n<p>Avoir une voiture personnelle, vieillissement de la population, pas de d\u00e9chetterie occasionnelle\u2026<\/p>\n<p class=\" wall-content\">\u00ab\u2009Dans beaucoup de communes p\u00e9riph\u00e9riques, des incivilit\u00e9s de ce genre. Mais aussi parfois des personnes \u00e2g\u00e9es qui, en milieu rural, ne pouvant se d\u00e9placer, se retrouvent en difficult\u00e9 et en plus avec un QR code, ce qui n\u2019est pas \u00e0 leur port\u00e9e, \u00e9num\u00e8re Virginie\u2026 On voyait des reportages sur les r\u00e9gions o\u00f9 cela \u00e9tait en place et c\u2019\u00e9tait un fiasco.\u2009\u00bb<\/p>\n<blockquote class=\"ac-article-quote wall-content\">\n<p>Ce syst\u00e8me cumulait les probl\u00e8mes. Il s&rsquo;ajoutait \u00e0 l&rsquo;obligation de compost. Il faut avoir une voiture personnelle. Il faut que cette voiture soit assez grande pour certains chargements, donc pas de possibilit\u00e9 de louer ou se faire pr\u00eater.<br \/>\nPas de d\u00e9ch\u00e8terie occasionnelle, il faut avoir anticip\u00e9.<br \/>\nIl faut stocker chez soi pour amortir le nombre de voyages. Qui \u00e0 la place\u00a0?<br \/>\nLes villes et les campagnes sont touch\u00e9es.<\/p>\n<p>    <strong>Val\u00e9rie<\/strong>\n            <\/p><\/blockquote>\n<p class=\" wall-content\">Selon l\u2019adjointe \u00e0 la mairie, Cyrine Makhlouf\u2009: \u00ab\u2009Force est de constater que le syst\u00e8me retenu \u00e9vince, de fait, toute une partie de la population, \u00e0 travers notamment la fracture num\u00e9rique et ne fait pas consensus aupr\u00e8s de la population. Une majorit\u00e9 d\u2019habitants malheureusement n\u2019y adh\u00e8re pas, faute d\u2019un dispositif trop complexe.\u2009\u00bb<\/p>\n<p>80 000 m\u00e9nages ont cr\u00e9\u00e9 leur compte<\/p>\n<p>Depuis novembre 2024, les usagers r\u00e9guliers des 13 d\u00e9ch\u00e8teries de Saint-Etienne M\u00e9tropole sont invit\u00e9s \u00e0 cr\u00e9er leur compte d\u2019acc\u00e8s. Un an apr\u00e8s, pr\u00e8s de 80 000 m\u00e9nages ont cr\u00e9\u00e9 leur compte, un nombre bien sup\u00e9rieur au nombre de maisons individuelles (67 000) des 53 communes de Saint-Etienne M\u00e9tropole. De nombreux habitants qui r\u00e9sident en appartement ont en effet \u00e9galement cr\u00e9\u00e9 leur compte car eux aussi peuvent avoir besoin d\u2019acc\u00e9der en d\u00e9ch\u00e8terie, M\u00e9tropole st\u00e9phanoise<\/p>\n<p class=\" wall-content\">Fred demande\u2009: \u00ab\u2009Pourquoi un QR code\u2009? Un simple justificatif de domicile de moins de trois mois aurait pu suffire.\u2009\u00bb<\/p>\n<p>\u00ab\u2009Ils sont encore en mode p\u00e9dagogie\u2009\u00bb<\/p>\n<p class=\" wall-content\">\u00ab\u2009Reconna\u00eetre une erreur c\u2019est extraordinaire de nos jours mais c\u2019est tr\u00e8s bien, note Dany. En esp\u00e9rant que les gens puissent avoir acc\u00e8s intelligemment aux d\u00e9chetteries et que le syst\u00e8me de ramassage sera moins contraignant pour les familles, les personnes \u00e2g\u00e9es ou handicap\u00e9es.\u2009\u00bb<\/p>\n<p>\u00c9volution des r\u00e8gles en 2025<\/p>\n<p>Courant 2025, les r\u00e8gles d\u2019acc\u00e8s ont \u00e9volu\u00e9 pour s\u2019adapter \u00e0 certains cas particuliers : inscription par un m\u00e9nage d\u2019un quad ou d\u2019un pick-up, mais aussi, depuis juillet, baisse de 5 \u00e0 2 unit\u00e9s par passage pour des remorques moyennes (de 500 \u00e0 750 kg de PTAC) et inscription d\u00e9sormais possible de grandes remorques (de 750 kg \u00e0 1200 kg de PTAC).<\/p>\n<p>Une \u00e9tude est \u00e9galement en cours pour faciliter l\u2019inscription d\u2019un v\u00e9hicule temporaire.<\/p>\n<p>L\u2019inscription et l\u2019accueil en d\u00e9ch\u00e8terie sont et restent gratuits. Il est toujours possible de cr\u00e9er son compte en ligne sur le site https:\/\/decheteries.saint-etienne-metropole.fr\/ ou de solliciter un formulaire d\u2019inscription \u00e0 l\u2019accueil des d\u00e9ch\u00e8teries.<\/p>\n<p>S\u2019ils rencontrent des difficult\u00e9s, les usagers sont invit\u00e9s \u00e0 contacter Infos D\u00e9chets par t\u00e9l\u00e9phone (0 800 882 735) ou par mail (<a href=\"https:\/\/actu.fr\/cdn-cgi\/l\/email-protection\" class=\"__cf_email__\" data-cfemail=\"dcb5b2bab3afb8b9bfb4b9a8af9cafbdb5b2a8f1b9a8b5b9b2b2b9f1b1b9a8aeb3acb3b0b9f2baae\" target=\"_blank\" rel=\"noopener\">[email\u00a0protected]<\/a>).<\/p>\n<p class=\" wall-content\">Et pour ceux qui se rendent \u00e0 la d\u00e9ch\u00e8terie sans QR code\u2009? Pour une usag\u00e8re, il est n\u00e9cessaire de relativiser la situation\u2009: \u00ab\u2009Personne ne m\u2019a bloqu\u00e9 l\u2019entr\u00e9e samedi quand je suis all\u00e9e jeter des cartons et des pots de peinture \u00e0 la d\u00e9ch\u00e8terie de la Chauvetiere. Ils sont encore en mode p\u00e9dagogie. Au pire j\u2019aurais fait les d\u00e9marches comme indiqu\u00e9 sur le document qu\u2019ils m\u2019ont remis. J\u2019ai re\u00e7u une certaine \u00e9ducation et en <strong>aucun cas je n\u2019aurais tout abandonn\u00e9 au coin de la rue<\/strong> par fain\u00e9antise ou manque de respect.\u2009\u00bb<\/p>\n<p class=\" wall-content\">Personnalisez votre actualit\u00e9 en ajoutant vos villes et m\u00e9dias en favori avec <a href=\"https:\/\/moncompte.actu.fr\" title=\"D\u00e9couvez Mon Actu\" rel=\"nofollow noopener\" data-trk=\"{&quot;cta&quot;:{&quot;action&quot;:&quot;https:\\\/\\\/moncompte.actu.fr&quot;,&quot;category&quot;:&quot;mon compte&quot;,&quot;from&quot;:&quot;article footer&quot;,&quot;name&quot;:&quot;Mon actu&quot;,&quot;type&quot;:&quot;cta&quot;}}\" target=\"_blank\">Mon Actu<\/a>.<\/p>\n","protected":false},"excerpt":{"rendered":"Par Mathias Souteyrat Publi\u00e9 le 5 d\u00e9c. 2025 \u00e0 11h19 Apr\u00e8s notre article Ce maire ne veut plus&hellip;\n","protected":false},"author":2,"featured_media":581363,"comment_status":"","ping_status":"","sticky":false,"template":"","format":"standard","meta":{"footnotes":""},"categories":[9653],"tags":[1111,11,2430,3008,1777,674,1011,27,12,25,4001,10060,104],"class_list":{"0":"post-581362","1":"post","2":"type-post","3":"status-publish","4":"format-standard","5":"has-post-thumbnail","7":"category-saint-etienne","8":"tag-actu","9":"tag-actualites","10":"tag-auvergne-rhone-alpes","11":"tag-dechets","12":"tag-eu","13":"tag-europe","14":"tag-fr","15":"tag-france","16":"tag-news","17":"tag-republique-francaise","18":"tag-saint-etienne","19":"tag-saint-etienne-metropole","20":"tag-societe"},"share_on_mastodon":{"url":"https:\/\/pubeurope.com\/@fr\/115670779049176628","error":""},"_links":{"self":[{"href":"https:\/\/www.europesays.com\/fr\/wp-json\/wp\/v2\/posts\/581362","targetHints":{"allow":["GET"]}}],"collection":[{"href":"https:\/\/www.europesays.com\/fr\/wp-json\/wp\/v2\/posts"}],"about":[{"href":"https:\/\/www.europesays.com\/fr\/wp-json\/wp\/v2\/types\/post"}],"author":[{"embeddable":true,"href":"https:\/\/www.europesays.com\/fr\/wp-json\/wp\/v2\/users\/2"}],"replies":[{"embeddable":true,"href":"https:\/\/www.europesays.com\/fr\/wp-json\/wp\/v2\/comments?post=581362"}],"version-history":[{"count":0,"href":"https:\/\/www.europesays.com\/fr\/wp-json\/wp\/v2\/posts\/581362\/revisions"}],"wp:featuredmedia":[{"embeddable":true,"href":"https:\/\/www.europesays.com\/fr\/wp-json\/wp\/v2\/media\/581363"}],"wp:attachment":[{"href":"https:\/\/www.europesays.com\/fr\/wp-json\/wp\/v2\/media?parent=581362"}],"wp:term":[{"taxonomy":"category","embeddable":true,"href":"https:\/\/www.europesays.com\/fr\/wp-json\/wp\/v2\/categories?post=581362"},{"taxonomy":"post_tag","embeddable":true,"href":"https:\/\/www.europesays.com\/fr\/wp-json\/wp\/v2\/tags?post=581362"}],"curies":[{"name":"wp","href":"https:\/\/api.w.org\/{rel}","templated":true}]}}