{"id":581364,"date":"2025-12-06T04:39:17","date_gmt":"2025-12-06T04:39:17","guid":{"rendered":"https:\/\/www.europesays.com\/fr\/581364\/"},"modified":"2025-12-06T04:39:17","modified_gmt":"2025-12-06T04:39:17","slug":"sur-rtl-gael-perdriau-sexprime-pour-la-premiere-fois-depuis-sa-condamnation-a-4-ans-de-prison-ferme","status":"publish","type":"post","link":"https:\/\/www.europesays.com\/fr\/581364\/","title":{"rendered":"sur RTL, Ga\u00ebl Perdriau s&rsquo;exprime pour la premi\u00e8re fois depuis sa condamnation \u00e0 4 ans de prison ferme"},"content":{"rendered":"<p class=\"article-p mdl\">Ga\u00ebl Perdriau, a \u00e9t\u00e9 reconnu \u00ab\u00a0enti\u00e8rement coupable\u00a0\u00bb, le 1er d\u00e9cembre, d&rsquo;avoir fait chanter un rival avec une sextape et\u00a0<a class=\"link\" href=\"https:\/\/www.rtl.fr\/actu\/justice-faits-divers\/chantage-a-la-sextape-a-saint-etienne-le-maire-gael-perdriau-condamne-a-4-ans-de-prison-ferme-avec-execution-immediate-7900572727\" title=\"Chantage \u00e0 la sextape \u00e0 Saint-\u00c9tienne : le maire Ga\u00ebl Perdriau condamn\u00e9 \u00e0 4 ans de prison ferme avec ex\u00e9cution imm\u00e9diate\" target=\"_blank\" rel=\"noopener\">condamn\u00e9 \u00e0 quatre ans de prison ferme et une in\u00e9ligibilit\u00e9 imm\u00e9diate<\/a>. L&rsquo;ex-maire de 53 ans s&rsquo;exprime pour la premi\u00e8re fois depuis sa condamnation au micro de RTL.<\/p>\n<p class=\"article-p mdl\">\u00ab\u00a0Je ne suis pas certain qu&rsquo;un \u00eatre humain soit pr\u00eat \u00e0 ce genre d&rsquo;\u00e9preuve, mais j&rsquo;y ferai face. De toute fa\u00e7on, je n&rsquo;ai pas le choix\u00a0\u00bb, reconna\u00eet-il. \u00ab\u00a0Mentalement, j&rsquo;y suis pr\u00eat parce que ma priorit\u00e9 aujourd&rsquo;hui, c&rsquo;est de prouver mon innocence. C&rsquo;est de laver mon honneur aussi et celui de ma famille. Puisque le tribunal a d\u00e9cid\u00e9 de m&rsquo;envoyer en prison, j&rsquo;irai\u00a0\u00bb, a-t-il expliqu\u00e9.<\/p>\n<p class=\"article-p mdl\">Ga\u00ebl Perdriau a toujours ni\u00e9 avoir particip\u00e9 au pi\u00e8ge tendu \u00e0 son ancien premier adjoint Gilles Artigues, film\u00e9 en 2015 \u00e0 la cam\u00e9ra cach\u00e9e en compagnie d&rsquo;un prostitu\u00e9, puis contraint \u00e0 faire profil bas. Il a annonc\u00e9 qu&rsquo;il ferait appel de la d\u00e9cision et a d\u00e9missionn\u00e9 de son poste de maire de Saint-\u00c9tienne dans la foul\u00e9e de sa condamnation.\u00a0<\/p>\n<p class=\"article-p mdl\">Cette d\u00e9cision de justice l&rsquo;\u00e9loigne-t-elle d\u00e9finitivement de la vie politique ? \u00ab\u00a0Quand mon innocence aura \u00e9t\u00e9 d\u00e9montr\u00e9e, que l&rsquo;appel aura \u00e9t\u00e9 relax\u00e9, les compteurs seront remis \u00e0 z\u00e9ro et on pourra reparler \u00e0 ce moment-l\u00e0\u00a0\u00bb, a-t-il r\u00e9pondu.<\/p>\n<p class=\"article-p mdl\">Le conseil municipal de d\u00e9signation du nouveau maire de Saint-\u00c9tienne se tiendra mercredi prochain, 10 d\u00e9cembre \u00e0 14h30.<\/p>\n<p class=\"article-p mdl\"><strong>L&rsquo;int\u00e9gralit\u00e9 de l&rsquo;interview de Ga\u00ebl Perdriau sera diffus\u00e9e\u00a0lundi 8 d\u00e9cembre \u00e0 partir de 8h15 dans\u00a0Face \u00e0 Fogiel sur RTL et RTL.fr.<\/strong><\/p>\n<p>    La r\u00e9daction vous recommande<\/p>\n<p class=\"s-newsletter__title\">\n                L\u2019actualit\u00e9 par la r\u00e9daction de RTL dans votre bo\u00eete mail.\n            <\/p>\n<p class=\"s-newsletter__subtitle\">\n                Gr\u00e2ce \u00e0 votre compte RTL abonnez-vous \u00e0 la newsletter RTL info pour suivre toute l&rsquo;actualit\u00e9 au quotidien\n            <\/p>\n<p>\n                                    Lire la suite\n                                <\/p>\n","protected":false},"excerpt":{"rendered":"Ga\u00ebl Perdriau, a \u00e9t\u00e9 reconnu \u00ab\u00a0enti\u00e8rement coupable\u00a0\u00bb, le 1er d\u00e9cembre, d&rsquo;avoir fait chanter un rival avec une sextape&hellip;\n","protected":false},"author":2,"featured_media":581365,"comment_status":"","ping_status":"","sticky":false,"template":"","format":"standard","meta":{"footnotes":""},"categories":[9653],"tags":[1111,11,898,2430,1777,674,107,1011,27,303,12,362,25,4001],"class_list":{"0":"post-581364","1":"post","2":"type-post","3":"status-publish","4":"format-standard","5":"has-post-thumbnail","7":"category-saint-etienne","8":"tag-actu","9":"tag-actualites","10":"tag-alerte","11":"tag-auvergne-rhone-alpes","12":"tag-eu","13":"tag-europe","14":"tag-fil-info","15":"tag-fr","16":"tag-france","17":"tag-justice","18":"tag-news","19":"tag-replay","20":"tag-republique-francaise","21":"tag-saint-etienne"},"share_on_mastodon":{"url":"https:\/\/pubeurope.com\/@fr\/115670782138120276","error":""},"_links":{"self":[{"href":"https:\/\/www.europesays.com\/fr\/wp-json\/wp\/v2\/posts\/581364","targetHints":{"allow":["GET"]}}],"collection":[{"href":"https:\/\/www.europesays.com\/fr\/wp-json\/wp\/v2\/posts"}],"about":[{"href":"https:\/\/www.europesays.com\/fr\/wp-json\/wp\/v2\/types\/post"}],"author":[{"embeddable":true,"href":"https:\/\/www.europesays.com\/fr\/wp-json\/wp\/v2\/users\/2"}],"replies":[{"embeddable":true,"href":"https:\/\/www.europesays.com\/fr\/wp-json\/wp\/v2\/comments?post=581364"}],"version-history":[{"count":0,"href":"https:\/\/www.europesays.com\/fr\/wp-json\/wp\/v2\/posts\/581364\/revisions"}],"wp:featuredmedia":[{"embeddable":true,"href":"https:\/\/www.europesays.com\/fr\/wp-json\/wp\/v2\/media\/581365"}],"wp:attachment":[{"href":"https:\/\/www.europesays.com\/fr\/wp-json\/wp\/v2\/media?parent=581364"}],"wp:term":[{"taxonomy":"category","embeddable":true,"href":"https:\/\/www.europesays.com\/fr\/wp-json\/wp\/v2\/categories?post=581364"},{"taxonomy":"post_tag","embeddable":true,"href":"https:\/\/www.europesays.com\/fr\/wp-json\/wp\/v2\/tags?post=581364"}],"curies":[{"name":"wp","href":"https:\/\/api.w.org\/{rel}","templated":true}]}}