{"id":581371,"date":"2025-12-06T04:45:23","date_gmt":"2025-12-06T04:45:23","guid":{"rendered":"https:\/\/www.europesays.com\/fr\/581371\/"},"modified":"2025-12-06T04:45:23","modified_gmt":"2025-12-06T04:45:23","slug":"montpellier-refus-dobtemperer-fuite-et-un-kilo-de-cannabis-dans-le-coffre","status":"publish","type":"post","link":"https:\/\/www.europesays.com\/fr\/581371\/","title":{"rendered":"Montpellier : refus d\u2019obtemp\u00e9rer, fuite et un kilo de cannabis dans le coffre"},"content":{"rendered":"<p>Le conducteur interpell\u00e9 est un homme de 25 ans, n\u00e9 en 1998, domicili\u00e9 dans une commune du Gard. Plac\u00e9 en garde \u00e0 vue, il s\u2019est montr\u00e9 peu coop\u00e9ratif sur son point de chute \u00e0 Montpellier, et la perquisition men\u00e9e \u00e0 son domicile n\u2019a rien r\u00e9v\u00e9l\u00e9. En revanche, les enqu\u00eateurs ont d\u00e9couvert que ses comptes bancaires affichaient un solde global compris entre 20 000 et 30 000 euros, alors qu\u2019il ne d\u00e9clare comme seul revenu que le RSA.<\/p>\n","protected":false},"excerpt":{"rendered":"Le conducteur interpell\u00e9 est un homme de 25 ans, n\u00e9 en 1998, domicili\u00e9 dans une commune du Gard.&hellip;\n","protected":false},"author":2,"featured_media":529389,"comment_status":"","ping_status":"","sticky":false,"template":"","format":"standard","meta":{"footnotes":""},"categories":[9599],"tags":[1111,11,1777,674,1011,27,2208,12,2680,25],"class_list":{"0":"post-581371","1":"post","2":"type-post","3":"status-publish","4":"format-standard","5":"has-post-thumbnail","7":"category-montpellier","8":"tag-actu","9":"tag-actualites","10":"tag-eu","11":"tag-europe","12":"tag-fr","13":"tag-france","14":"tag-montpellier","15":"tag-news","16":"tag-occitanie","17":"tag-republique-francaise"},"share_on_mastodon":{"url":"https:\/\/pubeurope.com\/@fr\/115670805639888419","error":""},"_links":{"self":[{"href":"https:\/\/www.europesays.com\/fr\/wp-json\/wp\/v2\/posts\/581371","targetHints":{"allow":["GET"]}}],"collection":[{"href":"https:\/\/www.europesays.com\/fr\/wp-json\/wp\/v2\/posts"}],"about":[{"href":"https:\/\/www.europesays.com\/fr\/wp-json\/wp\/v2\/types\/post"}],"author":[{"embeddable":true,"href":"https:\/\/www.europesays.com\/fr\/wp-json\/wp\/v2\/users\/2"}],"replies":[{"embeddable":true,"href":"https:\/\/www.europesays.com\/fr\/wp-json\/wp\/v2\/comments?post=581371"}],"version-history":[{"count":0,"href":"https:\/\/www.europesays.com\/fr\/wp-json\/wp\/v2\/posts\/581371\/revisions"}],"wp:featuredmedia":[{"embeddable":true,"href":"https:\/\/www.europesays.com\/fr\/wp-json\/wp\/v2\/media\/529389"}],"wp:attachment":[{"href":"https:\/\/www.europesays.com\/fr\/wp-json\/wp\/v2\/media?parent=581371"}],"wp:term":[{"taxonomy":"category","embeddable":true,"href":"https:\/\/www.europesays.com\/fr\/wp-json\/wp\/v2\/categories?post=581371"},{"taxonomy":"post_tag","embeddable":true,"href":"https:\/\/www.europesays.com\/fr\/wp-json\/wp\/v2\/tags?post=581371"}],"curies":[{"name":"wp","href":"https:\/\/api.w.org\/{rel}","templated":true}]}}