{"id":581372,"date":"2025-12-06T04:46:52","date_gmt":"2025-12-06T04:46:52","guid":{"rendered":"https:\/\/www.europesays.com\/fr\/581372\/"},"modified":"2025-12-06T04:46:52","modified_gmt":"2025-12-06T04:46:52","slug":"fini-montpellier-ils-fuient-vers-cette-ville-du-gard-et-adorent","status":"publish","type":"post","link":"https:\/\/www.europesays.com\/fr\/581372\/","title":{"rendered":"Fini Montpellier ? Ils fuient vers cette ville du Gard (et adorent)"},"content":{"rendered":"<p>Montpellier en a s\u00e9duit plus d\u2019un, mais son rythme effr\u00e9n\u00e9 en pousse d\u00e9sormais certains \u00e0 lever le camp. O\u00f9 vont-ils ? Vers une charmante ville du Gard, discr\u00e8te mais pleine d\u2019atouts. Moins ch\u00e8re, plus calme, plus verte\u2026 Elle attire de plus en plus de familles \u00e0 la recherche d\u2019un quotidien plus paisible et \u00e9quilibr\u00e9.<\/p>\n<p>Pourquoi quitter Montpellier ?<\/p>\n<p>La vie montpelli\u00e9raine, dynamique et culturelle, a aussi ses revers : <strong>embouteillages quotidiens<\/strong>, loyers \u00e9lev\u00e9s, stress urbain. Beaucoup de familles finissent par r\u00eaver d\u2019un cadre moins contraignant o\u00f9 \u00e9lever leurs enfants.<\/p>\n<p>C\u2019est ici qu\u2019entre en sc\u00e8ne une ville du Gard, situ\u00e9e \u00e0 <strong>moins d\u2019une heure<\/strong> de Montpellier. Elle offre une qualit\u00e9 de vie qui s\u00e9duit de plus en plus de m\u00e9nages en qu\u00eate de sens. Loin des pressions de la grande ville, mais sans renoncer aux services essentiels.<\/p>\n<p>Une atmosph\u00e8re familiale au c\u0153ur du patrimoine<\/p>\n<p>D\u00e8s l\u2019entr\u00e9e dans la ville, le d\u00e9cor \u00e9tonne : <strong>remparts romains<\/strong>, ruelles pav\u00e9es, jardins majestueux\u2026 L\u2019histoire se m\u00eale avec une modernit\u00e9 douce, adapt\u00e9e aux familles. Des <strong>ar\u00e8nes magnifiquement conserv\u00e9es<\/strong> accueillent des \u00e9v\u00e9nements culturels accessibles aux plus jeunes, comme des reconstitutions historiques adapt\u00e9es aux enfants.<\/p>\n<p>Les <strong>Jardins de la Fontaine<\/strong>, vastes et ombrag\u00e9s, sont un rendez-vous incontournable. Pique-niques en famille, course derri\u00e8re les canards ou balade en poussette : chaque coin est pens\u00e9 pour le bien-\u00eatre des petits comme des grands.<\/p>\n<p>La <strong>zone pi\u00e9tonne du centre<\/strong> lib\u00e8re les parents du stress de la circulation. Se promener avec une poussette devient un plaisir. Les <strong>terrasses accueillantes<\/strong> permettent m\u00eame de savourer un caf\u00e9 pendant que les enfants jouent en s\u00e9curit\u00e9 \u00e0 proximit\u00e9.<\/p>\n<p>Des \u00e9coles \u00e0 taille humaine et des quartiers adapt\u00e9s<\/p>\n<p>Ce qui fait toute la diff\u00e9rence ici, ce sont les infrastructures pens\u00e9es pour les familles. Les <strong>\u00e9coles maternelles et primaires<\/strong> affichent des effectifs raisonnables. Les enfants sont mieux suivis, et les enseignants prennent le temps.<\/p>\n<p>Chaque quartier poss\u00e8de sa propre ambiance : des <strong>zones r\u00e9sidentielles calmes<\/strong>, \u00e0 proximit\u00e9 des \u00e9coles, des parcs et des commerces. Cette diversit\u00e9 permet aux familles de choisir un cadre qui leur ressemble vraiment.<\/p>\n<p>Des loisirs pour tous les \u00e2ges<\/p>\n<ul>\n<li>Centres a\u00e9r\u00e9s vari\u00e9s durant les vacances scolaires<\/li>\n<li>Clubs sportifs tr\u00e8s actifs et bien encadr\u00e9s<\/li>\n<li>March\u00e9s de producteurs sous les platanes chaque semaine<\/li>\n<\/ul>\n<p>Le <strong>march\u00e9 hebdomadaire<\/strong> reste un moment fort. Loin des supermarch\u00e9s impersonnels, c\u2019est un lieu vivant, o\u00f9 les enfants d\u00e9couvrent les produits du terroir et les parents discutent avec les artisans locaux.<\/p>\n<p>Une ville accessible et bien pens\u00e9e<\/p>\n<p>Les transports en commun, bien que moins denses qu\u2019\u00e0 Montpellier, permettent de relier facilement les principaux quartiers. Les parents actifs peuvent ainsi organiser leur quotidien sans d\u00e9pendre constamment de la voiture.<\/p>\n<p>La <strong>proximit\u00e9 avec Montpellier<\/strong> reste un atout : travail, universit\u00e9, \u00e9v\u00e9nements\u2026 On peut tout garder \u00e0 port\u00e9e, sans en subir les inconv\u00e9nients.<\/p>\n<p>L\u2019appel du sud, sans le vacarme<\/p>\n<p>Ici r\u00e8gne un <strong>art de vivre m\u00e9diterran\u00e9en<\/strong>. Les soir\u00e9es d\u2019\u00e9t\u00e9 s\u2019\u00e9tirent sur les terrasses, les repas de famille se prolongent \u00e0 l\u2019ombre, et les enfants profitent pleinement de l\u2019ext\u00e9rieur.<\/p>\n<p>La <strong>Camargue toute proche<\/strong> permet de vivre des exp\u00e9riences en pleine nature. Observation des oiseaux, chevaux en libert\u00e9, taureaux camarguais\u2026 Des souvenirs intenses qui resserrent les liens familiaux et \u00e9veillent la conscience \u00e9cologique des plus jeunes.<\/p>\n<p>Une sc\u00e8ne culturelle \u00e0 taille humaine<\/p>\n<p>Les festivals gardois veulent plaire \u00e0 toute la famille. Contrairement aux grands rendez-vous surpeupl\u00e9s, ici l\u2019ambiance reste conviviale. Ateliers cr\u00e9atifs, spectacles jeunesse, arts de rue : l\u2019enfant est au c\u0153ur du programme, sans compromis sur la qualit\u00e9.<\/p>\n<p>L\u2019immobilier, un vrai plus pour les familles<\/p>\n<p>L\u00e0 o\u00f9 Montpellier devient inaccessible, cette ville propose encore des <strong>maisons avec jardin \u00e0 des prix abordables<\/strong>. Un r\u00eave enfin r\u00e9alisable pour de nombreux foyers qui souhaitent poser leurs valises et construire un avenir stable.<\/p>\n<p>La possibilit\u00e9 <strong>d\u2019acheter plut\u00f4t que louer<\/strong>, de cr\u00e9er son cocon sans se ruiner, est un levier majeur de l\u2019attractivit\u00e9 locale. Beaucoup de jeunes couples font ce choix pour donner un cadre solide \u00e0 leurs enfants.<\/p>\n<p>Alors, quelle est cette ville gardoise ?<\/p>\n<p>Si vous ne l\u2019aviez pas encore devin\u00e9, il s\u2019agit de <strong>N\u00eemes<\/strong>. Ville romaine, ville de culture, mais aussi ville de familles. Discr\u00e8te face \u00e0 sa grande voisine montpelli\u00e9raine, elle coche pourtant toutes les cases d\u2019une cit\u00e9 o\u00f9 il fait bon grandir.<\/p>\n<p>Entre pass\u00e9 prestigieux et avenir plein de promesses, N\u00eemes s\u2019impose aujourd\u2019hui comme une alternative lumineuse pour ceux qui veulent plus que survivre : <strong>vivre pleinement<\/strong>.<\/p>\n","protected":false},"excerpt":{"rendered":"Montpellier en a s\u00e9duit plus d\u2019un, mais son rythme effr\u00e9n\u00e9 en pousse d\u00e9sormais certains \u00e0 lever le camp.&hellip;\n","protected":false},"author":2,"featured_media":581373,"comment_status":"","ping_status":"","sticky":false,"template":"","format":"standard","meta":{"footnotes":""},"categories":[9599],"tags":[1111,11,1777,674,1011,27,2208,12,2680,25],"class_list":{"0":"post-581372","1":"post","2":"type-post","3":"status-publish","4":"format-standard","5":"has-post-thumbnail","7":"category-montpellier","8":"tag-actu","9":"tag-actualites","10":"tag-eu","11":"tag-europe","12":"tag-fr","13":"tag-france","14":"tag-montpellier","15":"tag-news","16":"tag-occitanie","17":"tag-republique-francaise"},"share_on_mastodon":{"url":"https:\/\/pubeurope.com\/@fr\/115670813467929180","error":""},"_links":{"self":[{"href":"https:\/\/www.europesays.com\/fr\/wp-json\/wp\/v2\/posts\/581372","targetHints":{"allow":["GET"]}}],"collection":[{"href":"https:\/\/www.europesays.com\/fr\/wp-json\/wp\/v2\/posts"}],"about":[{"href":"https:\/\/www.europesays.com\/fr\/wp-json\/wp\/v2\/types\/post"}],"author":[{"embeddable":true,"href":"https:\/\/www.europesays.com\/fr\/wp-json\/wp\/v2\/users\/2"}],"replies":[{"embeddable":true,"href":"https:\/\/www.europesays.com\/fr\/wp-json\/wp\/v2\/comments?post=581372"}],"version-history":[{"count":0,"href":"https:\/\/www.europesays.com\/fr\/wp-json\/wp\/v2\/posts\/581372\/revisions"}],"wp:featuredmedia":[{"embeddable":true,"href":"https:\/\/www.europesays.com\/fr\/wp-json\/wp\/v2\/media\/581373"}],"wp:attachment":[{"href":"https:\/\/www.europesays.com\/fr\/wp-json\/wp\/v2\/media?parent=581372"}],"wp:term":[{"taxonomy":"category","embeddable":true,"href":"https:\/\/www.europesays.com\/fr\/wp-json\/wp\/v2\/categories?post=581372"},{"taxonomy":"post_tag","embeddable":true,"href":"https:\/\/www.europesays.com\/fr\/wp-json\/wp\/v2\/tags?post=581372"}],"curies":[{"name":"wp","href":"https:\/\/api.w.org\/{rel}","templated":true}]}}