{"id":581385,"date":"2025-12-06T05:00:41","date_gmt":"2025-12-06T05:00:41","guid":{"rendered":"https:\/\/www.europesays.com\/fr\/581385\/"},"modified":"2025-12-06T05:00:41","modified_gmt":"2025-12-06T05:00:41","slug":"le-footballeur-adil-rami-revele-avoir-ete-traite-de-sale-arabe-par-un-joueur-de-logc-nice","status":"publish","type":"post","link":"https:\/\/www.europesays.com\/fr\/581385\/","title":{"rendered":"Le footballeur Adil Rami r\u00e9v\u00e8le avoir \u00e9t\u00e9 trait\u00e9 de\u00a0\u00ab\u00a0sale arabe\u00a0\u00bb\u00a0par un joueur de l\u2019OGC Nice"},"content":{"rendered":"<p class=\"fs-5 \">Au cours d\u2019un live diffus\u00e9 cette semaine sur Twitch,<strong> le champion du monde 2018 Adil Rami<\/strong> a affirm\u00e9 avoir \u00e9t\u00e9 vis\u00e9 par des insultes racistes durant sa carri\u00e8re, <strong>notamment en Ligue 1.<\/strong><\/p>\n<p class=\"fs-5 \">Sans jamais citer son nom,<strong> le footballeur d\u00e9crit un d\u00e9fenseur argentin pass\u00e9 par l\u2019Olympique de Marseille puis par l\u2019OGC Nice<\/strong>, laissant aux suiveurs du championnat le soin de l\u2019identifier.<\/p>\n<p>        <img src=\"https:\/\/www.europesays.com\/fr\/wp-content\/uploads\/2025\/12\/4b135e7_upload-from-url-1-atqyte6dncod-data-art-16710961.jpg\"   loading=\"lazy\" decoding=\"async\" alt=\"Michel-Ange Flori d\u00e9fraie r\u00e9guli\u00e8rement la chronique avec ses affiches placard\u00e9es sur un panneau \u00e0 l\u2019entr\u00e9e de Toulon et un autre \u00e0 La Seyne. Photo Dominique Leriche \" class=\"img-fluid position-absolute w-100 object-fit-cover rounded-2\" width=\"600\" height=\"400\"\/><\/p>\n<p class=\"fs-5 \">\u00ab\u00a0Combien de fois on m\u2019a dit \u201cSale arabe\u201d\u00a0? Un jour, \u00e0 Lille, alors que j\u2019avais ma propre voiture, on m\u2019a dit\u00a0: <strong>\u201cVa rendre la voiture, sale bougnoule.\u201d<\/strong>\u00a0\u00bb, raconte l\u2019ancien international, form\u00e9 au LOSC.<\/p>\n<p class=\"fs-5 \">Il poursuit en \u00e9voquant <strong>un match face \u00e0 Nice<\/strong>, o\u00f9 un d\u00e9fenseur adverse \u00ab\u00a0qui \u00e9tait \u00e0 l\u2019OM, et qui apr\u00e8s est pass\u00e9 \u00e0 Nice\u00a0\u00bb lui aurait lanc\u00e9 \u00e0 \u00ab\u00a0deux trois reprises\u00a0\u00bb\u00a0: <strong>\u00ab\u00a0Sale arabe\u00a0\u00bb<\/strong><strong>.<\/strong><\/p>\n<p class=\"fs-5 \">\u00c0 ses yeux, \u00ab\u00a0s\u2019il y avait eu un peu plus de maturit\u00e9,<strong> il aurait \u00e9t\u00e9 suspendu longtemps<\/strong>, ce joueur\u00a0\u00bb. <\/p>\n<p>                                                                                \u00ab\u00a0Il ne vous aime pas\u00a0\u00bb<\/p>\n<p class=\"fs-5 \">Rami, pass\u00e9 par Valence, Milan, S\u00e9ville et l\u2019OM entre 2017 et 2019, insiste sur le fait qu\u2019il ne met pas en cause les clubs mais certains individus, <strong>tout en rappelant avoir d\u00e9j\u00e0 \u00e9voqu\u00e9 un \u00e9pisode similaire en 2020<\/strong> <a href=\"https:\/\/rmcsport.bfmtv.com\/football\/ligue-1\/adil-rami-revele-avoir-ete-traite-de-sale-arabe-en-ligue-1_AV-202512050460.html\" target=\"_blank\" rel=\"nofollow noopener\">\u00e0 propos d\u2019une rencontre Nice\u2013Lille<\/a>.<\/p>\n<p class=\"fs-5 \">Il assume aujourd\u2019hui de briser le silence\u00a0: <strong>\u00ab\u00a0En tout cas, je ne l\u2019aime pas.<\/strong> Si vous vous l\u2019appr\u00e9ciez, sachez que pour certains, il ne vous aime pas. Il n\u2019y en a pas beaucoup, <strong>des d\u00e9fenseurs argentins pass\u00e9s par Marseille et Nice\u2026\u00a0<\/strong>\u00bb <\/p>\n<p class=\"fs-5 \">Ses propos interviennent dans un contexte o\u00f9 les instances du football r\u00e9p\u00e8tent leur volont\u00e9 de <strong>sanctionner fermement les comportements racistes<\/strong>, alors que plusieurs affaires r\u00e9centes, en club comme en s\u00e9lection, ont \u00e9t\u00e9 relay\u00e9es dans les m\u00e9dias.<\/p>\n","protected":false},"excerpt":{"rendered":"Au cours d\u2019un live diffus\u00e9 cette semaine sur Twitch, le champion du monde 2018 Adil Rami a affirm\u00e9&hellip;\n","protected":false},"author":2,"featured_media":581386,"comment_status":"","ping_status":"","sticky":false,"template":"","format":"standard","meta":{"footnotes":""},"categories":[2819],"tags":[1111,11,1777,674,1011,27,12,2401,882,25],"class_list":{"0":"post-581385","1":"post","2":"type-post","3":"status-publish","4":"format-standard","5":"has-post-thumbnail","7":"category-nice","8":"tag-actu","9":"tag-actualites","10":"tag-eu","11":"tag-europe","12":"tag-fr","13":"tag-france","14":"tag-news","15":"tag-nice","16":"tag-provence-alpes-cote-dazur","17":"tag-republique-francaise"},"share_on_mastodon":{"url":"https:\/\/pubeurope.com\/@fr\/115670865459808366","error":""},"_links":{"self":[{"href":"https:\/\/www.europesays.com\/fr\/wp-json\/wp\/v2\/posts\/581385","targetHints":{"allow":["GET"]}}],"collection":[{"href":"https:\/\/www.europesays.com\/fr\/wp-json\/wp\/v2\/posts"}],"about":[{"href":"https:\/\/www.europesays.com\/fr\/wp-json\/wp\/v2\/types\/post"}],"author":[{"embeddable":true,"href":"https:\/\/www.europesays.com\/fr\/wp-json\/wp\/v2\/users\/2"}],"replies":[{"embeddable":true,"href":"https:\/\/www.europesays.com\/fr\/wp-json\/wp\/v2\/comments?post=581385"}],"version-history":[{"count":0,"href":"https:\/\/www.europesays.com\/fr\/wp-json\/wp\/v2\/posts\/581385\/revisions"}],"wp:featuredmedia":[{"embeddable":true,"href":"https:\/\/www.europesays.com\/fr\/wp-json\/wp\/v2\/media\/581386"}],"wp:attachment":[{"href":"https:\/\/www.europesays.com\/fr\/wp-json\/wp\/v2\/media?parent=581385"}],"wp:term":[{"taxonomy":"category","embeddable":true,"href":"https:\/\/www.europesays.com\/fr\/wp-json\/wp\/v2\/categories?post=581385"},{"taxonomy":"post_tag","embeddable":true,"href":"https:\/\/www.europesays.com\/fr\/wp-json\/wp\/v2\/tags?post=581385"}],"curies":[{"name":"wp","href":"https:\/\/api.w.org\/{rel}","templated":true}]}}