{"id":581387,"date":"2025-12-06T05:01:33","date_gmt":"2025-12-06T05:01:33","guid":{"rendered":"https:\/\/www.europesays.com\/fr\/581387\/"},"modified":"2025-12-06T05:01:33","modified_gmt":"2025-12-06T05:01:33","slug":"quel-artiste-revez-vous-de-voir-sur-la-scene-de-la-nuit-de-lerdre-en-2026","status":"publish","type":"post","link":"https:\/\/www.europesays.com\/fr\/581387\/","title":{"rendered":"Quel artiste r\u00eavez-vous de voir sur la sc\u00e8ne de La Nuit de l\u2019Erdre en 2026\u00a0?"},"content":{"rendered":"<p>Pointures fran\u00e7aises ou internationales, le festival <a href=\"https:\/\/www.ouest-france.fr\/festivals\/la-nuit-de-lerdre\/\" target=\"_self\" rel=\"noopener\">La Nuit de l\u2019Erdre<\/a> joue plus que jamais la carte de l\u2019\u00e9clectisme. L\u2019\u00e9v\u00e9nement, qui a lieu au nord de Nantes, \u00e0 Nort-sur-Erdre, du 2 au 5\u00a0juillet 2026, a annonc\u00e9 <a href=\"https:\/\/nantes.maville.com\/actu\/actudet_-lenny-kravitz-orelsan-damso-vanessa-paradis-le-festival-la-nuit-de-l-erdre-2026-leve-le-voile-sur-sa-programmation-_8-7068963_actu.Htm\" target=\"_self\" rel=\"noopener\">les premiers noms<\/a>\u00a0: Lenny Kravitz, Orelsan, Mosimann, Damso\u2026 Mais toute la programmation n\u2019est pas encore tomb\u00e9e.<\/p>\n<p>Et vous, quel artiste avez-vous envie de voir sur la sc\u00e8ne de la Nuit de l\u2019Erdre en 2026\u00a0? Allez-y, vous avez le droit de r\u00eaver\u00a0:<\/p>\n<p><strong>Du 2 au 5\u00a0juillet 2026<\/strong>, \u00e0 Nort-sur-Erdre.<\/p>\n<p>\u00a0<\/p>\n","protected":false},"excerpt":{"rendered":"Pointures fran\u00e7aises ou internationales, le festival La Nuit de l\u2019Erdre joue plus que jamais la carte de l\u2019\u00e9clectisme.&hellip;\n","protected":false},"author":2,"featured_media":581388,"comment_status":"","ping_status":"","sticky":false,"template":"","format":"standard","meta":{"footnotes":""},"categories":[2818],"tags":[5734,1111,11,2593,8925,1777,674,1011,27,766,12,293,2636,25,69536,7347,3840],"class_list":{"0":"post-581387","1":"post","2":"type-post","3":"status-publish","4":"format-standard","5":"has-post-thumbnail","7":"category-nantes","8":"tag-5734","9":"tag-actu","10":"tag-actualites","11":"tag-artiste","12":"tag-erdre","13":"tag-eu","14":"tag-europe","15":"tag-fr","16":"tag-france","17":"tag-nantes","18":"tag-news","19":"tag-nuit","20":"tag-pays-de-la-loire","21":"tag-republique-francaise","22":"tag-revez-vous","23":"tag-scene","24":"tag-voir"},"share_on_mastodon":{"url":"https:\/\/pubeurope.com\/@fr\/115670868579228170","error":""},"_links":{"self":[{"href":"https:\/\/www.europesays.com\/fr\/wp-json\/wp\/v2\/posts\/581387","targetHints":{"allow":["GET"]}}],"collection":[{"href":"https:\/\/www.europesays.com\/fr\/wp-json\/wp\/v2\/posts"}],"about":[{"href":"https:\/\/www.europesays.com\/fr\/wp-json\/wp\/v2\/types\/post"}],"author":[{"embeddable":true,"href":"https:\/\/www.europesays.com\/fr\/wp-json\/wp\/v2\/users\/2"}],"replies":[{"embeddable":true,"href":"https:\/\/www.europesays.com\/fr\/wp-json\/wp\/v2\/comments?post=581387"}],"version-history":[{"count":0,"href":"https:\/\/www.europesays.com\/fr\/wp-json\/wp\/v2\/posts\/581387\/revisions"}],"wp:featuredmedia":[{"embeddable":true,"href":"https:\/\/www.europesays.com\/fr\/wp-json\/wp\/v2\/media\/581388"}],"wp:attachment":[{"href":"https:\/\/www.europesays.com\/fr\/wp-json\/wp\/v2\/media?parent=581387"}],"wp:term":[{"taxonomy":"category","embeddable":true,"href":"https:\/\/www.europesays.com\/fr\/wp-json\/wp\/v2\/categories?post=581387"},{"taxonomy":"post_tag","embeddable":true,"href":"https:\/\/www.europesays.com\/fr\/wp-json\/wp\/v2\/tags?post=581387"}],"curies":[{"name":"wp","href":"https:\/\/api.w.org\/{rel}","templated":true}]}}