{"id":581394,"date":"2025-12-06T05:05:14","date_gmt":"2025-12-06T05:05:14","guid":{"rendered":"https:\/\/www.europesays.com\/fr\/581394\/"},"modified":"2025-12-06T05:05:14","modified_gmt":"2025-12-06T05:05:14","slug":"combien-le-constructeur-doit-il-livrer-davions-en-decembre-pour-atteindre-son-nouvel-objectif","status":"publish","type":"post","link":"https:\/\/www.europesays.com\/fr\/581394\/","title":{"rendered":"combien le constructeur doit-il livrer d&rsquo;avions en d\u00e9cembre pour atteindre son nouvel objectif\u00a0?"},"content":{"rendered":"<p>                    Par<br \/>\n        <strong><br \/>\n            <a href=\"https:\/\/actu.fr\/auteur\/guillaume-laurens\" title=\"Consulter tous les articles de Guillaume Laurens\" target=\"_blank\" rel=\"noopener\">Guillaume Laurens<\/a><br \/>\n                    <\/strong><\/p>\n<p>        Publi\u00e9 le<\/p>\n<p>            5 d\u00e9c. 2025 \u00e0 17h54        <\/p>\n<p><a href=\"https:\/\/actu.fr\/tag\/airbus\" target=\"_blank\" rel=\"noopener\"><strong>Airbus<\/strong> <\/a>a livr\u00e9 en novembre <strong>72 avions commerciaux,<\/strong>\u00a0et va devoir acc\u00e9l\u00e9rer la cadence pour tenir son nouvel objectif, revu \u00e0 la baisse ces derniers jours suite \u00e0 des probl\u00e8mes de <strong>panneaux de fuselage,<\/strong> a annonc\u00e9 vendredi 5\u00a0d\u00e9cembre 2025 le premier constructeur de la plan\u00e8te, depuis son si\u00e8ge mondial de <strong><a href=\"https:\/\/actu.fr\/toulouse\/\" target=\"_blank\" rel=\"noopener\">Toulouse<\/a><\/strong>.<\/p>\n<p>Un objectif de livraison revu \u00e0 la baisse<\/p>\n<p class=\" wall-content\">Rappelons que l\u2019avionneur europ\u00e9en a abaiss\u00e9 mercredi son <strong>objectif de livraison pour 2025<\/strong> \u00e0 <strong>790 avions<\/strong>, contre <strong>820<\/strong> pr\u00e9vus jusqu\u2019alors, en raison du <a href=\"https:\/\/actu.fr\/occitanie\/toulouse_31555\/airbus-jusqu-a-628-a320-susceptibles-d-etre-inspectes-suite-aux-defauts-sur-des-panneaux-metalliques_63521517.html\" target=\"_blank\" rel=\"noopener\">r\u00e9cent probl\u00e8me de qualit\u00e9 concernant des panneaux de fuselage<\/a> de son appareil vedette, l\u2019A320, d\u00e9sormais avion de ligne le plus en vue au monde.<\/p>\n<p class=\" wall-content\">Airbus a en effet <a href=\"https:\/\/actu.fr\/occitanie\/toulouse_31555\/apres-la-defaillance-sur-un-logiciel-airbus-a-detecte-un-autre-probleme-sur-le-fuselage-de-l-a320_63512521.html\" target=\"_blank\" rel=\"noopener\">reconnu lundi des<strong> \u00ab\u2009probl\u00e8mes de qualit\u00e9\u2009\u00bb<\/strong> sur des <\/a><strong><a href=\"https:\/\/actu.fr\/occitanie\/toulouse_31555\/apres-la-defaillance-sur-un-logiciel-airbus-a-detecte-un-autre-probleme-sur-le-fuselage-de-l-a320_63512521.html\" target=\"_blank\" rel=\"noopener\">panneaux de fuselage<\/a>,<\/strong> assurant que l\u2019incident \u00e9tait<strong> \u00ab\u2009circonscrit\u2009\u00bb\u2009<\/strong>: c\u2019est ce d\u00e9faut qui oblige aujourd\u2019hui l\u2019avionneur \u00e0 rabaisser son objectif de livraison d\u2019avions.<\/p>\n<p>P\u00e9riode de turbulences<\/p>\n<p class=\" wall-content\">Cet abaissement de l\u2019objectif de livraison d\u2019avions (- 3,7\u2009% sur l\u2019ann\u00e9e) intervient dans une <strong>p\u00e9riode de turbulence<\/strong> pour l\u2019avionneur europ\u00e9en, qui a par ailleurs <a href=\"https:\/\/actu.fr\/occitanie\/toulouse_31555\/airbus-rappel-massif-d-a320-6-000-avions-doivent-arreter-immediatement-les-vols_63506491.html\" target=\"_blank\" rel=\"noopener\">rappel\u00e9 la semaine derni\u00e8re<strong> 6\u2009000 A320<\/strong><\/a> pour remplacer de toute urgence un <strong>logiciel de commande vuln\u00e9rable<\/strong> aux radiations solaires. Un probl\u00e8me rondement r\u00e9gl\u00e9 puisque d\u00e8s le lendemain, <a href=\"https:\/\/actu.fr\/occitanie\/toulouse_31555\/rappel-massif-d-airbus-a320-une-centaine-d-avions-seront-immobilises-durablement_63507228.html\" target=\"_blank\" rel=\"noopener\">l\u2019avionneur indiquait que seule <strong>une centaine<\/strong><strong> d\u2019avions <\/strong><\/a>serait durablement immobilis\u00e9e.<\/p>\n<p>Vid\u00e9os : en ce moment sur ActuQue disent les chiffres de novembre\u2009?<\/p>\n<p class=\" wall-content\">En <strong>novembre<\/strong>, Airbus a livr\u00e9 <strong>72 appareils \u00e0 42 clients<\/strong>, contre <strong>84 en novembre\u00a02024<\/strong>, portant ses livraisons \u00e0 <strong>657 appareils<\/strong> depuis le d\u00e9but de l\u2019ann\u00e9e. Il a \u00e9galement enregistr\u00e9 75 commandes.<\/p>\n<p>133 avions \u00e0 livrer en d\u00e9cembre<\/p>\n<p class=\" wall-content\">R\u00e9sultat des courses\u2009: pour atteindre son nouvel objectif annuel, Airbus devrait en fournir <strong>au moins 133<\/strong> \u00e0 ses clients en <strong>d\u00e9cembre<\/strong>, un mois lors duquel les livraisons sont g\u00e9n\u00e9ralement plus importantes. 133 appareils en un mois, c\u2019est un sacr\u00e9 d\u00e9fi pour les \u00e9quipes de l\u2019avionneur.<\/p>\n<p>Votre r\u00e9gion, votre actu !<\/p>\n<p>Recevez chaque jour les infos qui comptent pour vous.<\/p>\n<p>\t<a href=\"https:\/\/actu.fr\/newsletter\" class=\"ac-btn ac-btn--corner ac-btn--medium ac-btn--blue800\" target=\"_blank\" rel=\"noopener\">S&rsquo;incrire<\/a><\/p>\n<p class=\" wall-content\">En d\u00e9cembre dernier, Airbus avait <strong>livr\u00e9 123 avions<\/strong> et rat\u00e9 de peu son objectif pour 2024, fix\u00e9 \u00e0 770\u2009: 766 avions avaient \u00e9t\u00e9 livr\u00e9s sur l\u2019ann\u00e9e, contre 735 en 2023. Tiendra-t-il le cap des <strong>790 a\u00e9ronefs<\/strong> annonc\u00e9s\u2009?<\/p>\n<p>Pourquoi le bilan des livraisons est important<\/p>\n<p class=\" wall-content\">Le bilan des livraisons des avionneurs est toujours scrut\u00e9 de pr\u00e8s, car il pr\u00e9figure les <strong>r\u00e9sultats financiers<\/strong>, les compagnies a\u00e9riennes acquittant la majorit\u00e9 du prix d\u2019achat lorsqu\u2019elles re\u00e7oivent leurs appareils.<\/p>\n<p class=\" wall-content\">Airbus a assur\u00e9 que ses pr\u00e9visions financi\u00e8res pour 2025 n\u2019\u00e9taient pas modifi\u00e9es et n\u2019a pas pr\u00e9cis\u00e9 si ces probl\u00e8mes affecteraient \u00e9galement le rythme des livraisons d\u2019avions en 2026.<\/p>\n<p class=\" wall-content\"><strong>Avec AFP<\/strong><\/p>\n<p class=\" wall-content\">Personnalisez votre actualit\u00e9 en ajoutant vos villes et m\u00e9dias en favori avec <a href=\"https:\/\/moncompte.actu.fr\" title=\"D\u00e9couvez Mon Actu\" rel=\"nofollow noopener\" data-trk=\"{&quot;cta&quot;:{&quot;action&quot;:&quot;https:\\\/\\\/moncompte.actu.fr&quot;,&quot;category&quot;:&quot;mon compte&quot;,&quot;from&quot;:&quot;article footer&quot;,&quot;name&quot;:&quot;Mon actu&quot;,&quot;type&quot;:&quot;cta&quot;}}\" target=\"_blank\">Mon Actu<\/a>.<\/p>\n","protected":false},"excerpt":{"rendered":"Par Guillaume Laurens Publi\u00e9 le 5 d\u00e9c. 2025 \u00e0 17h54 Airbus a livr\u00e9 en novembre 72 avions commerciaux,\u00a0et&hellip;\n","protected":false},"author":2,"featured_media":581395,"comment_status":"","ping_status":"","sticky":false,"template":"","format":"standard","meta":{"footnotes":""},"categories":[2816],"tags":[1111,11,296,36,33,1777,674,1011,27,12,2680,25,2312],"class_list":{"0":"post-581394","1":"post","2":"type-post","3":"status-publish","4":"format-standard","5":"has-post-thumbnail","7":"category-toulouse","8":"tag-actu","9":"tag-actualites","10":"tag-aeronautique","11":"tag-airbus","12":"tag-economie","13":"tag-eu","14":"tag-europe","15":"tag-fr","16":"tag-france","17":"tag-news","18":"tag-occitanie","19":"tag-republique-francaise","20":"tag-toulouse"},"share_on_mastodon":{"url":"https:\/\/pubeurope.com\/@fr\/115670884405759772","error":""},"_links":{"self":[{"href":"https:\/\/www.europesays.com\/fr\/wp-json\/wp\/v2\/posts\/581394","targetHints":{"allow":["GET"]}}],"collection":[{"href":"https:\/\/www.europesays.com\/fr\/wp-json\/wp\/v2\/posts"}],"about":[{"href":"https:\/\/www.europesays.com\/fr\/wp-json\/wp\/v2\/types\/post"}],"author":[{"embeddable":true,"href":"https:\/\/www.europesays.com\/fr\/wp-json\/wp\/v2\/users\/2"}],"replies":[{"embeddable":true,"href":"https:\/\/www.europesays.com\/fr\/wp-json\/wp\/v2\/comments?post=581394"}],"version-history":[{"count":0,"href":"https:\/\/www.europesays.com\/fr\/wp-json\/wp\/v2\/posts\/581394\/revisions"}],"wp:featuredmedia":[{"embeddable":true,"href":"https:\/\/www.europesays.com\/fr\/wp-json\/wp\/v2\/media\/581395"}],"wp:attachment":[{"href":"https:\/\/www.europesays.com\/fr\/wp-json\/wp\/v2\/media?parent=581394"}],"wp:term":[{"taxonomy":"category","embeddable":true,"href":"https:\/\/www.europesays.com\/fr\/wp-json\/wp\/v2\/categories?post=581394"},{"taxonomy":"post_tag","embeddable":true,"href":"https:\/\/www.europesays.com\/fr\/wp-json\/wp\/v2\/tags?post=581394"}],"curies":[{"name":"wp","href":"https:\/\/api.w.org\/{rel}","templated":true}]}}