{"id":581398,"date":"2025-12-06T05:08:43","date_gmt":"2025-12-06T05:08:43","guid":{"rendered":"https:\/\/www.europesays.com\/fr\/581398\/"},"modified":"2025-12-06T05:08:43","modified_gmt":"2025-12-06T05:08:43","slug":"les-olympiens-en-dessous-de-tout","status":"publish","type":"post","link":"https:\/\/www.europesays.com\/fr\/581398\/","title":{"rendered":"les Olympiens en dessous de tout"},"content":{"rendered":"<p>Un soir sans. \u00c0 rapidement oublier. Ou plut\u00f4t \u00e0 m\u00e9diter profond\u00e9ment tant l\u2019OM a \u00e9t\u00e9 en dessous de tout, tout au long de cette soir\u00e9e frisquette, glac\u00e9 par Lille qui n\u2019a m\u00eame pas eu besoin de sortir les crocs ni de renverser des montagnes pour s\u2019offrir le scalp d\u2019Olympiens path\u00e9tiques d\u2019un bout \u00e0 l\u2019autre de cette rencontre, seulement secou\u00e9s par un coup de semonce de Mason Greenwood, tout proche d\u2019inscrire le but de l\u2019ann\u00e9e (75). <a href=\"https:\/\/www.laprovence.com\/article\/om\/417053049847814\/om-toulouse-2-2-encore-deux-points-perdus-pour-les-olympiens-qui-ratent-l-occasion-de-prendre-les-commandes-de-la-ligue-1\" target=\"_blank\" rel=\"noopener\">Six jours apr\u00e8s avoir \u00e9t\u00e9 rejoints in extremis par Toulouse,<\/a> ils ont encore l\u00e2ch\u00e9 du lest en championnat, rattrap\u00e9s par leur adversaire du soir sur la troisi\u00e8me marche du podium avant que Lens et Paris n\u2019entrent en sc\u00e8ne, tout \u00e0 l\u2019heure, pour creuser un peu plus l\u2019\u00e9cart.<\/p>\n<p>Autant les signaux renvoy\u00e9s contre le TFC en seconde p\u00e9riode pouvaient nourrir des regrets et laisser croire en des jours meilleurs dans la lign\u00e9e des sorties pr\u00e9c\u00e9dentes, autant ceux qui se sont \u00e9chapp\u00e9s du stade Pierre-Mauroy ont de quoi refroidir les plus optimistes. <a href=\"https:\/\/www.laprovence.com\/article\/om\/19601127906329\/lille-om-cette-saison-on-a-lequipe-pour-tout-faire-tout-cest-a-vous-de-definir-ce-mot-glisse-roberto-de-zerbi-a-la-veille-du-deplacement-a-lille\" target=\"_blank\" rel=\"noopener\">Les hommes de Roberto De Zerbi<\/a> ont affich\u00e9 leur visage des tr\u00e8s mauvais jours, jouant scolairement \u00e0 la baballe, dans cet ersatz de handball d\u00e9pourvu de la moindre acc\u00e9l\u00e9ration et de la moindre inspiration. Aga\u00e7ant.<\/p>\n<p>Un premie<\/p>\n","protected":false},"excerpt":{"rendered":"Un soir sans. \u00c0 rapidement oublier. Ou plut\u00f4t \u00e0 m\u00e9diter profond\u00e9ment tant l\u2019OM a \u00e9t\u00e9 en dessous de&hellip;\n","protected":false},"author":2,"featured_media":581399,"comment_status":"","ping_status":"","sticky":false,"template":"","format":"standard","meta":{"footnotes":""},"categories":[2815],"tags":[49349,17,1111,11,16007,1777,674,1011,27,811,151,1307,16979,12,12072,149,25,3585],"class_list":{"0":"post-581398","1":"post","2":"type-post","3":"status-publish","4":"format-standard","5":"has-post-thumbnail","7":"category-lille","8":"tag-1-0","9":"tag-17","10":"tag-actu","11":"tag-actualites","12":"tag-dessous","13":"tag-eu","14":"tag-europe","15":"tag-fr","16":"tag-france","17":"tag-hauts-de-france","18":"tag-les","19":"tag-lille","20":"tag-lille-om","21":"tag-news","22":"tag-olympiens","23":"tag-om","24":"tag-republique-francaise","25":"tag-tout"},"share_on_mastodon":{"url":"https:\/\/pubeurope.com\/@fr\/115670896087438679","error":""},"_links":{"self":[{"href":"https:\/\/www.europesays.com\/fr\/wp-json\/wp\/v2\/posts\/581398","targetHints":{"allow":["GET"]}}],"collection":[{"href":"https:\/\/www.europesays.com\/fr\/wp-json\/wp\/v2\/posts"}],"about":[{"href":"https:\/\/www.europesays.com\/fr\/wp-json\/wp\/v2\/types\/post"}],"author":[{"embeddable":true,"href":"https:\/\/www.europesays.com\/fr\/wp-json\/wp\/v2\/users\/2"}],"replies":[{"embeddable":true,"href":"https:\/\/www.europesays.com\/fr\/wp-json\/wp\/v2\/comments?post=581398"}],"version-history":[{"count":0,"href":"https:\/\/www.europesays.com\/fr\/wp-json\/wp\/v2\/posts\/581398\/revisions"}],"wp:featuredmedia":[{"embeddable":true,"href":"https:\/\/www.europesays.com\/fr\/wp-json\/wp\/v2\/media\/581399"}],"wp:attachment":[{"href":"https:\/\/www.europesays.com\/fr\/wp-json\/wp\/v2\/media?parent=581398"}],"wp:term":[{"taxonomy":"category","embeddable":true,"href":"https:\/\/www.europesays.com\/fr\/wp-json\/wp\/v2\/categories?post=581398"},{"taxonomy":"post_tag","embeddable":true,"href":"https:\/\/www.europesays.com\/fr\/wp-json\/wp\/v2\/tags?post=581398"}],"curies":[{"name":"wp","href":"https:\/\/api.w.org\/{rel}","templated":true}]}}