{"id":581403,"date":"2025-12-06T05:11:14","date_gmt":"2025-12-06T05:11:14","guid":{"rendered":"https:\/\/www.europesays.com\/fr\/581403\/"},"modified":"2025-12-06T05:11:14","modified_gmt":"2025-12-06T05:11:14","slug":"tcl-cette-ligne-de-tramway-sera-perturbee-la-semaine-prochaine-a-lyon","status":"publish","type":"post","link":"https:\/\/www.europesays.com\/fr\/581403\/","title":{"rendered":"TCL : cette ligne de tramway sera perturb\u00e9e la semaine prochaine \u00e0 Lyon"},"content":{"rendered":"<p>En raison du d\u00e9ploiement de la future ligne du bus \u00e0 haut niveau de service (BHNS), le trafic sera perturb\u00e9 sur le tram T1 \u00e0 Lyon dans les nuits des 9, 10 et 11 d\u00e9cembre.<\/p>\n<p>La future ligne du bus \u00e0 haut niveau de service (BHNS), qui est en cours de d\u00e9ploiement, va provoquer <b>des perturbations sur la ligne de tramway T1<\/b> \u00e0 Lyon la semaine prochaine.<\/p>\n<p>La raison : une intervention technique dans le secteur Servient\u2013Libert\u00e9 <b>les nuits des mardi 9, mercredi 10 et\u00a0 jeudi 11 d\u00e9cembre 2025<\/b>.<\/p>\n<p>\u00ab\u00a0Les \u00e9quipes installeront un isolateur \u00e0 l&rsquo;intersection des lignes a\u00e9riennes de contact (LAC) du tramway et du futur bus, afin de garantir l&rsquo;ind\u00e9pendance \u00e9lectrique de chaque r\u00e9seau. Cette op\u00e9ration entra\u00eenera une adaptation du service en soir\u00e9e\u00a0\u00bb, expliquent les TCL.<\/p>\n<p>Quelles perturbations sur le tram T1 ?<\/p>\n<p>\u00c0 partir de 21h environ, la ligne T1 circulera uniquement <b>entre Debourg et Place des Archives<\/b> :<\/p>\n<p>&#8211; Dernier d\u00e9part de IUT Feyssine vers Debourg : <b>21h22<\/b><br \/>&#8211; Dernier d\u00e9part complet de Debourg vers IUT Feyssine : <b>21h13<\/b><br \/>\u00a0<br \/>&#8211; Premier d\u00e9part partiel de Place des Archives vers Debourg : <b>22h02<\/b><br \/>&#8211; Dernier d\u00e9part partiel de Place des Archives vers Debourg : <b>1h<\/b><br \/>\u00a0<br \/>&#8211; Premier d\u00e9part partiel de Deboug vers Place des Archives : <b>21h20<\/b><br \/>&#8211; Dernier d\u00e9part partiel de Debourg vers Place des Archives : <b>00h35<\/b><\/p>\n<p>Les voyageurs sont invit\u00e9s \u00e0 privil\u00e9gier les correspondances avec le tramway T4, le m\u00e9tro B ainsi que les lignes de bus C17 et 37.<\/p>\n<p><img loading=\"lazy\" decoding=\"async\" src=\"https:\/\/www.europesays.com\/fr\/wp-content\/uploads\/2025\/12\/1764997874_74_img\" width=\"350\" height=\"200\" border=\"0\" title=\"Le trac\u00c3\u00a9 retenu pour le TEOL (tram express de l'ouest lyonnais)\"\/><\/p>\n<p>\u25baTransport<\/p>\n<p style=\"font-size: 22px;\"><b>Tramway Express de l&rsquo;Ouest Lyonnais :\u00a0 nouveau feu vert pour le projet !<\/b><\/p>\n<p>Objet d&rsquo;une enqu\u00eate publique \u00e0 l&rsquo;automne dernier,&#8230;<\/p>\n<p><\/p>\n","protected":false},"excerpt":{"rendered":"En raison du d\u00e9ploiement de la future ligne du bus \u00e0 haut niveau de service (BHNS), le trafic&hellip;\n","protected":false},"author":2,"featured_media":581404,"comment_status":"","ping_status":"","sticky":false,"template":"","format":"standard","meta":{"footnotes":""},"categories":[1889],"tags":[1111,11,2430,69537,1777,674,1011,27,2428,5428,12,69538,25,13038,10213,2221,4109],"class_list":{"0":"post-581403","1":"post","2":"type-post","3":"status-publish","4":"format-standard","5":"has-post-thumbnail","7":"category-lyon","8":"tag-actu","9":"tag-actualites","10":"tag-auvergne-rhone-alpes","11":"tag-debourg","12":"tag-eu","13":"tag-europe","14":"tag-fr","15":"tag-france","16":"tag-lyon","17":"tag-mtro","18":"tag-news","19":"tag-place-des-archives","20":"tag-republique-francaise","21":"tag-t1","22":"tag-tcl","23":"tag-tram","24":"tag-tramway"},"share_on_mastodon":{"url":"https:\/\/pubeurope.com\/@fr\/115670908701841519","error":""},"_links":{"self":[{"href":"https:\/\/www.europesays.com\/fr\/wp-json\/wp\/v2\/posts\/581403","targetHints":{"allow":["GET"]}}],"collection":[{"href":"https:\/\/www.europesays.com\/fr\/wp-json\/wp\/v2\/posts"}],"about":[{"href":"https:\/\/www.europesays.com\/fr\/wp-json\/wp\/v2\/types\/post"}],"author":[{"embeddable":true,"href":"https:\/\/www.europesays.com\/fr\/wp-json\/wp\/v2\/users\/2"}],"replies":[{"embeddable":true,"href":"https:\/\/www.europesays.com\/fr\/wp-json\/wp\/v2\/comments?post=581403"}],"version-history":[{"count":0,"href":"https:\/\/www.europesays.com\/fr\/wp-json\/wp\/v2\/posts\/581403\/revisions"}],"wp:featuredmedia":[{"embeddable":true,"href":"https:\/\/www.europesays.com\/fr\/wp-json\/wp\/v2\/media\/581404"}],"wp:attachment":[{"href":"https:\/\/www.europesays.com\/fr\/wp-json\/wp\/v2\/media?parent=581403"}],"wp:term":[{"taxonomy":"category","embeddable":true,"href":"https:\/\/www.europesays.com\/fr\/wp-json\/wp\/v2\/categories?post=581403"},{"taxonomy":"post_tag","embeddable":true,"href":"https:\/\/www.europesays.com\/fr\/wp-json\/wp\/v2\/tags?post=581403"}],"curies":[{"name":"wp","href":"https:\/\/api.w.org\/{rel}","templated":true}]}}