{"id":581407,"date":"2025-12-06T05:14:14","date_gmt":"2025-12-06T05:14:14","guid":{"rendered":"https:\/\/www.europesays.com\/fr\/581407\/"},"modified":"2025-12-06T05:14:14","modified_gmt":"2025-12-06T05:14:14","slug":"pendant-que-louest-se-prepare-quelle-meteo-a-paris-et-en-ile-de-france-ce-week-end","status":"publish","type":"post","link":"https:\/\/www.europesays.com\/fr\/581407\/","title":{"rendered":"pendant que l\u2019Ouest se pr\u00e9pare, quelle m\u00e9t\u00e9o \u00e0 Paris et en \u00cele-de-France ce week-end\u00a0?"},"content":{"rendered":"<p>                    Par<br \/>\n        <strong><br \/>\n            <a href=\"https:\/\/actu.fr\/auteur\/redaction-paris\" title=\"Consulter tous les articles de R\u00e9daction Paris\" target=\"_blank\" rel=\"noopener\">R\u00e9daction Paris<\/a><br \/>\n                    <\/strong><\/p>\n<p>        Publi\u00e9 le<\/p>\n<p>            6 d\u00e9c. 2025 \u00e0 6h04        <\/p>\n<p>Alors que la <a href=\"https:\/\/actu.fr\/meteo\/tempete-davide-rafales-a-110-km-h-violentes-vagues-un-coup-de-vent-frappe-la-france-vendredi-12-departements-en-vigilance_63532128.html\" target=\"_blank\" rel=\"noopener\">temp\u00eate Davide<\/a> est annonc\u00e9e sur l\u2019Ouest de la France, avec des <strong>vents violents<\/strong> attendus sur les c\u00f4tes et un <strong>front pluvieux particuli\u00e8rement actif<\/strong>, la situation s\u2019annonce plus mesur\u00e9e \u00e0 Paris et en \u00cele-de-France ce week-end des samedi 7 et dimanche 8 d\u00e9cembre. Si l\u2019agitation venue de l\u2019Atlantique influencera quand m\u00eame la <a href=\"https:\/\/actu.fr\/paris\/meteo\" target=\"_blank\" rel=\"noopener\">m\u00e9t\u00e9o<\/a> en r\u00e9gion parisienne, les Franciliens devraient \u00eatre largement \u00e9pargn\u00e9s par les rafales les plus fortes.\u00a0<\/p>\n<p>Pas d\u2019alerte m\u00e9t\u00e9o majeure \u00e0 Paris et en \u00cele-de-France<\/p>\n<p class=\" wall-content\">Sur les littoraux atlantiques et de la Manche, les services m\u00e9t\u00e9o annoncent un \u00e9pisode agit\u00e9 : du vent violent, beaucoup de pluie, et de tr\u00e8s fortes vagues. Un sc\u00e9nario somme toute assez classique des temp\u00eates automnales qui peuvent fortement toucher la fa\u00e7ade Ouest.<\/p>\n<p class=\" wall-content\">En remontant vers l\u2019int\u00e9rieur des terres, le syst\u00e8me d\u00e9pressionnaire perd en intensit\u00e9. R\u00e9sultat : si l\u2019\u00cele-de-France reste sous l\u2019influence de ce vaste front oc\u00e9anique, aucune alerte majeure n\u2019est pour l\u2019instant pr\u00e9vue sur la r\u00e9gion.<\/p>\n<p>Un week-end tr\u00e8s doux pour la saison<\/p>\n<p class=\" wall-content\">\u00c0 Paris comme dans le reste de la r\u00e9gion, le samedi s\u2019annonce doux, parfois \u00e9tonnamment pour une premi\u00e8re semaine de d\u00e9cembre. Les temp\u00e9ratures pourront atteindre 12 \u00e0 13 \u00b0C selon<a href=\"https:\/\/actu.fr\/tag\/meteo-france\" target=\"_blank\" rel=\"noopener\"> M\u00e9t\u00e9o-France<\/a>, avec un ciel souvent nuageux, entrecoup\u00e9 de quelques averses locales.<br \/>Le vent soufflera de mani\u00e8re mod\u00e9r\u00e9e, autour des 45 km\/h, loin des rafales observ\u00e9es \u00e0 l\u2019Ouest.<\/p>\n<p class=\" wall-content\">Dimanche, un nouveau front apportera nuages \u00e9pais et pluies faibles \u00e0 mod\u00e9r\u00e9es. M\u00e9t\u00e9o-France pr\u00e9voit 5 mm de pr\u00e9cipitations \u00e0 Paris le matin et 2 mm l\u2019apr\u00e8s-midi.\u00a0<\/p>\n<p class=\" wall-content\">Les temp\u00e9ratures, elles, resteront \u00e9lev\u00e9es pour la saison, avec un mercure autour de 14 \u00e0 15 \u00b0C l\u2019apr\u00e8s-midi \u00e0 Paris. L\u00e0 encore, pas de vent violent attendu, mais un ciel plus charg\u00e9 et une ambiance humide.<\/p>\n<p class=\" wall-content\">Personnalisez votre actualit\u00e9 en ajoutant vos villes et m\u00e9dias en favori avec <a href=\"https:\/\/moncompte.actu.fr\" title=\"D\u00e9couvez Mon Actu\" rel=\"nofollow noopener\" data-trk=\"{&quot;cta&quot;:{&quot;action&quot;:&quot;https:\\\/\\\/moncompte.actu.fr&quot;,&quot;category&quot;:&quot;mon compte&quot;,&quot;from&quot;:&quot;article footer&quot;,&quot;name&quot;:&quot;Mon actu&quot;,&quot;type&quot;:&quot;cta&quot;}}\" target=\"_blank\">Mon Actu<\/a>.<\/p>\n","protected":false},"excerpt":{"rendered":"Par R\u00e9daction Paris Publi\u00e9 le 6 d\u00e9c. 2025 \u00e0 6h04 Alors que la temp\u00eate Davide est annonc\u00e9e sur&hellip;\n","protected":false},"author":2,"featured_media":437935,"comment_status":"","ping_status":"","sticky":false,"template":"","format":"standard","meta":{"footnotes":""},"categories":[1592],"tags":[1111,11,1777,674,1011,27,662,2487,2357,12,626,4459,25],"class_list":{"0":"post-581407","1":"post","2":"type-post","3":"status-publish","4":"format-standard","5":"has-post-thumbnail","7":"category-ile-de-france","8":"tag-actu","9":"tag-actualites","10":"tag-eu","11":"tag-europe","12":"tag-fr","13":"tag-france","14":"tag-ile-de-france","15":"tag-meteo","16":"tag-meteo-france","17":"tag-news","18":"tag-paris","19":"tag-pluie","20":"tag-republique-francaise"},"share_on_mastodon":{"url":"https:\/\/pubeurope.com\/@fr\/115670919711141100","error":""},"_links":{"self":[{"href":"https:\/\/www.europesays.com\/fr\/wp-json\/wp\/v2\/posts\/581407","targetHints":{"allow":["GET"]}}],"collection":[{"href":"https:\/\/www.europesays.com\/fr\/wp-json\/wp\/v2\/posts"}],"about":[{"href":"https:\/\/www.europesays.com\/fr\/wp-json\/wp\/v2\/types\/post"}],"author":[{"embeddable":true,"href":"https:\/\/www.europesays.com\/fr\/wp-json\/wp\/v2\/users\/2"}],"replies":[{"embeddable":true,"href":"https:\/\/www.europesays.com\/fr\/wp-json\/wp\/v2\/comments?post=581407"}],"version-history":[{"count":0,"href":"https:\/\/www.europesays.com\/fr\/wp-json\/wp\/v2\/posts\/581407\/revisions"}],"wp:featuredmedia":[{"embeddable":true,"href":"https:\/\/www.europesays.com\/fr\/wp-json\/wp\/v2\/media\/437935"}],"wp:attachment":[{"href":"https:\/\/www.europesays.com\/fr\/wp-json\/wp\/v2\/media?parent=581407"}],"wp:term":[{"taxonomy":"category","embeddable":true,"href":"https:\/\/www.europesays.com\/fr\/wp-json\/wp\/v2\/categories?post=581407"},{"taxonomy":"post_tag","embeddable":true,"href":"https:\/\/www.europesays.com\/fr\/wp-json\/wp\/v2\/tags?post=581407"}],"curies":[{"name":"wp","href":"https:\/\/api.w.org\/{rel}","templated":true}]}}