{"id":581408,"date":"2025-12-06T05:15:18","date_gmt":"2025-12-06T05:15:18","guid":{"rendered":"https:\/\/www.europesays.com\/fr\/581408\/"},"modified":"2025-12-06T05:15:18","modified_gmt":"2025-12-06T05:15:18","slug":"la-chanteuse-espagnole-rosalia-annonce-deux-concerts-a-laccor-arena-a-paris-la-billetterie-bientot-ouverte","status":"publish","type":"post","link":"https:\/\/www.europesays.com\/fr\/581408\/","title":{"rendered":"La chanteuse espagnole Rosal\u00eda annonce deux concerts \u00e0 l&rsquo;Accor Arena \u00e0 Paris : la billetterie bient\u00f4t ouverte"},"content":{"rendered":"<p>                    Par<br \/>\n        <strong><br \/>\n            <a href=\"https:\/\/actu.fr\/auteur\/redaction-paris\" title=\"Consulter tous les articles de R\u00e9daction Paris\" target=\"_blank\" rel=\"noopener\">R\u00e9daction Paris<\/a><br \/>\n                    <\/strong><\/p>\n<p>        Publi\u00e9 le<\/p>\n<p>            5 d\u00e9c. 2025 \u00e0 16h16<br \/>\n        ; mis \u00e0 jour le 5 d\u00e9c. 2025 \u00e0 16h36    <\/p>\n<p>Apr\u00e8s un premier album qui l\u2019a propuls\u00e9e n\u00b01 mondiale sur les plateformes de streaming et une tourn\u00e9e \u00e0 guichet ferm\u00e9, <strong>Rosal\u00eda<\/strong> remet \u00e7a en 2026. \u00c0 l\u2019occasion de la sortie de LUX, la chanteuse espagnole vient d\u2019annoncer qu\u2019elle repartirait sur les routes. Deux dates sont pr\u00e9vues \u00e0 Paris.<\/p>\n<p>La billetterie bient\u00f4t ouverte<\/p>\n<p class=\" wall-content\">Les fans de l\u2019interpr\u00e8te de Despech\u00e1 ont donc rendez-vous avec l\u2019artiste le mercredi 18 et le vendredi 20 mars 2025 \u00e0 l\u2019<a href=\"https:\/\/actu.fr\/tag\/accor-arena-bercy\" target=\"_blank\" rel=\"noopener\">Accor Arena<\/a>. La billetterie n\u2019est <strong>pas encore ouverte<\/strong> : les places seront mises en vente jeudi 11 d\u00e9cembre 2025. Une nouvelle tourn\u00e9e qui va aussi emmener la chanteuse \u00e0 Lyon, dimanche 16 d\u00e9cembre 2025, puis aux quatre coins du monde.<\/p>\n<p class=\" wall-content\"><a href=\"https:\/\/www.instagram.com\/p\/DR16wSCDKWQ\/embed\" title=\"Ouvrir le lien sur Instagram\" target=\"_blank\" rel=\"noopener\">Visualiser le contenu sur Instagram<\/a><\/p>\n<p class=\" wall-content\">Un autre artiste est attendu de pied ferme \u00e0 l\u2019Accor Arena : le <a href=\"https:\/\/actu.fr\/ile-de-france\/paris_75056\/j-ai-une-grande-annonce-orelsan-revele-les-dates-de-sa-tournee-2026-et-gate-particulierement-paris_63229658.html\" target=\"_blank\" rel=\"noopener\">rappeur Orelsan<\/a>, qui ne fera pas un, ni deux concerts, mais <strong>dix<\/strong>, du 9 au 20 d\u00e9cembre 2025, tous complets.<\/p>\n<p class=\" wall-content\">Personnalisez votre actualit\u00e9 en ajoutant vos villes et m\u00e9dias en favori avec <a href=\"https:\/\/moncompte.actu.fr\" title=\"D\u00e9couvez Mon Actu\" rel=\"nofollow noopener\" data-trk=\"{&quot;cta&quot;:{&quot;action&quot;:&quot;https:\\\/\\\/moncompte.actu.fr&quot;,&quot;category&quot;:&quot;mon compte&quot;,&quot;from&quot;:&quot;article footer&quot;,&quot;name&quot;:&quot;Mon actu&quot;,&quot;type&quot;:&quot;cta&quot;}}\" target=\"_blank\">Mon Actu<\/a>.<\/p>\n<p>                    <script async src=\"\/\/www.instagram.com\/embed.js\"><\/script><\/p>\n","protected":false},"excerpt":{"rendered":"Par R\u00e9daction Paris Publi\u00e9 le 5 d\u00e9c. 2025 \u00e0 16h16 ; mis \u00e0 jour le 5 d\u00e9c. 2025&hellip;\n","protected":false},"author":2,"featured_media":581409,"comment_status":"","ping_status":"","sticky":false,"template":"","format":"standard","meta":{"footnotes":""},"categories":[1888],"tags":[29225,1111,1928,11,1927,1697,1777,674,1011,27,1652,12,1926,626,1925,25],"class_list":{"0":"post-581408","1":"post","2":"type-post","3":"status-publish","4":"format-standard","5":"has-post-thumbnail","7":"category-paris","8":"tag-accor-arena-bercy","9":"tag-actu","10":"tag-actu-paris","11":"tag-actualites","12":"tag-actualites-paris","13":"tag-concert","14":"tag-eu","15":"tag-europe","16":"tag-fr","17":"tag-france","18":"tag-loisirs-culture","19":"tag-news","20":"tag-news-paris","21":"tag-paris","22":"tag-paris-news","23":"tag-republique-francaise"},"share_on_mastodon":{"url":"https:\/\/pubeurope.com\/@fr\/115670923742065808","error":""},"_links":{"self":[{"href":"https:\/\/www.europesays.com\/fr\/wp-json\/wp\/v2\/posts\/581408","targetHints":{"allow":["GET"]}}],"collection":[{"href":"https:\/\/www.europesays.com\/fr\/wp-json\/wp\/v2\/posts"}],"about":[{"href":"https:\/\/www.europesays.com\/fr\/wp-json\/wp\/v2\/types\/post"}],"author":[{"embeddable":true,"href":"https:\/\/www.europesays.com\/fr\/wp-json\/wp\/v2\/users\/2"}],"replies":[{"embeddable":true,"href":"https:\/\/www.europesays.com\/fr\/wp-json\/wp\/v2\/comments?post=581408"}],"version-history":[{"count":0,"href":"https:\/\/www.europesays.com\/fr\/wp-json\/wp\/v2\/posts\/581408\/revisions"}],"wp:featuredmedia":[{"embeddable":true,"href":"https:\/\/www.europesays.com\/fr\/wp-json\/wp\/v2\/media\/581409"}],"wp:attachment":[{"href":"https:\/\/www.europesays.com\/fr\/wp-json\/wp\/v2\/media?parent=581408"}],"wp:term":[{"taxonomy":"category","embeddable":true,"href":"https:\/\/www.europesays.com\/fr\/wp-json\/wp\/v2\/categories?post=581408"},{"taxonomy":"post_tag","embeddable":true,"href":"https:\/\/www.europesays.com\/fr\/wp-json\/wp\/v2\/tags?post=581408"}],"curies":[{"name":"wp","href":"https:\/\/api.w.org\/{rel}","templated":true}]}}