{"id":581412,"date":"2025-12-06T05:17:16","date_gmt":"2025-12-06T05:17:16","guid":{"rendered":"https:\/\/www.europesays.com\/fr\/581412\/"},"modified":"2025-12-06T05:17:16","modified_gmt":"2025-12-06T05:17:16","slug":"paris-le-ministre-de-la-transition-ecologique-cambriole-il-avait-laisse-ses-cles-dans-la-boite-aux-lettres","status":"publish","type":"post","link":"https:\/\/www.europesays.com\/fr\/581412\/","title":{"rendered":"Paris : le ministre de la Transition \u00e9cologique cambriol\u00e9, il avait laiss\u00e9 ses cl\u00e9s dans la bo\u00eete aux lettres"},"content":{"rendered":"<p>                                            Faits divers\n                                                                            <\/p>\n<p>\n                                            L&rsquo;appartement du ministre de la Transition \u00e9cologique Mathieu Lef\u00e8vre et de sa compagne, \u00e0 deux pas du jardin du Luxembourg dans le VIe arrondissement de Paris, a \u00e9t\u00e9 cambriol\u00e9. Des bijoux ont \u00e9t\u00e9 vol\u00e9s. Le ministre avait laiss\u00e9 ses cl\u00e9s dans sa bo\u00eete aux lettres.                                        <\/p>\n<p>                                                Publi\u00e9 le 5 d\u00e9cembre 2025 \u00e0 15h55                                                                                            <\/p>\n<p>                                            <img loading=\"lazy\" width=\"1024\" height=\"683\" src=\"https:\/\/www.europesays.com\/fr\/wp-content\/uploads\/2025\/12\/SIPA_01240274_000004.jpg\" class=\"attachment-post-thumbnail size-post-thumbnail wp-post-image\" alt=\"L'appartement du ministre de la Transition \u00e9cologique Mathieu Lef\u00e8vre a \u00e9t\u00e9 cambriol\u00e9. Photo \u00a9 Franck Derouda\/SIPA\" decoding=\"async\"  \/><\/p>\n<p>                                            L&rsquo;appartement du ministre de la Transition \u00e9cologique Mathieu Lef\u00e8vre a \u00e9t\u00e9 cambriol\u00e9. Photo \u00a9 Franck Derouda\/SIPA<\/p>\n<p>Le domicile du ministre d\u00e9l\u00e9gu\u00e9 charg\u00e9 de la Transition \u00e9cologique, Mathieu Lef\u00e8vre, a \u00e9t\u00e9 cambriol\u00e9 mercredi 3 d\u00e9cembre. <a href=\"https:\/\/www.leparisien.fr\/faits-divers\/paris-le-ministre-de-la-transition-ecologique-laisse-ses-cles-dans-la-boite-aux-lettres-son-appartement-cambriole-05-12-2025-E4LKL4NPXVDTNBQYY2LNQ3VKQM.php?at_variant=photo&amp;at_creation=Le%20Parisien&amp;at_campaign=Partage%20Twitter%20CM&amp;at_medium=Social%20media\" target=\"_blank\" rel=\"nofollow noopener\">Comme l\u2019explique Le Parisien<\/a>, le pr\u00e9judice s\u2019\u00e9l\u00e8verait \u00e0 environ 10 000 euros, les voleurs ayant r\u00e9ussi \u00e0 repartir avec des bijoux.<\/p>\n<p><a href=\"https:\/\/www.valeursactuelles.com\/faits-divers\/cambriolage-chez-francois-hollande-deux-algeriens-places-en-detention-provisoire\" class=\"h-flex h-align-items-center h-border-tb h-ptb-15\" target=\"_blank\" rel=\"noopener\">A\u00a0LIRE\u00a0Cambriolage chez Fran\u00e7ois Hollande : deux Alg\u00e9riens plac\u00e9s en d\u00e9tention provisoire<\/a><\/p>\n<p>Un montant trop faible pour que la police judiciaire soit saisie. En revanche, <a href=\"https:\/\/www.valeursactuelles.com\/faits-divers\/cambriolage-chez-francois-hollande-deux-algeriens-places-en-detention-provisoire\" target=\"_blank\" rel=\"noopener\">sa qualit\u00e9 de ministre<\/a> (sa compagne \u00e9tant elle-m\u00eame haut fonctionnaire) a entra\u00een\u00e9 la sollicitation de la brigade de r\u00e9pression du banditisme.<\/p>\n<p>Aucun document sensible n\u2019aurait \u00e9t\u00e9 d\u00e9rob\u00e9<\/p>\n<p>Les autorit\u00e9s n\u2019ont rep\u00e9r\u00e9 aucune trace d\u2019effraction. Selon une source polici\u00e8re cit\u00e9e par le quotidien national, un jeu de cl\u00e9s qui se trouvait dans la bo\u00eete aux lettres du couple aurait disparu. De plus, ce cambriolage <a href=\"https:\/\/www.valeursactuelles.com\/clubvaleurs\/histoire\/histoire-le-cambriolage-des-bijoux-du-louvre-est-il-encore-le-vol-du-siecle\" target=\"_blank\" rel=\"noopener\">ne porterait que sur des bijoux en or<\/a> et aucun document sensible n\u2019aurait \u00e9t\u00e9 vol\u00e9.<\/p>\n<p><a href=\"https:\/\/www.valeursactuelles.com\/politique\/michel-fournier-nouveau-ministre-delegue-charge-de-la-ruralite-a-appris-sa-nomination-a-la-television\" class=\"h-flex h-align-items-center h-border-tb h-ptb-15\" target=\"_blank\" rel=\"noopener\">A\u00a0LIRE\u00a0Michel Fournier, nouveau ministre d\u00e9l\u00e9gu\u00e9 charg\u00e9 de la Ruralit\u00e9, a appris sa nomination\u2026 \u00e0 la t\u00e9l\u00e9vision<\/a><\/p>\n<p>Si les techniciens de la police scientifique se sont rendus sur place pour relever un maximum d\u2019indices, vendredi 5 d\u00e9cembre dans la journ\u00e9e, personne n\u2019avait encore \u00e9t\u00e9 interpell\u00e9.<\/p>\n","protected":false},"excerpt":{"rendered":"Faits divers L&rsquo;appartement du ministre de la Transition \u00e9cologique Mathieu Lef\u00e8vre et de sa compagne, \u00e0 deux pas&hellip;\n","protected":false},"author":2,"featured_media":581413,"comment_status":"","ping_status":"","sticky":false,"template":"","format":"standard","meta":{"footnotes":""},"categories":[1888],"tags":[11,1174,1777,674,1011,27,69539,40397,12,626,25,1175],"class_list":{"0":"post-581412","1":"post","2":"type-post","3":"status-publish","4":"format-standard","5":"has-post-thumbnail","7":"category-paris","8":"tag-actualites","9":"tag-cambriolage","10":"tag-eu","11":"tag-europe","12":"tag-fr","13":"tag-france","14":"tag-ministre-de-la-transition-ecologique","15":"tag-ministres","16":"tag-news","17":"tag-paris","18":"tag-republique-francaise","19":"tag-vol"},"share_on_mastodon":{"url":"https:\/\/pubeurope.com\/@fr\/115670931768346920","error":""},"_links":{"self":[{"href":"https:\/\/www.europesays.com\/fr\/wp-json\/wp\/v2\/posts\/581412","targetHints":{"allow":["GET"]}}],"collection":[{"href":"https:\/\/www.europesays.com\/fr\/wp-json\/wp\/v2\/posts"}],"about":[{"href":"https:\/\/www.europesays.com\/fr\/wp-json\/wp\/v2\/types\/post"}],"author":[{"embeddable":true,"href":"https:\/\/www.europesays.com\/fr\/wp-json\/wp\/v2\/users\/2"}],"replies":[{"embeddable":true,"href":"https:\/\/www.europesays.com\/fr\/wp-json\/wp\/v2\/comments?post=581412"}],"version-history":[{"count":0,"href":"https:\/\/www.europesays.com\/fr\/wp-json\/wp\/v2\/posts\/581412\/revisions"}],"wp:featuredmedia":[{"embeddable":true,"href":"https:\/\/www.europesays.com\/fr\/wp-json\/wp\/v2\/media\/581413"}],"wp:attachment":[{"href":"https:\/\/www.europesays.com\/fr\/wp-json\/wp\/v2\/media?parent=581412"}],"wp:term":[{"taxonomy":"category","embeddable":true,"href":"https:\/\/www.europesays.com\/fr\/wp-json\/wp\/v2\/categories?post=581412"},{"taxonomy":"post_tag","embeddable":true,"href":"https:\/\/www.europesays.com\/fr\/wp-json\/wp\/v2\/tags?post=581412"}],"curies":[{"name":"wp","href":"https:\/\/api.w.org\/{rel}","templated":true}]}}