{"id":581416,"date":"2025-12-06T05:19:35","date_gmt":"2025-12-06T05:19:35","guid":{"rendered":"https:\/\/www.europesays.com\/fr\/581416\/"},"modified":"2025-12-06T05:19:35","modified_gmt":"2025-12-06T05:19:35","slug":"ukrainiens-et-americains-poursuivent-leurs-discussions-en-floride-lexpress","status":"publish","type":"post","link":"https:\/\/www.europesays.com\/fr\/581416\/","title":{"rendered":"Ukrainiens et Am\u00e9ricains poursuivent leurs discussions en Floride \u2013 L&rsquo;Express"},"content":{"rendered":"<p class=\"paragraph article-body-paragraph article__item   article-body-paragraph--first \">Les deux parties sont convenues que tout progr\u00e8s r\u00e9el vers un accord d\u00e9pendait de la volont\u00e9 de la Russie de s&rsquo;engager s\u00e9rieusement en faveur d&rsquo;une paix durable, notamment par des mesures de d\u00e9sescalade et l&rsquo;arr\u00eat des tueries, a indiqu\u00e9 vendredi soir le d\u00e9partement d&rsquo;Etat en bouclant la deuxi\u00e8me journ\u00e9e de ces pourparlers.<\/p>\n<p class=\"paragraph article-body-paragraph article__item   \">Il a pr\u00e9cis\u00e9 que les participants s&rsquo;\u00e9taient mis d&rsquo;accord sur le cadre des arrangements de s\u00e9curit\u00e9 (..) et des capacit\u00e9s de dissuasion n\u00e9cessaires pour maintenir une paix durable en cas de r\u00e8glement.<\/p>\n<p class=\"paragraph article-body-paragraph article__item   \">C\u00f4t\u00e9 am\u00e9ricain, l&rsquo;\u00e9missaire de Donald Trump, Steve Witkoff, ainsi que le gendre du pr\u00e9sident, Jared Kushner, participent aux discussions pr\u00e8s de Miami, la magapole de Floride (sud-est).<\/p>\n<p class=\"paragraph article-body-paragraph article__item   \">C\u00f4t\u00e9 ukrainien, il s&rsquo;agit du n\u00e9gociateur en chef Roustem Oumerov et du g\u00e9n\u00e9ral Andre\u00ef Hnatov.<\/p>\n<p class=\"paragraph article-body-paragraph article__item   \">Depuis la pr\u00e9sentation du plan am\u00e9ricain il y a bient\u00f4t trois semaines, plusieurs sessions de pourparlers ont eu lieu avec les Ukrainiens \u00e0 Gen\u00e8ve et en Floride pour tenter d&rsquo;amender le texte en faveur de Kiev.<\/p>\n<p class=\"paragraph article-body-paragraph article__item   \">Le document a aussi \u00e9t\u00e9 pr\u00e9sent\u00e9 mardi au pr\u00e9sident Vladimir Poutine lors d&rsquo;une visite \u00e0 Moscou de Steve Witkoff et de Jared Kushner.<\/p>\n<p class=\"paragraph article-body-paragraph article__item   \">Peu de d\u00e9tails ont filtr\u00e9 sur ce plan amend\u00e9, apr\u00e8s qu&rsquo;une version initiale a \u00e9t\u00e9 per\u00e7ue par Kiev et les Europ\u00e9ens comme \u00e9tant largement favorable \u00e0 la Russie.<\/p>\n<p> Nouvelle attaque sur Kiev <\/p>\n<p class=\"paragraph article-body-paragraph article__item   \">Dans son communiqu\u00e9, le d\u00e9partement d&rsquo;Etat pr\u00e9cise que les participants ont discut\u00e9 des r\u00e9sultats de la r\u00e9union \u00e0 Moscou et que M. Oumerov a r\u00e9affirm\u00e9 que la priorit\u00e9 de l&rsquo;Ukraine \u00e9tait de parvenir \u00e0 un accord qui prot\u00e8ge son ind\u00e9pendance et sa souverainet\u00e9.<\/p>\n<p><img decoding=\"async\" src=\"https:\/\/www.europesays.com\/fr\/wp-content\/uploads\/2025\/12\/NAZASLZNIREGXNSD4DDFVDWQMU.jpg\" class=\"image-with-legend__cover-img\" alt=\"L'\u00e9missaire am\u00e9ricain Steve Witkoff (\u00e0 droite) et le gendre du pr\u00e9sident Donald Trump, Jared Kushner, le 2 d\u00e9cembre 2025 \u00e0 Moscou\" width=\"883\" height=\"0\" loading=\"lazy\"\/><\/p>\n<p class=\"image-with-legend__legend\">L&rsquo;\u00e9missaire am\u00e9ricain Steve Witkoff (\u00e0 droite) et le gendre du pr\u00e9sident Donald Trump, Jared Kushner, le 2 d\u00e9cembre 2025 \u00e0 Moscou<\/p>\n<p class=\"image-with-legend__credits\"> \u00a9  \/ afp.com\/Alexander KAZAKOV<\/p>\n<p class=\"paragraph article-body-paragraph article__item   \">Apr\u00e8s la rencontre dans la capitale russe, le Kremlin a assur\u00e9 que des progr\u00e8s avaient \u00e9t\u00e9 r\u00e9alis\u00e9s mais qu&rsquo;il restait beaucoup de travail pour aboutir \u00e0 un r\u00e8glement du conflit d\u00e9clench\u00e9 par l&rsquo;invasion russe de f\u00e9vrier 2022.<\/p>\n<p class=\"paragraph article-body-paragraph article__item   \">Le conseiller diplomatique du Kremlin, Iouri Ouchakov, a pour sa part jug\u00e9 vendredi que la r\u00e9union de mardi \u00e0 Moscou s&rsquo;\u00e9tait d\u00e9roul\u00e9e dans une ambiance cordiale et s&rsquo;est f\u00e9licit\u00e9 de la participation de M. Kushner aux discussions.<\/p>\n<p class=\"paragraph article-body-paragraph article__item   \">Le chef de l&rsquo;Etat russe et M. Witkoff ont eu une conversation v\u00e9ritablement amicale et ils se comprennent, a dit M. Ouchakov \u00e0 la t\u00e9l\u00e9vision d&rsquo;\u00c9tat russe. Une nouvelle personne nous a rejoints et je dirais qu&rsquo;elle s&rsquo;est r\u00e9v\u00e9l\u00e9e tr\u00e8s utile, a-t-il ajout\u00e9 \u00e0 propos de Jared Kushner.<\/p>\n<p class=\"paragraph article-body-paragraph article__item   \">Sur le terrain, l&rsquo;arm\u00e9e russe a poursuivi vendredi son avanc\u00e9e sur le front, revendiquant la prise de la localit\u00e9 de Bezimenn\u00e9 dans la r\u00e9gion orientale de Donetsk, o\u00f9 se concentrent les combats.<\/p>\n<p class=\"paragraph article-body-paragraph article__item   \">Samedi \u00e0 l&rsquo;aube, la Russie attaque massivement la r\u00e9gion de Kiev avec des drones et des missiles, a \u00e9crit sur Telegram le gouverneur r\u00e9gional Mykola Kalachnyk, qui a fait \u00e9tat de trois bless\u00e9s.<\/p>\n<p class=\"paragraph article-body-paragraph article__item    article__text__endpicto\">burs-roc\/nr<\/p>\n","protected":false},"excerpt":{"rendered":"Les deux parties sont convenues que tout progr\u00e8s r\u00e9el vers un accord d\u00e9pendait de la volont\u00e9 de la&hellip;\n","protected":false},"author":2,"featured_media":581417,"comment_status":"","ping_status":"","sticky":false,"template":"","format":"standard","meta":{"footnotes":""},"categories":[1591],"tags":[11,10944,1887,12,1885,1886,132],"class_list":{"0":"post-581416","1":"post","2":"type-post","3":"status-publish","4":"format-standard","5":"has-post-thumbnail","7":"category-russie","8":"tag-actualites","9":"tag-archives","10":"tag-federation-de-russie","11":"tag-news","12":"tag-russia","13":"tag-russian-federation","14":"tag-russie"},"share_on_mastodon":{"url":"https:\/\/pubeurope.com\/@fr\/115670940838093730","error":""},"_links":{"self":[{"href":"https:\/\/www.europesays.com\/fr\/wp-json\/wp\/v2\/posts\/581416","targetHints":{"allow":["GET"]}}],"collection":[{"href":"https:\/\/www.europesays.com\/fr\/wp-json\/wp\/v2\/posts"}],"about":[{"href":"https:\/\/www.europesays.com\/fr\/wp-json\/wp\/v2\/types\/post"}],"author":[{"embeddable":true,"href":"https:\/\/www.europesays.com\/fr\/wp-json\/wp\/v2\/users\/2"}],"replies":[{"embeddable":true,"href":"https:\/\/www.europesays.com\/fr\/wp-json\/wp\/v2\/comments?post=581416"}],"version-history":[{"count":0,"href":"https:\/\/www.europesays.com\/fr\/wp-json\/wp\/v2\/posts\/581416\/revisions"}],"wp:featuredmedia":[{"embeddable":true,"href":"https:\/\/www.europesays.com\/fr\/wp-json\/wp\/v2\/media\/581417"}],"wp:attachment":[{"href":"https:\/\/www.europesays.com\/fr\/wp-json\/wp\/v2\/media?parent=581416"}],"wp:term":[{"taxonomy":"category","embeddable":true,"href":"https:\/\/www.europesays.com\/fr\/wp-json\/wp\/v2\/categories?post=581416"},{"taxonomy":"post_tag","embeddable":true,"href":"https:\/\/www.europesays.com\/fr\/wp-json\/wp\/v2\/tags?post=581416"}],"curies":[{"name":"wp","href":"https:\/\/api.w.org\/{rel}","templated":true}]}}