{"id":581424,"date":"2025-12-06T05:24:15","date_gmt":"2025-12-06T05:24:15","guid":{"rendered":"https:\/\/www.europesays.com\/fr\/581424\/"},"modified":"2025-12-06T05:24:15","modified_gmt":"2025-12-06T05:24:15","slug":"via-alpina-france-allemagne-slovenie-un-voyage-culturel-hors-frontiere-unique","status":"publish","type":"post","link":"https:\/\/www.europesays.com\/fr\/581424\/","title":{"rendered":"Via Alpina : France, Allemagne, Slov\u00e9nie&#8230; un voyage culturel hors fronti\u00e8re unique"},"content":{"rendered":"<p>\u00ab\u00a0Des pros de la montagne\u00a0\u00bb<\/p>\n<p>Pas besoin d\u2019\u00eatre alpiniste. La Via Alpina est \u00ab\u00a0faisable par la majorit\u00e9 des randonneurs\u00a0\u00bb avec \u00ab\u00a0des \u00e9tapes pas trop longues\u00a0\u00bb, selon Gilles Chappaz. Attention quand m\u00eame, \u00ab\u00a0ce n\u2019est pas pour les randonneurs du dimanche, il faut avoir la pratique de la montagne. Il y a quelques passages avec des cha\u00eenes fixes, par endroits on met un peu les mains\u00a0\u00bb nuance Jean-Yves Garinet.<\/p>\n<p>Habitu\u00e9 du Queyras, ce Toulousain de 66 ans organise chaque ann\u00e9e un s\u00e9jour randonn\u00e9e pour ses amis. \u00ab\u00a0Sur la Via Alpina, la documentation en ligne est tr\u00e8s fiable, je n\u2019ai jamais \u00e9t\u00e9 surpris par les indications, alors que sur d\u2019autres sites il n\u2019y a pas ce niveau d\u2019exigence. Je pense que les gens qui y ont travaill\u00e9 sont des pros de la montagne.\u00a0\u00bb<\/p>\n<p>L\u2019\u00e9t\u00e9 dernier, Jean-Yves Garinet a v\u00e9cu \u00ab\u00a0une tr\u00e8s mauvaise exp\u00e9rience\u00a0\u00bb en Italie, dans les Alpes bergamasques, pris au d\u00e9pourvu par \u00ab\u00a0deux \u00e9tapes tr\u00e8s difficiles\u00a0\u00bb. \u00ab\u00a0Il y a 40 ans, il y avait une carte et un guide\u00a0: c\u2019\u00e9tait fiable. Aujourd\u2019hui, la documentation des sentiers est multiple, m\u00e9lang\u00e9e \u00e0 des infos touristiques qui tordent un peu l\u2019id\u00e9e qu\u2019on se fait de l\u2019endroit. Et les applis de rando n\u2019indiquent pas la difficult\u00e9, le terrain, seulement le d\u00e9nivel\u00e9 pour les trails. Il y a des gens qui sont surpris,\u00a0c\u2019est pour \u00e7a qu\u2019il y a plus d\u2019accidents.\u00a0\u00bb Voil\u00e0 pourquoi il reviendra s\u00fbrement sur la Via Alpina.<\/p>\n<p>Car rien n\u2019oblige \u00e0 marcher plus de <strong>2000 km<\/strong> d\u2019une traite. Rares sont ceux qui ont trois ou quatre mois devant eux, l\u2019entra\u00eenement requis et un budget non n\u00e9gligeable, entre mat\u00e9riel et nuits en refuges. \u00ab\u00a0La plupart tron\u00e7onnent et font une semaine ou 15 jours, chaque ann\u00e9e dans un pays diff\u00e9rent, observe Gilles Chappaz. \u00c7a peut structurer une vie de randonn\u00e9e.\u00a0\u00bb Ou \u00eatre la randonn\u00e9e d\u2019une vie.<\/p>\n<p class=\"note\">Via Alpina \u2013 Mes Alpes int\u00e9rieures\u00a0de Patrice Ponza, \u00c9d. La Trace, sortie le <strong>2\u00a0avril 2026<\/strong> en librairies en France et en Suisse. En pr\u00e9vente d\u00e8s f\u00e9vrier\u00a02026 sur le site de la maison d\u2019\u00e9dition ubayenne.<\/p>\n","protected":false},"excerpt":{"rendered":"\u00ab\u00a0Des pros de la montagne\u00a0\u00bb Pas besoin d\u2019\u00eatre alpiniste. La Via Alpina est \u00ab\u00a0faisable par la majorit\u00e9 des&hellip;\n","protected":false},"author":2,"featured_media":581425,"comment_status":"","ping_status":"","sticky":false,"template":"","format":"standard","meta":{"footnotes":""},"categories":[1587],"tags":[11,672,1804,1805,1803,1777,674,1801,12,1802],"class_list":{"0":"post-581424","1":"post","2":"type-post","3":"status-publish","4":"format-standard","5":"has-post-thumbnail","7":"category-allemagne","8":"tag-actualites","9":"tag-allemagne","10":"tag-bundesrepublik-deutschland","11":"tag-de","12":"tag-deutschland","13":"tag-eu","14":"tag-europe","15":"tag-germany","16":"tag-news","17":"tag-republique-federale-dallemagne"},"share_on_mastodon":{"url":"https:\/\/pubeurope.com\/@fr\/115670959225684123","error":""},"_links":{"self":[{"href":"https:\/\/www.europesays.com\/fr\/wp-json\/wp\/v2\/posts\/581424","targetHints":{"allow":["GET"]}}],"collection":[{"href":"https:\/\/www.europesays.com\/fr\/wp-json\/wp\/v2\/posts"}],"about":[{"href":"https:\/\/www.europesays.com\/fr\/wp-json\/wp\/v2\/types\/post"}],"author":[{"embeddable":true,"href":"https:\/\/www.europesays.com\/fr\/wp-json\/wp\/v2\/users\/2"}],"replies":[{"embeddable":true,"href":"https:\/\/www.europesays.com\/fr\/wp-json\/wp\/v2\/comments?post=581424"}],"version-history":[{"count":0,"href":"https:\/\/www.europesays.com\/fr\/wp-json\/wp\/v2\/posts\/581424\/revisions"}],"wp:featuredmedia":[{"embeddable":true,"href":"https:\/\/www.europesays.com\/fr\/wp-json\/wp\/v2\/media\/581425"}],"wp:attachment":[{"href":"https:\/\/www.europesays.com\/fr\/wp-json\/wp\/v2\/media?parent=581424"}],"wp:term":[{"taxonomy":"category","embeddable":true,"href":"https:\/\/www.europesays.com\/fr\/wp-json\/wp\/v2\/categories?post=581424"},{"taxonomy":"post_tag","embeddable":true,"href":"https:\/\/www.europesays.com\/fr\/wp-json\/wp\/v2\/tags?post=581424"}],"curies":[{"name":"wp","href":"https:\/\/api.w.org\/{rel}","templated":true}]}}