{"id":581426,"date":"2025-12-06T05:25:39","date_gmt":"2025-12-06T05:25:39","guid":{"rendered":"https:\/\/www.europesays.com\/fr\/581426\/"},"modified":"2025-12-06T05:25:39","modified_gmt":"2025-12-06T05:25:39","slug":"pourquoi-les-berlines-premium-sont-elles-en-declin-en-europe","status":"publish","type":"post","link":"https:\/\/www.europesays.com\/fr\/581426\/","title":{"rendered":"Pourquoi les berlines premium sont-elles en d\u00e9clin en Europe ?"},"content":{"rendered":"<p><strong class=\"post-excerpt\"\/><\/p>\n<p itemprop=\"description\"><strong class=\"post-excerpt\">Les berlines<br \/>\npremium perdent du terrain en Europe face \u00e0 des attentes qui<br \/>\n\u00e9voluent et \u00e0 la mont\u00e9e irr\u00e9sistible des SUV. Leur recul s\u2019explique<br \/>\npar des changements d\u2019usage, de technologie et d\u2019image qui<br \/>\nredessinent le march\u00e9.<\/strong><\/p>\n<p>Longtemps symbole de r\u00e9ussite, la berline premium perd<br \/>\naujourd\u2019hui de son influence sur un march\u00e9 europ\u00e9en en pleine<br \/>\ntransformation. Ce segment, autrefois domin\u00e9 sans partage par les<br \/>\nBMW S\u00e9rie 3, Mercedes Classe C et Audi A4, voit sa demande s\u2019\u00e9roder<br \/>\nau profit de silhouettes plus hautes et plus polyvalentes.<\/p>\n<p>Des attentes qui \u00e9voluent chez les automobilistes<\/p>\n<p>La premi\u00e8re explication tient \u00e0 l\u2019\u00e9volution des besoins et des<br \/>\nusages. La berline classique, basse et \u00e9l\u00e9gante, s\u2019accorde de moins<br \/>\nen moins aux attentes r\u00e9centes. Les conducteurs privil\u00e9gient<br \/>\nd\u00e9sormais <strong>une position de conduite sur\u00e9lev\u00e9e<\/strong>, un<br \/>\nacc\u00e8s \u00e0 bord plus ais\u00e9 et une meilleure visibilit\u00e9. Les SUV et<br \/>\ncrossovers r\u00e9pondent pr\u00e9cis\u00e9ment \u00e0 ces exigences, ce qui explique<br \/>\nleur progression rapide dans les intentions d\u2019achat. Leur<br \/>\n<strong>polyvalence<\/strong>, leur capacit\u00e9 de chargement et leur<br \/>\nimage rassurante s\u00e9duisent une client\u00e8le large, du particulier aux<br \/>\nfamilles en passant par les professionnels.<\/p>\n<p>Cette bascule concerne \u00e9galement les flottes d\u2019entreprises,<br \/>\nmarch\u00e9 historiquement favorable aux <a href=\"https:\/\/www.autojournal.fr\/economie\/berlines-les-premium-devant-les-generalistes-179900.html\" target=\"_blank\" rel=\"noopener\"><br \/>\nberlines premium<\/a>. Les gestionnaires privil\u00e9gient aujourd\u2019hui<br \/>\ndes v\u00e9hicules jug\u00e9s plus adaptatifs et plus valorisants pour<br \/>\nl\u2019image de l\u2019entreprise. Cette migration des volumes accentue le<br \/>\nrecul des berlines traditionnelles.<\/p>\n<p>La mont\u00e9e des SUV premium<\/p>\n<p>La concurrence interne entre les silhouettes joue un r\u00f4le<br \/>\ncrucial. Les marques premium ont consid\u00e9rablement \u00e9largi leur gamme<br \/>\nde SUV : Mercedes multiplie les GLA, GLC, GLE et GLS, <a href=\"https:\/\/www.google.com\/aclk?sa=L&amp;ai=DChsSEwiMue3Q-KaRAxWAomgJHWd0GfYYACICCAEQABoCd2Y&amp;ae=2&amp;co=1&amp;ase=2&amp;gclid=Cj0KCQiAosrJBhD0ARIsAHebCNpHSewf0Ny_RstEMGyH5o936NBU9aRz_jTFkYfO3RyS5YNSNn9T2R4aAiWeEALw_wcB&amp;cce=2&amp;category=acrcp_v1_71&amp;sig=AOD64_3bbPJL3gguIkoIHMgzvefy63sKCA&amp;q&amp;nis=4&amp;adurl&amp;ved=2ahUKEwiC8ubQ-KaRAxVAKvsDHRo4FxIQ0Qx6BAgcEAE\" target=\"_blank\" rel=\"noopener\"><br \/>\nBMW<\/a> mise sur les X1, X2, X3 et X5, Audi d\u00e9cline les Q2, Q3, Q4,<br \/>\nQ5 et Q6. Ces mod\u00e8les sont d\u00e9sormais des <strong>piliers<br \/>\ncommerciaux<\/strong> des constructeurs, au point d\u2019\u00e9clipser les<br \/>\nberlines.<\/p>\n<p>Le style plus affirm\u00e9 des SUV, leur technologie embarqu\u00e9e<br \/>\nsimilaire \u00e0 celle des berlines et des consommations d\u00e9sormais<br \/>\nma\u00eetris\u00e9es renforcent leur attractivit\u00e9. \u00c0 prix comparable, une<br \/>\nlarge partie des clients estime obtenir davantage de polyvalence et<br \/>\n<strong>une perception de valeur sup\u00e9rieure<\/strong> en optant pour<br \/>\nun <a href=\"https:\/\/www.autojournal.fr\/economie\/suv-neufs-plus-vendus-france-2025-chiffres-classement-378089.html\" target=\"_blank\" rel=\"noopener\"><br \/>\nSUV<\/a> plut\u00f4t qu\u2019une berline. Reste qu&rsquo;\u00e0 rouler, un SUV est moins<br \/>\ndynamique qu&rsquo;une berline : <strong>l\u2019efficience en p\u00e2tit<\/strong>,<br \/>\navec un coefficient de p\u00e9n\u00e9tration dans l&rsquo;air plus \u00e9lev\u00e9 et un<br \/>\npoids plus important.<\/p>\n<p>Une transition \u00e9lectrique d\u00e9favorable aux silhouettes<br \/>\nclassiques<\/p>\n<p>La mutation vers l\u2019\u00e9lectrique accentue encore les difficult\u00e9s<br \/>\ndes berlines premium. Les contraintes d\u2019int\u00e9gration des batteries,<br \/>\nla hauteur du plancher et les imp\u00e9ratifs de packaging favorisent<br \/>\nles silhouettes plus hautes. La majorit\u00e9 des mod\u00e8les \u00e9lectriques<br \/>\npremium les plus populaires en Europe appartiennent au segment des<br \/>\nSUV. La <a href=\"https:\/\/www.autojournal.fr\/actu\/la-tesla-model-3-corrige-enfin-son-plus-gros-defaut-et-lautonomie-devient-impressionnante-394304.html\" target=\"_blank\" rel=\"noopener\"><br \/>\n<strong>Tesla Model 3<\/strong><\/a>, exception notable, ne suffit<br \/>\npas \u00e0 inverser la tendance.<\/p>\n<p>\u00c0 cela s\u2019ajoute un changement d\u2019image. L\u2019esth\u00e9tique \u00e9lanc\u00e9e et<br \/>\ndiscr\u00e8te des berlines n\u2019incarne plus <strong>la modernit\u00e9<\/strong><br \/>\nni le statut social comme par le pass\u00e9. Les codes actuels du luxe<br \/>\nautomobile s\u2019accordent davantage aux proportions imposantes des<br \/>\nSUV.<\/p>\n<p>Les <strong>contraintes r\u00e9glementaires<\/strong> p\u00e8sent \u00e9galement<br \/>\nsur l\u2019avenir des berlines thermiques, souvent puissantes et donc<br \/>\nplus expos\u00e9es aux malus, aux seuils d\u2019\u00e9missions et aux restrictions<br \/>\nurbaines. Les SUV, forts d\u2019une offre hybride rechargeable et<br \/>\n\u00e9lectrique plus vari\u00e9e, s\u2019adaptent plus facilement \u00e0 ce nouveau<br \/>\npaysage.<\/p>\n<p>Le recul des berlines premium ne les condamne pas pour autant.<br \/>\nElles conservent des atouts en mati\u00e8re d\u2019efficience, d\u2019agr\u00e9ment et<br \/>\nde design. Mais leur avenir semble se jouer en dehors des volumes<br \/>\nde masse, dans un r\u00f4le plus sp\u00e9cialis\u00e9, centr\u00e9 sur <strong>la<br \/>\ndistinction, la technologie et l\u2019exclusivit\u00e9<\/strong>.<\/p>\n","protected":false},"excerpt":{"rendered":"Les berlines premium perdent du terrain en Europe face \u00e0 des attentes qui \u00e9voluent et \u00e0 la mont\u00e9e&hellip;\n","protected":false},"author":2,"featured_media":581427,"comment_status":"","ping_status":"","sticky":false,"template":"","format":"standard","meta":{"footnotes":""},"categories":[1586],"tags":[11,1777,674,1011,27,1638,12,25],"class_list":{"0":"post-581426","1":"post","2":"type-post","3":"status-publish","4":"format-standard","5":"has-post-thumbnail","7":"category-europe","8":"tag-actualites","9":"tag-eu","10":"tag-europe","11":"tag-fr","12":"tag-france","13":"tag-has_diapo","14":"tag-news","15":"tag-republique-francaise"},"share_on_mastodon":{"url":"https:\/\/pubeurope.com\/@fr\/115670963267529190","error":""},"_links":{"self":[{"href":"https:\/\/www.europesays.com\/fr\/wp-json\/wp\/v2\/posts\/581426","targetHints":{"allow":["GET"]}}],"collection":[{"href":"https:\/\/www.europesays.com\/fr\/wp-json\/wp\/v2\/posts"}],"about":[{"href":"https:\/\/www.europesays.com\/fr\/wp-json\/wp\/v2\/types\/post"}],"author":[{"embeddable":true,"href":"https:\/\/www.europesays.com\/fr\/wp-json\/wp\/v2\/users\/2"}],"replies":[{"embeddable":true,"href":"https:\/\/www.europesays.com\/fr\/wp-json\/wp\/v2\/comments?post=581426"}],"version-history":[{"count":0,"href":"https:\/\/www.europesays.com\/fr\/wp-json\/wp\/v2\/posts\/581426\/revisions"}],"wp:featuredmedia":[{"embeddable":true,"href":"https:\/\/www.europesays.com\/fr\/wp-json\/wp\/v2\/media\/581427"}],"wp:attachment":[{"href":"https:\/\/www.europesays.com\/fr\/wp-json\/wp\/v2\/media?parent=581426"}],"wp:term":[{"taxonomy":"category","embeddable":true,"href":"https:\/\/www.europesays.com\/fr\/wp-json\/wp\/v2\/categories?post=581426"},{"taxonomy":"post_tag","embeddable":true,"href":"https:\/\/www.europesays.com\/fr\/wp-json\/wp\/v2\/tags?post=581426"}],"curies":[{"name":"wp","href":"https:\/\/api.w.org\/{rel}","templated":true}]}}