{"id":581441,"date":"2025-12-06T05:39:13","date_gmt":"2025-12-06T05:39:13","guid":{"rendered":"https:\/\/www.europesays.com\/fr\/581441\/"},"modified":"2025-12-06T05:39:13","modified_gmt":"2025-12-06T05:39:13","slug":"sonia-mabrouk-une-fois-les-cameras-off-enceinte-elle-monte-au-creneau-contre-un-celebre-animateur","status":"publish","type":"post","link":"https:\/\/www.europesays.com\/fr\/581441\/","title":{"rendered":"Sonia Mabrouk : \u201cUne fois les cam\u00e9ras off\u2026\u201d enceinte, elle monte au cr\u00e9neau contre un c\u00e9l\u00e8bre animateur"},"content":{"rendered":"<p><a href=\"https:\/\/www.closermag.fr\/people\/eric-antoine-je-ne-peux-pas-faire-son-triste-aveu-3602850\" target=\"_blank\" rel=\"noopener\"><br \/>\n\u00c9ric Antoine a provoqu\u00e9 des r\u00e9actions vives<\/a> apr\u00e8s son passage<br \/>\nsur la cha\u00eene belge LN24. Il a critiqu\u00e9 la ligne \u00e9ditoriale de<br \/>\nCNews et point\u00e9 la technique du \u201cd\u00e9tournement<br \/>\nd\u2019attention\u201d. Ses propos ont rapidement circul\u00e9 et n\u2019ont pas<br \/>\nplu \u00e0 la cha\u00eene. Sonia Mabrouk, figure de l\u2019antenne, n\u2019est pas<br \/>\nrest\u00e9e silencieuse.<\/p>\n<p>Dans l\u2019\u00e9mission, l\u2019animateur a assum\u00e9 ses convictions et pris<br \/>\nses distances avec Pascal Praud. Il a affirm\u00e9 : \u201c\u00c9videmment, de<br \/>\nsensibilit\u00e9, je suis vegan, \u00e9cologiste, f\u00e9ministe, woke. Je ne suis<br \/>\npas CNews, c\u2019est une \u00e9vidence. Le discours que tiennent Pascal<br \/>\nPraud et tous les gens chez Cnews est bas\u00e9 sur la peur de l\u2019autre.<br \/>\nJe pense que c\u2019est un discours de d\u00e9tournement<br \/>\nd\u2019attention.\u201d<\/p>\n<p>Sonia Mabrouk sort du silence<\/p>\n<p>Face \u00e0 l\u2019ampleur de la pol\u00e9mique, <a href=\"https:\/\/www.closermag.fr\/people\/sonia-mabrouk-est-enceinte-a-48-ans-elle-annonce-la-nouvelle-de-la-plus-belle-des-facons-3595872\" target=\"_blank\" rel=\"noopener\"><br \/>\nSonia Mabrouk a rappel\u00e9 une sc\u00e8ne v\u00e9cue hors cam\u00e9ra<\/a>. Sur X,<br \/>\nelle a \u00e9crit : \u201cH\u00e9las, tous les tours de passe-passe ne passent<br \/>\npas.\u201d Elle a assur\u00e9 qu\u2019\u00c9ric Antoine l\u2019avait f\u00e9licit\u00e9e apr\u00e8s un<br \/>\nd\u00e9bat d\u00e9licat. Selon elle, il lui aurait confi\u00e9 : \u201cVous m\u2019aviez<br \/>\nf\u00e9licit\u00e9 de lutter contre la haine et la peur !\u201d\u00a0<\/p>\n<blockquote class=\"twitter-tweet\"><p><a class=\"twitter-link\" rel=\"noindex, nofollow noopener\" href=\"https:\/\/twitter.com\/SoMabrouk\/status\/1996848601239306420\" target=\"_blank\"><\/p><\/blockquote>\n<p>Cette r\u00e9ponse a donn\u00e9 un autre \u00e9clairage \u00e0 l\u2019affaire. La<br \/>\njournaliste a point\u00e9 un d\u00e9calage entre ce qu\u2019elle a v\u00e9cu en<br \/>\ncoulisses et les d\u00e9clarations publiques du magicien. Une mani\u00e8re<br \/>\npour elle de d\u00e9fendre son travail tout en \u00e9vitant l\u2019escalade.<\/p>\n<p>Une grossesse annonc\u00e9e en douceur<\/p>\n<p><a href=\"https:\/\/www.closermag.fr\/people\/sonia-mabrouk-est-enceinte-a-48-ans-elle-annonce-la-nouvelle-de-la-plus-belle-des-facons-3595872\" target=\"_blank\" rel=\"noopener\"><br \/>\nEn parall\u00e8le, Sonia Mabrouk a v\u00e9cu un moment bien plus joyeux<\/a>.<br \/>\nElle a annonc\u00e9 attendre un petit gar\u00e7on avec une photo sur<br \/>\nInstagram de sa fille Soraya tenant l\u2019\u00e9chographie. Elle a \u00e9crit :<br \/>\n\u201cSoraya veille d\u00e9j\u00e0 sur son petit fr\u00e8re.\u201d<\/p>\n<blockquote class=\"twitter-tweet\"><p><a class=\"twitter-link\" rel=\"noindex, nofollow noopener\" href=\"https:\/\/twitter.com\/SoMabrouk\/status\/1993704216519737564\" target=\"_blank\"><\/p><\/blockquote>\n<p>Les messages ont afflu\u00e9 en quelques minutes. Parmi les<br \/>\ncommentaires enthousiastes, on pouvait lire :\u00a0\u00ab\u00a0Ohhh quelle bonne nouvelle ! F\u00e9licitations<br \/>\n\u00e0 vous et \u00e0 cette merveilleuse Soraya ! Contente pour vous<br \/>\n!\u00a0\u00bb\u00a0ou encore\u00a0\u00ab\u00a0Heureusement qu\u2019Europe 1 est l\u00e0 pour augmenter la natalit\u00e9<br \/>\n! F\u00e9licitations !\u00a0\u00bb. D\u2019autres ont ajout\u00e9 : \u00ab\u00a0Mais quelle heureuse nouvelle,<br \/>\nf\u00e9licitations ma ch\u00e8re Sonia et plein de bonheur \u00e0 toute la<br \/>\nfamille\u00a0\u00bb\u00a0ou\u00a0\u00ab\u00a0Annonce subtile ! F\u00e9licitations (on peut dire Mabrouk<br \/>\n!)\u00a0\u00bb. Depuis un an, Sonia Mabrouk a aussi mis fin aux<br \/>\nsp\u00e9culations autour du p\u00e8re de sa fille. Elle avait expliqu\u00e9 que<br \/>\nl\u2019homme n\u2019\u00e9tait pas une personnalit\u00e9 connue. Une pr\u00e9cision qui<br \/>\navait calm\u00e9 les rumeurs liant son ex, Pascal Obispo, \u00e0 la petite<br \/>\nSoraya.<\/p>\n<p><script async src=\"https:\/\/platform.twitter.com\/widgets.js\" charset=\"utf-8\"><\/script><\/p>\n","protected":false},"excerpt":{"rendered":"\u00c9ric Antoine a provoqu\u00e9 des r\u00e9actions vives apr\u00e8s son passage sur la cha\u00eene belge LN24. Il a critiqu\u00e9&hellip;\n","protected":false},"author":2,"featured_media":581442,"comment_status":"","ping_status":"","sticky":false,"template":"","format":"standard","meta":{"footnotes":""},"categories":[1359],"tags":[21303,58,59,1194,1011,27,973,18853],"class_list":{"0":"post-581441","1":"post","2":"type-post","3":"status-publish","4":"format-standard","5":"has-post-thumbnail","7":"category-people","8":"tag-buzz_nonli","9":"tag-divertissement","10":"tag-entertainment","11":"tag-eric-antoine","12":"tag-fr","13":"tag-france","14":"tag-people","15":"tag-sonia-mabrouk"},"share_on_mastodon":{"url":"https:\/\/pubeurope.com\/@fr\/115671018139736106","error":""},"_links":{"self":[{"href":"https:\/\/www.europesays.com\/fr\/wp-json\/wp\/v2\/posts\/581441","targetHints":{"allow":["GET"]}}],"collection":[{"href":"https:\/\/www.europesays.com\/fr\/wp-json\/wp\/v2\/posts"}],"about":[{"href":"https:\/\/www.europesays.com\/fr\/wp-json\/wp\/v2\/types\/post"}],"author":[{"embeddable":true,"href":"https:\/\/www.europesays.com\/fr\/wp-json\/wp\/v2\/users\/2"}],"replies":[{"embeddable":true,"href":"https:\/\/www.europesays.com\/fr\/wp-json\/wp\/v2\/comments?post=581441"}],"version-history":[{"count":0,"href":"https:\/\/www.europesays.com\/fr\/wp-json\/wp\/v2\/posts\/581441\/revisions"}],"wp:featuredmedia":[{"embeddable":true,"href":"https:\/\/www.europesays.com\/fr\/wp-json\/wp\/v2\/media\/581442"}],"wp:attachment":[{"href":"https:\/\/www.europesays.com\/fr\/wp-json\/wp\/v2\/media?parent=581441"}],"wp:term":[{"taxonomy":"category","embeddable":true,"href":"https:\/\/www.europesays.com\/fr\/wp-json\/wp\/v2\/categories?post=581441"},{"taxonomy":"post_tag","embeddable":true,"href":"https:\/\/www.europesays.com\/fr\/wp-json\/wp\/v2\/tags?post=581441"}],"curies":[{"name":"wp","href":"https:\/\/api.w.org\/{rel}","templated":true}]}}