{"id":581451,"date":"2025-12-06T05:45:20","date_gmt":"2025-12-06T05:45:20","guid":{"rendered":"https:\/\/www.europesays.com\/fr\/581451\/"},"modified":"2025-12-06T05:45:20","modified_gmt":"2025-12-06T05:45:20","slug":"des-experts-nommes-sous-trump-recommandent-de-ne-plus-vacciner-tous-les-nouveau-nes-contre-lhepatite-b-liberation","status":"publish","type":"post","link":"https:\/\/www.europesays.com\/fr\/581451\/","title":{"rendered":"des experts nomm\u00e9s sous Trump recommandent de ne plus vacciner tous les nouveau-n\u00e9s contre l\u2019h\u00e9patite B \u2013 Lib\u00e9ration"},"content":{"rendered":"<p class=\"sc-cPiKLX AiZTS text-element\"><a href=\"https:\/\/www.liberation.fr\/societe\/sante\/aux-etats-unis-le-ministre-de-la-sante-affirme-que-les-limogeages-de-scientifiques-sont-indispensables-20250904_MBLAZNF3PVHL5BZ4LKXI5LKKHE\/\" target=\"_blank\" rel=\"noopener\" title=\"https:\/\/www.liberation.fr\/societe\/sante\/aux-etats-unis-le-ministre-de-la-sante-affirme-que-les-limogeages-de-scientifiques-sont-indispensables-20250904_MBLAZNF3PVHL5BZ4LKXI5LKKHE\/\">Un groupe d\u2019experts nomm\u00e9s par Robert Kennedy Jr.<\/a> le ministre de la Sant\u00e9 vaccinosceptique de Donald Trump a d\u00e9cid\u00e9 vendredi de cesser de recommander le vaccin contre l\u2019h\u00e9patite B \u00e0 l\u2019ensemble des nouveau-n\u00e9s, contre l\u2019avis de nombreux soignants.<\/p>\n<p class=\"sc-cPiKLX AiZTS text-element\">Il s\u2019agit l\u00e0 de l\u2019une des r\u00e9formes les plus importantes de la politique vaccinale mises en \u0153uvre sous la direction de Robert Kennedy Jr. Le Comit\u00e9 consultatif sur les pratiques de vaccination (ACIP) conseille les Centres am\u00e9ricains de contr\u00f4le et de pr\u00e9vention des maladies (CDC) sur les recommandations de sant\u00e9 publique \u00e0 adopter.<\/p>\n<p class=\"sc-cPiKLX AiZTS text-element\">Cette d\u00e9cision, adopt\u00e9e par huit voix contre trois, devrait \u00eatre suivie par les autorit\u00e9s f\u00e9d\u00e9rales am\u00e9ricaines et conduire \u00e0 la fin de l\u2019actuelle politique de pr\u00e9vention du pays, en vigueur depuis plus de 30 ans. Selon la nouvelle directive, l\u2019administration d\u2019une premi\u00e8re dose de vaccin contre l\u2019h\u00e9patite B &#8211; sur trois &#8211; dans les premi\u00e8res heures de la vie d\u2019un enfant serait dor\u00e9navant recommand\u00e9e pour les seuls individus dont la m\u00e8re a \u00e9t\u00e9 diagnostiqu\u00e9e comme porteuse du virus. Pour ceux dont la m\u00e8re a \u00e9t\u00e9 test\u00e9e n\u00e9gative, le comit\u00e9 conseille d\u00e9sormais aux parents de discuter avec un professionnel de sant\u00e9 pour d\u00e9terminer \u00abs\u2019ils souhaitent faire vacciner leur enfant\u00bb et quand.<\/p>\n<p class=\"sc-cPiKLX AiZTS text-element\">Ce changement a imm\u00e9diatement \u00e9t\u00e9 d\u00e9nonc\u00e9 par de nombreux soignants et politiques am\u00e9ricains, comme la pr\u00e9sidente de l\u2019Acad\u00e9mie de p\u00e9diatrie, le Dr Susan Kressly : \u00abCes recommandations irresponsables et d\u00e9lib\u00e9r\u00e9ment trompeuses entra\u00eeneront une augmentation des infections par l\u2019h\u00e9patite B chez les nourrissons et les enfants. Je tiens \u00e0 rassurer les parents et les professionnels de sant\u00e9 : ce changement n\u2019est motiv\u00e9 par aucune information nouvelle ou inqui\u00e9tante concernant le vaccin contre l\u2019h\u00e9patite B, et le risque de contracter l\u2019h\u00e9patite B chez les enfants n\u2019a pas \u00e9volu\u00e9. Il s\u2019agit plut\u00f4t du r\u00e9sultat d\u2019une strat\u00e9gie d\u00e9lib\u00e9r\u00e9e visant \u00e0 semer la peur et la m\u00e9fiance au sein des familles.\u00bb<\/p>\n<p class=\"sc-cPiKLX AiZTS text-element\">\u00abLa politique anti-scientifique de cette administration va co\u00fbter la vie \u00e0 des enfants, a r\u00e9agi Diana DeGette, \u00e9lue d\u00e9mocrate au sein de la Chambre des repr\u00e9sentants. Le vote des membres de l\u2019ACIP visant \u00e0 mettre fin \u00e0 la recommandation de vaccination universelle contre l\u2019h\u00e9patite B \u00e0 la naissance est d\u00e9nu\u00e9 de fondement scientifique et rel\u00e8ve d\u2019une imprudence extr\u00eame.\u00bb <\/p>\n<p class=\"sc-cPiKLX AiZTS text-element\">L\u2019h\u00e9patite B est une maladie virale du foie qui peut se transmettre par voie sexuelle et par le sang et expose les personnes touch\u00e9es \u00e0 un risque \u00e9lev\u00e9 de d\u00e9c\u00e8s par cirrhose ou cancer du foie.<\/p>\n<p class=\"sc-cPiKLX AiZTS text-element\">D\u00e9sormais compos\u00e9 de personnalit\u00e9s pour beaucoup critiqu\u00e9es pour leur manque d\u2019expertise ou pour avoir relay\u00e9 des th\u00e9ories vaccinosceptiques, ce Comit\u00e9 consultatif sur les pratiques de vaccination (ACIP) avait d\u00e9j\u00e0 modifi\u00e9 en septembre les recommandations vaccinales sur le Covid-19 et la rougeole contre l\u2019avis de nombreux scientifiques.<\/p>\n","protected":false},"excerpt":{"rendered":"Un groupe d\u2019experts nomm\u00e9s par Robert Kennedy Jr. le ministre de la Sant\u00e9 vaccinosceptique de Donald Trump a&hellip;\n","protected":false},"author":2,"featured_media":581452,"comment_status":"","ping_status":"","sticky":false,"template":"","format":"standard","meta":{"footnotes":""},"categories":[10],"tags":[75,73,1011,27,72,71,773],"class_list":{"0":"post-581451","1":"post","2":"type-post","3":"status-publish","4":"format-standard","5":"has-post-thumbnail","7":"category-sante","8":"tag-donald-trump","9":"tag-etats-unis","10":"tag-fr","11":"tag-france","12":"tag-health","13":"tag-sante","14":"tag-vaccin"},"share_on_mastodon":{"url":"https:\/\/pubeurope.com\/@fr\/115671041518313423","error":""},"_links":{"self":[{"href":"https:\/\/www.europesays.com\/fr\/wp-json\/wp\/v2\/posts\/581451","targetHints":{"allow":["GET"]}}],"collection":[{"href":"https:\/\/www.europesays.com\/fr\/wp-json\/wp\/v2\/posts"}],"about":[{"href":"https:\/\/www.europesays.com\/fr\/wp-json\/wp\/v2\/types\/post"}],"author":[{"embeddable":true,"href":"https:\/\/www.europesays.com\/fr\/wp-json\/wp\/v2\/users\/2"}],"replies":[{"embeddable":true,"href":"https:\/\/www.europesays.com\/fr\/wp-json\/wp\/v2\/comments?post=581451"}],"version-history":[{"count":0,"href":"https:\/\/www.europesays.com\/fr\/wp-json\/wp\/v2\/posts\/581451\/revisions"}],"wp:featuredmedia":[{"embeddable":true,"href":"https:\/\/www.europesays.com\/fr\/wp-json\/wp\/v2\/media\/581452"}],"wp:attachment":[{"href":"https:\/\/www.europesays.com\/fr\/wp-json\/wp\/v2\/media?parent=581451"}],"wp:term":[{"taxonomy":"category","embeddable":true,"href":"https:\/\/www.europesays.com\/fr\/wp-json\/wp\/v2\/categories?post=581451"},{"taxonomy":"post_tag","embeddable":true,"href":"https:\/\/www.europesays.com\/fr\/wp-json\/wp\/v2\/tags?post=581451"}],"curies":[{"name":"wp","href":"https:\/\/api.w.org\/{rel}","templated":true}]}}