{"id":581453,"date":"2025-12-06T05:46:16","date_gmt":"2025-12-06T05:46:16","guid":{"rendered":"https:\/\/www.europesays.com\/fr\/581453\/"},"modified":"2025-12-06T05:46:16","modified_gmt":"2025-12-06T05:46:16","slug":"la-troisieme-a-ete-la-bonne-pour-grousset","status":"publish","type":"post","link":"https:\/\/www.europesays.com\/fr\/581453\/","title":{"rendered":"La troisi\u00e8me a \u00e9t\u00e9 la bonne pour Grousset !"},"content":{"rendered":"<p><strong>Apr\u00e8s avoir d\u00e9croch\u00e9 le bronze<br \/>\nsur 50m papillon et l&rsquo;argent la veille sur 100m 4 nages, Maxime<br \/>\nGrousset a cette fois remport\u00e9 l&rsquo;or, vendredi lors de ces<br \/>\nchampionnats d&rsquo;Europe en petit bassin de Lublin (Pologne). Titr\u00e9<br \/>\nsur 100m papillon, le double champion du monde sur la distance en<br \/>\ngrand bassin a \u00e9tabli au passage un nouveau record de France<br \/>\n(48&Prime;10). De son c\u00f4t\u00e9, les Bleus peuvent c\u00e9l\u00e9brer leur premier sacre<br \/>\ndepuis le d\u00e9but de la semaine. D\u00e9j\u00e0 m\u00e9daill\u00e9 d&rsquo;argent sur 200m dos,<br \/>\nMewen Tomac s&rsquo;est offert le m\u00eame m\u00e9tal sur 100m dos.<\/strong><\/p>\n<p>Maxime Grousset (26 ans) enfin en or. En octobre dernier, apr\u00e8s<br \/>\nnous avoir rappel\u00e9 que les bassins de 25 m\u00e8tres ne lui posaient<br \/>\naucun probl\u00e8me \u2013 \u00ab\u00a0En fait, j\u2019ai toujours \u00e9t\u00e9 \u00e0 l\u2019aise en<br \/>\npetit bassin. J\u2019ai d\u2019ailleurs appris \u00e0 nager en petit bassin\u00a0\u00bb<br \/>\n\u2013 le N\u00e9o-Cal\u00e9donien nous avait fait part de ses objectifs pour ces<br \/>\nchampionnats d\u2019Europe en petit bassin qui se disputent depuis le<br \/>\nd\u00e9but de la semaine \u00e0 Lublin (Pologne). \u00ab\u00a0Mon but, c\u2019est de<br \/>\nfaire des m\u00e9dailles, avant les records. Mais j\u2019avoue que j\u2019aimerais<br \/>\nbien faire les deux. Ce sont un peu les ambitions qui traversent<br \/>\nl\u2019esprit quand on a d\u00e9j\u00e0 fait champion d\u2019Europe et champion du<br \/>\nmonde\u00a0\u00bb.<\/p>\n<p>Une fois de plus, le nageur du CS Clichy 92, pour qui la<br \/>\ntroisi\u00e8me tentative a donc finalement \u00e9t\u00e9 la bonne, a rempli sa<br \/>\nmission. Certes, il a pris son temps. Avant ce deuxi\u00e8me sacre<br \/>\neurop\u00e9en pour lui en carri\u00e8re (NDLR : Il avait d\u00e9j\u00e0 \u00e9t\u00e9 titr\u00e9 sur<br \/>\n100m en 2023), ce vendredi sur 100m papillon, une distance dont il<br \/>\nest double champion du monde en titre en grand bassin, Grousset,<br \/>\nh\u00e9ros tricolore des derniers Mondiaux, avait d\u00fb ainsi se contenter<br \/>\ndu bronze, en milieu de semaine sur 50m papillon, puis de l\u2019argent,<br \/>\nla veille de ce premier sacre, sur 100m 4 nages.<\/p>\n<p>En comp\u00e9titeur de l\u2019extr\u00eame qu\u2019il est, le prot\u00e9g\u00e9 de Michel<br \/>\nChr\u00e9tien, qui a permis l\u00e0 \u00e0 l\u2019\u00e9quipe de France de d\u00e9crocher sa<br \/>\npremi\u00e8re m\u00e9daille d\u2019or de la semaine, a probablement d\u00fb se dire que<br \/>\nsa m\u00e9daille suivante dans la comp\u00e9tition serait faite du plus beau<br \/>\ndes m\u00e9taux.<\/p>\n<p><strong>Tomac encore en argent,<br \/>\nMahieu au pied du podium<\/strong><\/p>\n<p>Et comme il l\u2019avait annonc\u00e9, le triple champion du monde,<br \/>\nvainqueur vendredi en 48\u203310 de cette finale du 100<br \/>\n\u00ab\u00a0pap\u00a0\u00bb (tandis que Cl\u00e9ment Secchi, \u00e9galement en lice,<br \/>\nterminait 8e en 50\u203312), a ajout\u00e9 la cerise sur le g\u00e2teau \u00e0 ce sacre<br \/>\neurop\u00e9en en \u00e9tablissant un nouveau record de France (et \u00e9galement<br \/>\nde l\u2019\u00e9preuve).<\/p>\n<p>Mewen Tomac (24 ans) s\u2019est lui aussi attel\u00e9 vendredi \u00e0 encore<br \/>\ngrossir le total de m\u00e9dailles de l\u2019\u00e9quipe de France dans ces<br \/>\nchampionnats d\u2019Europe. Vice-champion d\u2019Europe deux jours plus t\u00f4t<br \/>\nsur 200m dos, le natif d\u2019Evreux, qui a par ailleurs valid\u00e9 au cours<br \/>\nde cette m\u00eame soir\u00e9e son billet pour la finale du 200m 4 nages (5e<br \/>\ntemps en 1\u201953\u203383), a de nouveau obtenu l\u2019argent, cette fois sur<br \/>\n100m dos.<\/p>\n<p>Comme Grousset, Tomac, battu par l\u2019Italien Thomas Ceccon, a fait<br \/>\nchuter avec un chrono de 49\u203346 le pr\u00e9c\u00e9dent record de France. Sur<br \/>\ncette m\u00eame distance, Pauline Mahieu, quant \u00e0 elle, a \u00e9chou\u00e9 au pied<br \/>\ndu podium (4e en 56\u203392).<\/p>\n","protected":false},"excerpt":{"rendered":"Apr\u00e8s avoir d\u00e9croch\u00e9 le bronze sur 50m papillon et l&rsquo;argent la veille sur 100m 4 nages, Maxime Grousset&hellip;\n","protected":false},"author":2,"featured_media":581454,"comment_status":"","ping_status":"","sticky":false,"template":"","format":"standard","meta":{"footnotes":""},"categories":[9],"tags":[1011,27,57681,60],"class_list":{"0":"post-581453","1":"post","2":"type-post","3":"status-publish","4":"format-standard","5":"has-post-thumbnail","7":"category-sports","8":"tag-fr","9":"tag-france","10":"tag-sport365-fr","11":"tag-sports"},"share_on_mastodon":{"url":"https:\/\/pubeurope.com\/@fr\/115671045569229909","error":""},"_links":{"self":[{"href":"https:\/\/www.europesays.com\/fr\/wp-json\/wp\/v2\/posts\/581453","targetHints":{"allow":["GET"]}}],"collection":[{"href":"https:\/\/www.europesays.com\/fr\/wp-json\/wp\/v2\/posts"}],"about":[{"href":"https:\/\/www.europesays.com\/fr\/wp-json\/wp\/v2\/types\/post"}],"author":[{"embeddable":true,"href":"https:\/\/www.europesays.com\/fr\/wp-json\/wp\/v2\/users\/2"}],"replies":[{"embeddable":true,"href":"https:\/\/www.europesays.com\/fr\/wp-json\/wp\/v2\/comments?post=581453"}],"version-history":[{"count":0,"href":"https:\/\/www.europesays.com\/fr\/wp-json\/wp\/v2\/posts\/581453\/revisions"}],"wp:featuredmedia":[{"embeddable":true,"href":"https:\/\/www.europesays.com\/fr\/wp-json\/wp\/v2\/media\/581454"}],"wp:attachment":[{"href":"https:\/\/www.europesays.com\/fr\/wp-json\/wp\/v2\/media?parent=581453"}],"wp:term":[{"taxonomy":"category","embeddable":true,"href":"https:\/\/www.europesays.com\/fr\/wp-json\/wp\/v2\/categories?post=581453"},{"taxonomy":"post_tag","embeddable":true,"href":"https:\/\/www.europesays.com\/fr\/wp-json\/wp\/v2\/tags?post=581453"}],"curies":[{"name":"wp","href":"https:\/\/api.w.org\/{rel}","templated":true}]}}