{"id":581459,"date":"2025-12-06T05:49:13","date_gmt":"2025-12-06T05:49:13","guid":{"rendered":"https:\/\/www.europesays.com\/fr\/581459\/"},"modified":"2025-12-06T05:49:13","modified_gmt":"2025-12-06T05:49:13","slug":"voici-le-taux-prevu-au-1%e1%b5%89%ca%b3-janvier-2026-sauf-decision-de-bercy","status":"publish","type":"post","link":"https:\/\/www.europesays.com\/fr\/581459\/","title":{"rendered":"voici le taux pr\u00e9vu au 1\u1d49\u02b3\u00a0janvier 2026 (sauf d\u00e9cision de Bercy)"},"content":{"rendered":"<p><strong>Le taux du PEL va tr\u00e8s probablement augmenter \u00e0 2\u202f% brut d\u00e8s le 1\u1d49\u02b3\u00a0janvier 2026.<\/strong> C\u2019est une <strong>bonne nouvelle pour les \u00e9pargnants<\/strong> qui envisagent d\u2019ouvrir un Plan \u00c9pargne Logement (PEL) en 2026. Apr\u00e8s plusieurs ann\u00e9es de rendement modeste, le taux devrait <strong>passer de 1,75\u202f% \u00e0 2\u202f% brut<\/strong> \u00e0 partir du 1\u1d49\u02b3\u00a0janvier 2026. Ce taux est <strong>garanti pendant 15 ans<\/strong>, un atout rare \u00e0 l\u2019heure des incertitudes \u00e9conomiques. M\u00eame si cette hausse n\u2019est pas encore officialis\u00e9e, elle r\u00e9sulte d\u2019un <strong>calcul r\u00e9glementaire pr\u00e9cis<\/strong> bas\u00e9 sur les taux du march\u00e9.<\/p>\n<p>Pourquoi le taux du PEL va augmenter \u00e0 2\u202f%<\/p>\n<p>Le taux d\u2019int\u00e9r\u00eat du PEL est fix\u00e9 chaque ann\u00e9e par la <strong>Banque de France<\/strong> selon une formule \u00e9tablie par d\u00e9cret. Cette formule utilise les <strong>taux swap \u00e0 2, 5 et 10 ans<\/strong>, qui refl\u00e8tent le co\u00fbt de l\u2019argent \u00e0 moyen terme. En 2025, ce calcul donne un r\u00e9sultat th\u00e9orique de <strong>1,84\u202f%<\/strong>, qui doit \u00eatre arrondi au <strong>quart de point sup\u00e9rieur<\/strong>, soit <strong>2\u202f% brut<\/strong>. Il s\u2019appliquerait aux PEL ouverts <strong>\u00e0 partir du 1er janvier 2026<\/strong>, sauf d\u00e9rogation exceptionnelle.<\/p>\n<p>Un placement s\u00e9curis\u00e9 avec un taux garanti sur 15 ans<\/p>\n<p>Le Plan \u00c9pargne Logement est l\u2019un des rares placements qui <strong>verrouille son taux<\/strong> d\u00e8s l\u2019ouverture pour une dur\u00e9e allant <strong>jusqu\u2019\u00e0 15 ans<\/strong>. C\u2019est un avantage pr\u00e9cieux dans un contexte o\u00f9 les <strong>taux du Livret A<\/strong> et d\u2019autres produits d\u2019\u00e9pargne sont susceptibles de baisser. Avec un taux de <strong>2\u202f% brut<\/strong>, soit environ <strong>1,40\u202f% net apr\u00e8s flat tax<\/strong>, le PEL redevient un <strong>produit attractif<\/strong> pour ceux qui cherchent une r\u00e9mun\u00e9ration <strong>stable et sans risque<\/strong>. Retrouvez notre article sur la <a href=\"https:\/\/www.cesdefrance.fr\/actualite\/reforme-des-retraites-ces-carrieres-longues-qui-risquent-une-tres-mauvaise-surprise-en-2026\/\" target=\"_blank\" rel=\"noopener\">r\u00e9forme des retraites : ces carri\u00e8res longues qui risquent une tr\u00e8s mauvaise surprise en 2026.<\/a><\/p>\n<p>Une hausse \u00e0 confirmer mais peu de doute possible<\/p>\n<p>La <strong>formule de calcul<\/strong> a donn\u00e9 des r\u00e9sultats coh\u00e9rents ces derniers mois : <strong>1,62\u202f% en novembre 2024<\/strong>, <strong>1,82\u202f% en septembre 2025<\/strong>, et <strong>1,84\u202f% en novembre 2025<\/strong>. Sauf situation \u00e9conomique exceptionnelle, <strong>Bercy et la Banque de France<\/strong> devraient officialiser ce <strong>nouveau taux de 2\u202f%<\/strong> d\u2019ici <strong>la mi-d\u00e9cembre<\/strong>. Il est rare que cette proc\u00e9dure soit d\u00e9rog\u00e9e. \u00c0 ce stade, <strong>aucun signal officiel<\/strong> n\u2019indique une volont\u00e9 de bloquer cette revalorisation.<\/p>\n<p>Un placement \u00e0 envisager face \u00e0 la baisse du Livret A<\/p>\n<p>Avec un <strong>Livret A attendu \u00e0 la baisse<\/strong> en f\u00e9vrier 2026, le <strong>nouveau PEL<\/strong> pourrait devenir un refuge pour les \u00e9pargnants souhaitant <strong>bloquer un taux int\u00e9ressant<\/strong> sur le long terme. M\u00eame si le PEL implique <strong>des versements r\u00e9guliers<\/strong> et <strong>un plafond de d\u00e9p\u00f4t<\/strong>, il reste un outil id\u00e9al pour <strong>constituer une \u00e9pargne logement<\/strong> ou <strong>pr\u00e9parer un futur achat immobilier<\/strong>. Le taux du <strong>pr\u00eat PEL reste lui aussi fixe<\/strong>, actuellement \u00e0 <strong>2,95\u202f%<\/strong>. D\u00e9couvrez \u00e9galement notre article sur la <a href=\"https:\/\/www.cesdefrance.fr\/retraite\/validation-4-trimestres-par-an-2025-comment-faire\/\" target=\"_blank\" rel=\"noopener\">validation de 4 trimestres retraite par an en 2025 : tout ce qu\u2019il faut savoir.<\/a><\/p>\n<p>Conclusion<\/p>\n<p>Le <strong>nouveau taux du PEL<\/strong> devrait passer \u00e0 <strong>2\u202f% brut d\u00e8s janvier 2026<\/strong>, une opportunit\u00e9 \u00e0 saisir pour les \u00e9pargnants en qu\u00eate de <strong>s\u00e9curit\u00e9 et de rendement<\/strong>. Si vous envisagez d\u2019ouvrir un PEL, c\u2019est peut-\u00eatre le bon moment pour vous positionner. Et vous, allez-vous profiter de ce nouveau taux ? <strong>Partagez votre avis en commentaire.<\/strong><\/p>\n<p>En tant que jeune m\u00e9dia ind\u00e9pendant, CESdeFrance a besoin de votre aide. Soutenez-nous en nous suivant et en nous ajoutant \u00e0 vos favoris sur Google News. Merci !<\/p>\n<p><a href=\"https:\/\/news.google.com\/publications\/CAAqBwgKMNnPrAsw5trEAw?hl=fr&amp;gl=FR&amp;ceid=FR%3Afr\" target=\"_blank\" rel=\"external noopener\">Suivez-nous sur Google News <\/a><\/p>\n","protected":false},"excerpt":{"rendered":"Le taux du PEL va tr\u00e8s probablement augmenter \u00e0 2\u202f% brut d\u00e8s le 1\u1d49\u02b3\u00a0janvier 2026. C\u2019est une bonne&hellip;\n","protected":false},"author":2,"featured_media":581460,"comment_status":"","ping_status":"","sticky":false,"template":"","format":"standard","meta":{"footnotes":""},"categories":[6],"tags":[35,33,34,1011,27],"class_list":{"0":"post-581459","1":"post","2":"type-post","3":"status-publish","4":"format-standard","5":"has-post-thumbnail","7":"category-economie","8":"tag-business","9":"tag-economie","10":"tag-economy","11":"tag-fr","12":"tag-france"},"share_on_mastodon":{"url":"https:\/\/pubeurope.com\/@fr\/115671057473060777","error":""},"_links":{"self":[{"href":"https:\/\/www.europesays.com\/fr\/wp-json\/wp\/v2\/posts\/581459","targetHints":{"allow":["GET"]}}],"collection":[{"href":"https:\/\/www.europesays.com\/fr\/wp-json\/wp\/v2\/posts"}],"about":[{"href":"https:\/\/www.europesays.com\/fr\/wp-json\/wp\/v2\/types\/post"}],"author":[{"embeddable":true,"href":"https:\/\/www.europesays.com\/fr\/wp-json\/wp\/v2\/users\/2"}],"replies":[{"embeddable":true,"href":"https:\/\/www.europesays.com\/fr\/wp-json\/wp\/v2\/comments?post=581459"}],"version-history":[{"count":0,"href":"https:\/\/www.europesays.com\/fr\/wp-json\/wp\/v2\/posts\/581459\/revisions"}],"wp:featuredmedia":[{"embeddable":true,"href":"https:\/\/www.europesays.com\/fr\/wp-json\/wp\/v2\/media\/581460"}],"wp:attachment":[{"href":"https:\/\/www.europesays.com\/fr\/wp-json\/wp\/v2\/media?parent=581459"}],"wp:term":[{"taxonomy":"category","embeddable":true,"href":"https:\/\/www.europesays.com\/fr\/wp-json\/wp\/v2\/categories?post=581459"},{"taxonomy":"post_tag","embeddable":true,"href":"https:\/\/www.europesays.com\/fr\/wp-json\/wp\/v2\/tags?post=581459"}],"curies":[{"name":"wp","href":"https:\/\/api.w.org\/{rel}","templated":true}]}}