{"id":581463,"date":"2025-12-06T05:51:13","date_gmt":"2025-12-06T05:51:13","guid":{"rendered":"https:\/\/www.europesays.com\/fr\/581463\/"},"modified":"2025-12-06T05:51:13","modified_gmt":"2025-12-06T05:51:13","slug":"aujourdhui-nos-petites-filles-marchent-et-sont-pleines-de-vie-comment-marley-et-mylane-2-ans-ont-ete-sauvees-grace-au-telethon","status":"publish","type":"post","link":"https:\/\/www.europesays.com\/fr\/581463\/","title":{"rendered":"\u00ab\u00a0Aujourd\u2019hui, nos petites filles marchent et sont pleines de vie\u00a0\u00bb\u00a0:\u00a0comment Marley et Mylane, 2 ans, ont \u00e9t\u00e9 sauv\u00e9es gr\u00e2ce au T\u00e9l\u00e9thon"},"content":{"rendered":"<p>    Th\u00e9o, M\u00e9gane, avec leurs jumelles Marley et Mylane en 2023.<br \/>\n                AFM-T\u00e9l\u00e9thon \/ Mathieu G\u00e9non<\/p>\n<p>\n    <strong>R\u00c9CIT &#8211; <\/strong>Atteintes de la forme la plus grave d\u2019une maladie rare, la SMA, o\u00f9 la majorit\u00e9 d\u00e9c\u00e8de avant l\u2019\u00e2ge de 2 ans, les jumelles ont b\u00e9n\u00e9fici\u00e9 d\u2019un traitement innovant gr\u00e2ce au d\u00e9pistage n\u00e9onatal exp\u00e9riment\u00e9 dans leur r\u00e9gion, et g\u00e9n\u00e9ralis\u00e9 depuis en France.<\/p>\n<p class=\"fig-paragraph\">Ce jour octobre 2023, \u00e0 la maternit\u00e9 de Rochefort, M\u00e9gane et Th\u00e9o ne font pas vraiment attention \u00e0 la brochure donn\u00e9e par les infirmi\u00e8res. Les jeunes parents oscillent entre le petit nuage et le tsunami de l\u2019arriv\u00e9e de leurs jumelles, Marley et Mylane. Ce n\u2019est qu\u2019au moment du\u00a0<a href=\"http:\/\/sante.lefigaro.fr\/social\/sante-publique\/deux-maladies-de-plus-pourraient-etre-integrees-au-depistage-neonatal-20250929\" data-fig-type=\"NewsFlash\" data-gtm-custom-categorie=\"navigation\" data-gtm-custom-action=\"crossclick\" data-gtm-custom-label=\"Contextuel\" data-gtm-event=\"customEventSPE\" data-fig-domain=\"SANTE\" target=\"_blank\" rel=\"noopener\">test de Guthrie<\/a>, r\u00e9alis\u00e9 quelques jours apr\u00e8s la naissance pour rep\u00e9rer pr\u00e9cocement certaines maladies rares, que les sages-femmes leur expliquent\u00a0: depuis quelques mois, l\u2019AFM-T\u00e9l\u00e9thon a lanc\u00e9 Depisma, une \u00e9tude exp\u00e9rimentale du d\u00e9pistage g\u00e9n\u00e9tique n\u00e9onatal de l\u2019amyotrophie spinale (SMA) dans deux r\u00e9gions pilotes &#8211; Grand Est, et plus important pour eux, en Nouvelle-Aquitaine.<\/p>\n<p class=\"fig-paragraph\">Le couple vient d\u2019y d\u00e9m\u00e9nager pour se rapprocher de leurs parents. Cette maladie g\u00e9n\u00e9tique touche les neurones moteurs, entra\u00eenant une atrophie progressive des muscles. \u00abAu d\u00e9part, le mot \u201cexp\u00e9rimental\u201d me faisait peur, mais j\u2019ai compris que cela voulait juste dire quelques gouttes de sang (pr\u00e9lev\u00e9es souvent au talon du b\u00e9b\u00e9, NDLR) sur un\u2026<\/p>\n<p class=\"fig-premium-paywall__infos\">\n        Cet article est r\u00e9serv\u00e9 aux abonn\u00e9s.        Il vous reste 86% \u00e0 d\u00e9couvrir.\n    <\/p>\n<p>                <img  data- alt=\"Le Figaro\" class=\"fig-img--complete fig-img\"\/><\/p>\n<p class=\"fig-premium-paywall__title\">Vous avez envie de lire la suite ?<\/p>\n<p class=\"fig-premium-paywall__subtitle\">D\u00e9bloquez tous les articles imm\u00e9diatement.<\/p>\n<p class=\"fig-premium-paywall__connect\">\n                D\u00e9j\u00e0 abonn\u00e9\u00a0?                <a class=\"fig-premium-paywall__connect-link\" href=\"https:\/\/connect.lefigaro.fr\/login?client=sante_web&amp;type=main&amp;redirect_uri=https%3A%2F%2Fsante.lefigaro.fr%2Fmedecine%2Faujourd-hui-nos-petites-filles-marchent-et-sont-pleines-de-vie-comment-marley-et-mylane-2-ans-ont-ete-sauvees-grace-au-telethon-20251205\" data-js-gtm=\"{&quot;customCategorie&quot;: &quot;conversion&quot;, &quot;customAction&quot;: &quot;before_Landing_Connexion_paywall_auto&quot;, &quot;customLabel&quot;: &quot;c2FudGUubGVmaWdhcm8uZnJfXzFmMGQxYzI0LTcwMWEtNjU1NC05MjRkLWEzMWIyYTY0MDEzYl9fQXJ0aWNsZQ==_\u00ab\u00a0Aujourd\u2019hui, nos petites filles marchent et sont pleines de vie\u00a0\u00bb\u00a0:\u00a0comment Marley et Mylane, 2 ans, ont \u00e9t\u00e9 sauv\u00e9es gr\u00e2ce au T\u00e9l\u00e9thon_338&quot;, &quot;customIDSPE&quot;: &quot;c2FudGUubGVmaWdhcm8uZnJfXzFmMGQxYzI0LTcwMWEtNjU1NC05MjRkLWEzMWIyYTY0MDEzYl9fQXJ0aWNsZQ==&quot;, &quot;event&quot;: &quot;customEventSPE&quot;}\" target=\"_blank\" rel=\"noopener\"><br \/>\n                    Connectez-vous<br \/>\n                <\/a>\n            <\/p>\n","protected":false},"excerpt":{"rendered":"Th\u00e9o, M\u00e9gane, avec leurs jumelles Marley et Mylane en 2023. AFM-T\u00e9l\u00e9thon \/ Mathieu G\u00e9non R\u00c9CIT &#8211; Atteintes de&hellip;\n","protected":false},"author":2,"featured_media":581464,"comment_status":"","ping_status":"","sticky":false,"template":"","format":"standard","meta":{"footnotes":""},"categories":[4],"tags":[11,69540,1011,27,22747,19872,12,25,69541],"class_list":{"0":"post-581463","1":"post","2":"type-post","3":"status-publish","4":"format-standard","5":"has-post-thumbnail","7":"category-france","8":"tag-actualites","9":"tag-amyotrophie","10":"tag-fr","11":"tag-france","12":"tag-genetique","13":"tag-maladie-rare","14":"tag-news","15":"tag-republique-francaise","16":"tag-vaccination-depistage"},"share_on_mastodon":{"url":"https:\/\/pubeurope.com\/@fr\/115671065166487797","error":""},"_links":{"self":[{"href":"https:\/\/www.europesays.com\/fr\/wp-json\/wp\/v2\/posts\/581463","targetHints":{"allow":["GET"]}}],"collection":[{"href":"https:\/\/www.europesays.com\/fr\/wp-json\/wp\/v2\/posts"}],"about":[{"href":"https:\/\/www.europesays.com\/fr\/wp-json\/wp\/v2\/types\/post"}],"author":[{"embeddable":true,"href":"https:\/\/www.europesays.com\/fr\/wp-json\/wp\/v2\/users\/2"}],"replies":[{"embeddable":true,"href":"https:\/\/www.europesays.com\/fr\/wp-json\/wp\/v2\/comments?post=581463"}],"version-history":[{"count":0,"href":"https:\/\/www.europesays.com\/fr\/wp-json\/wp\/v2\/posts\/581463\/revisions"}],"wp:featuredmedia":[{"embeddable":true,"href":"https:\/\/www.europesays.com\/fr\/wp-json\/wp\/v2\/media\/581464"}],"wp:attachment":[{"href":"https:\/\/www.europesays.com\/fr\/wp-json\/wp\/v2\/media?parent=581463"}],"wp:term":[{"taxonomy":"category","embeddable":true,"href":"https:\/\/www.europesays.com\/fr\/wp-json\/wp\/v2\/categories?post=581463"},{"taxonomy":"post_tag","embeddable":true,"href":"https:\/\/www.europesays.com\/fr\/wp-json\/wp\/v2\/tags?post=581463"}],"curies":[{"name":"wp","href":"https:\/\/api.w.org\/{rel}","templated":true}]}}