{"id":581465,"date":"2025-12-06T05:52:19","date_gmt":"2025-12-06T05:52:19","guid":{"rendered":"https:\/\/www.europesays.com\/fr\/581465\/"},"modified":"2025-12-06T05:52:19","modified_gmt":"2025-12-06T05:52:19","slug":"on-leur-fait-confiance-a-nos-militaires-les-drones-neffraient-pas-les-crozonnais-en-premiere-ligne","status":"publish","type":"post","link":"https:\/\/www.europesays.com\/fr\/581465\/","title":{"rendered":"\u00ab\u00a0On leur fait confiance \u00e0 nos militaires\u00a0\u00bb\u00a0: les drones n\u2019effraient pas les Crozonnais en premi\u00e8re ligne"},"content":{"rendered":"<p>\u00ab\u00a0Quand on habite ici, on conna\u00eet bien les lumi\u00e8res de la rade. Mais celles-l\u00e0, jamais vues. Un rouge clignotant qui filait aussi vite qu\u2019un h\u00e9lico. <a href=\"https:\/\/www.letelegramme.fr\/bretagne\/nouveau-survol-de-drones-a-lile-longue-une-enquete-ouverte-par-le-parquet-militaire-6941718.php\" target=\"_blank\" rel=\"noopener\">Puis j\u2019ai entendu une d\u00e9tonation venir de l\u2019\u00cele-Longue<\/a>. Trois minutes plus tard, j\u2019ai aper\u00e7u quatre ou cinq motards et deux fourgons de gendarmes s\u2019arr\u00eater au bout de la jet\u00e9e. Dans leurs talkies, le mot drone est souvent revenu.\u00a0\u00bb<\/p>\n<p>Jeudi soir, sur les coups de 19\u00a0h\u00a030, la promenade du chien sur la gr\u00e8ve du Fret, face \u00e0 la base ultra-s\u00e9curis\u00e9e des sous-marins nucl\u00e9aires, laissera un souvenir \u00e0 ce r\u00e9sident permanent du village crozonnais. Sa famille install\u00e9e \u00e0 Rennes l\u2019a joint, ce vendredi, apr\u00e8s avoir appris l\u2019incident survenu \u00e0 la pointe bretonne. \u00ab\u00a0Ils \u00e9taient un peu en panique\u00a0\u00bb, sourit le Crozonnais qui, lui, ne l\u2019est pas du tout. \u00ab\u00a0\u00c7a fait partie de la vie d\u2019ici. Nous sommes sur des terrains militaires.\u00a0\u00bb<\/p>\n<p>Dominique sortait de son cours de yoga, ce vendredi matin, quand elle a entendu la nouvelle. \u00ab\u00a0Je ne dis pas que c\u2019est normal. Je sais cependant que la surveillance a\u00e9ronavale va \u00eatre \u00e9tendue\u00a0\u00bb, glisse la retrait\u00e9e, m\u00e8re d\u2019ex-militaire, avant de d\u00e9marrer, sereine, l\u2019activit\u00e9 peinture \u00e0 la salle municipale Ursule, au c\u0153ur du village du Fret.<\/p>\n<p>Un appel \u00e0 la vigilance d\u00e8s le mois d\u2019avril<\/p>\n<p>Comme Dominique, sa copine Nathalie n\u2019est \u00ab\u00a0pas plus inqui\u00e8te que \u00e7a\u00a0\u00bb, apr\u00e8s le passage des cinq drones. \u00ab\u00a0D\u00e9m\u00e9nager\u00a0? S\u00fbrement pas. Pas de probl\u00e8me, on vit bien ici. Et puis, on leur fait confiance \u00e0 nos militaires\u00a0\u00bb, assure la Crozonnaise.<\/p>\n<p>La r\u00e9ciproque se v\u00e9rifie. Les gendarmes comptent aussi sur la population pour signaler toute personne suspecte ou situation inhabituelle. \u00ab\u00a0Pour prot\u00e9ger les int\u00e9r\u00eats de la Nation\u00a0\u00bb, avait encourag\u00e9 le commandant de la gendarmerie de l\u2019\u00cele-Longue, au cours d\u2019une r\u00e9union municipale de quartier, au Fret, en avril 2025, o\u00f9 la pr\u00e9sence inhabituelle du militaire attach\u00e9 \u00e0 une mission de haute s\u00e9curit\u00e9, sur ce type de format, avait interpell\u00e9 l\u2019assistance.<\/p>\n<p><img decoding=\"async\" src=\"https:\/\/www.europesays.com\/fr\/wp-content\/uploads\/2025\/12\/693336ff9fbfb932ed097084.1.jpeg\" width=\"480\" height=\"300\" class=\"web_golden_m\" loading=\"lazy\" alt=\"Une patrouille de gendarmerie au port du Fret.\"\/>Une patrouille de gendarmerie au port du Fret. (Lionel Le Saux\/Le T\u00e9l\u00e9gramme)<\/p>\n<p>Le grad\u00e9 n\u2019avait pas fait le d\u00e9placement pour rien. Une habitante lui avait signal\u00e9 des pr\u00e9sences de drones pr\u00e8s de chez elle. D\u00e9j\u00e0. De quoi justifier encore l\u2019intensification des contr\u00f4les des gendarmes que le commandant \u00e9tait venu annoncer aux habitants, ce soir de r\u00e9union. \u00ab\u00a0Hier (jeudi 4 d\u00e9cembre), vers 22\u00a0h, il y en avait partout entre Crozon et Le Fret\u00a0\u00bb, raconte Allan, pas forc\u00e9ment ravi par cette pr\u00e9sence massive mais qui ne s\u2019en \u00e9tonne pas.<\/p>\n<p>\u00ab\u00a0Cinq drones, l\u00e0, \u00e7a peut \u00eatre une attaque\u00a0\u00bb<\/p>\n<p>Il savait o\u00f9 il mettait les pieds en emm\u00e9nageant, avec sa compagne, dans le charmant petit port face \u00e0 l\u2019\u00cele-Longue. \u00ab\u00a0C\u2019est quand m\u00eame un point strat\u00e9gique. On conna\u00eet le climat g\u00e9opolitique. Les h\u00e9licos tournent pas mal. On entend davantage de coups de feu venir d\u2019en face. Peut-\u00eatre des exercices.\u00a0\u00bb<\/p>\n<p>De riposte \u00e0 ces petits engins volants qui ne font pas peur aux Crozonnais en premi\u00e8re ligne\u00a0? Avant de saisir son pinceau, salle Ursule, Maryse exprime son avis avec des touches de craintes plus visibles\u00a0: \u00ab\u00a0Un drone, \u00e7a ne me g\u00eane pas. Peut-\u00eatre un gamin qui ne conna\u00eet pas la r\u00e9glementation stricte de vol en presqu\u2019\u00eele. Mais l\u00e0, il y en avait cinq. \u00c7a peut \u00eatre une attaque. Un peu inqui\u00e9tant quand m\u00eame.\u00a0\u00bb<\/p>\n<p>Ses coll\u00e8gues la rassurent, en reprenant une phrase souvent prononc\u00e9e localement, sans la moindre gravit\u00e9\u00a0: \u00ab\u00a0De toute fa\u00e7on, si \u00e7a p\u00e8te \u00e0 l\u2019\u00cele-Longue, on n\u2019aura m\u00eame pas le temps de s\u2019en rendre compte\u00a0\u00bb.<\/p>\n","protected":false},"excerpt":{"rendered":"\u00ab\u00a0Quand on habite ici, on conna\u00eet bien les lumi\u00e8res de la rade. Mais celles-l\u00e0, jamais vues. Un rouge&hellip;\n","protected":false},"author":2,"featured_media":581466,"comment_status":"","ping_status":"","sticky":false,"template":"","format":"standard","meta":{"footnotes":""},"categories":[2],"tags":[11,3450,829,6206,32928,1782,69542,765,3321,1011,27,567,12,656],"class_list":{"0":"post-581465","1":"post","2":"type-post","3":"status-publish","4":"format-standard","5":"has-post-thumbnail","7":"category-actualites","8":"tag-actualites","9":"tag-brest","10":"tag-bretagne","11":"tag-chateaulin","12":"tag-crozon","13":"tag-defense-nationale","14":"tag-edition-chateaulin-presquile-de-crozon","15":"tag-en-continu","16":"tag-finistere","17":"tag-fr","18":"tag-france","19":"tag-marine-nationale","20":"tag-news","21":"tag-securite"},"share_on_mastodon":{"url":"https:\/\/pubeurope.com\/@fr\/115671070054316400","error":""},"_links":{"self":[{"href":"https:\/\/www.europesays.com\/fr\/wp-json\/wp\/v2\/posts\/581465","targetHints":{"allow":["GET"]}}],"collection":[{"href":"https:\/\/www.europesays.com\/fr\/wp-json\/wp\/v2\/posts"}],"about":[{"href":"https:\/\/www.europesays.com\/fr\/wp-json\/wp\/v2\/types\/post"}],"author":[{"embeddable":true,"href":"https:\/\/www.europesays.com\/fr\/wp-json\/wp\/v2\/users\/2"}],"replies":[{"embeddable":true,"href":"https:\/\/www.europesays.com\/fr\/wp-json\/wp\/v2\/comments?post=581465"}],"version-history":[{"count":0,"href":"https:\/\/www.europesays.com\/fr\/wp-json\/wp\/v2\/posts\/581465\/revisions"}],"wp:featuredmedia":[{"embeddable":true,"href":"https:\/\/www.europesays.com\/fr\/wp-json\/wp\/v2\/media\/581466"}],"wp:attachment":[{"href":"https:\/\/www.europesays.com\/fr\/wp-json\/wp\/v2\/media?parent=581465"}],"wp:term":[{"taxonomy":"category","embeddable":true,"href":"https:\/\/www.europesays.com\/fr\/wp-json\/wp\/v2\/categories?post=581465"},{"taxonomy":"post_tag","embeddable":true,"href":"https:\/\/www.europesays.com\/fr\/wp-json\/wp\/v2\/tags?post=581465"}],"curies":[{"name":"wp","href":"https:\/\/api.w.org\/{rel}","templated":true}]}}