{"id":581467,"date":"2025-12-06T05:53:14","date_gmt":"2025-12-06T05:53:14","guid":{"rendered":"https:\/\/www.europesays.com\/fr\/581467\/"},"modified":"2025-12-06T05:53:14","modified_gmt":"2025-12-06T05:53:14","slug":"saint-chamond-a-trois-mois-des-elections-municipales-la-gauche-unie-la-droite-plus-fracturee-que-jamais","status":"publish","type":"post","link":"https:\/\/www.europesays.com\/fr\/581467\/","title":{"rendered":"Saint-Chamond. \u00c0 trois mois des \u00e9lections municipales, la gauche unie, la droite plus fractur\u00e9e que jamais"},"content":{"rendered":"<p>Incapables de s\u2019entendre lors des \u00e9lections municipales de 2020, la gauche traditionnelle et les \u00c9cologistes saint-chamonais ont cette fois-ci r\u00e9ussi \u00e0 monter une liste commune pour 2026. Si l\u2019annonce date de plusieurs mois d\u00e9j\u00e0, l\u2019officialisation, pour les quatre \u00e9lus de l\u2019opposition concern\u00e9s, s\u2019est faite ce mardi 2\u00a0d\u00e9cembre \u00e0 l\u2019occasion de la s\u00e9ance du conseil municipal.<\/p>\n<p><a href=\"https:\/\/www.leprogres.fr\/p\/jean-minnaert\" target=\"_blank\" rel=\"noopener\">Jean Minnaert<\/a> (EELV et t\u00eate de liste pour l\u2019union de la gauche), Patricia Simonin-Chaillot (membre du m\u00eame groupe municipal EELV, t\u00eate de liste de 2020), Christiane Marquet-Massardier et Romain Pipier (membres du groupe de gauche Saint-Chamond pour tous) ont annonc\u00e9 qu\u2019ils tiendraient dor\u00e9navant positions et discours communs.<\/p>\n<p>Une position qui tranche avec celle constat\u00e9e jusqu\u2019ici pendant ce mandat.\u00a0Les deux groupes, bien que tr\u00e8s proches sur le plan des id\u00e9es, avaient toujours marqu\u00e9 leur s\u00e9paration et ne coordonnaient pas leurs interventions. Forts du succ\u00e8s du Nouveau front populaire (NFP) lors des \u00e9lections&#8230;<\/p>\n","protected":false},"excerpt":{"rendered":"Incapables de s\u2019entendre lors des \u00e9lections municipales de 2020, la gauche traditionnelle et les \u00c9cologistes saint-chamonais ont cette&hellip;\n","protected":false},"author":2,"featured_media":581468,"comment_status":"","ping_status":"","sticky":false,"template":"","format":"standard","meta":{"footnotes":""},"categories":[9653],"tags":[1111,11,2430,1984,7539,36284,4188,1777,674,1011,27,12,316,25,9669,9670,4001],"class_list":{"0":"post-581467","1":"post","2":"type-post","3":"status-publish","4":"format-standard","5":"has-post-thumbnail","7":"category-saint-etienne","8":"tag-actu","9":"tag-actualites","10":"tag-auvergne-rhone-alpes","11":"tag-conseil-municipal","12":"tag-edition-loire-sud","13":"tag-elections-metropolitaines","14":"tag-elections-municipales","15":"tag-eu","16":"tag-europe","17":"tag-fr","18":"tag-france","19":"tag-news","20":"tag-politique","21":"tag-republique-francaise","22":"tag-saint-chamond","23":"tag-saint-chamond-ville","24":"tag-saint-etienne"},"share_on_mastodon":{"url":"https:\/\/pubeurope.com\/@fr\/115671073029234519","error":""},"_links":{"self":[{"href":"https:\/\/www.europesays.com\/fr\/wp-json\/wp\/v2\/posts\/581467","targetHints":{"allow":["GET"]}}],"collection":[{"href":"https:\/\/www.europesays.com\/fr\/wp-json\/wp\/v2\/posts"}],"about":[{"href":"https:\/\/www.europesays.com\/fr\/wp-json\/wp\/v2\/types\/post"}],"author":[{"embeddable":true,"href":"https:\/\/www.europesays.com\/fr\/wp-json\/wp\/v2\/users\/2"}],"replies":[{"embeddable":true,"href":"https:\/\/www.europesays.com\/fr\/wp-json\/wp\/v2\/comments?post=581467"}],"version-history":[{"count":0,"href":"https:\/\/www.europesays.com\/fr\/wp-json\/wp\/v2\/posts\/581467\/revisions"}],"wp:featuredmedia":[{"embeddable":true,"href":"https:\/\/www.europesays.com\/fr\/wp-json\/wp\/v2\/media\/581468"}],"wp:attachment":[{"href":"https:\/\/www.europesays.com\/fr\/wp-json\/wp\/v2\/media?parent=581467"}],"wp:term":[{"taxonomy":"category","embeddable":true,"href":"https:\/\/www.europesays.com\/fr\/wp-json\/wp\/v2\/categories?post=581467"},{"taxonomy":"post_tag","embeddable":true,"href":"https:\/\/www.europesays.com\/fr\/wp-json\/wp\/v2\/tags?post=581467"}],"curies":[{"name":"wp","href":"https:\/\/api.w.org\/{rel}","templated":true}]}}