{"id":581469,"date":"2025-12-06T05:54:20","date_gmt":"2025-12-06T05:54:20","guid":{"rendered":"https:\/\/www.europesays.com\/fr\/581469\/"},"modified":"2025-12-06T05:54:20","modified_gmt":"2025-12-06T05:54:20","slug":"ces-etudiants-de-lecole-des-mines-vont-porter-la-statue-de-sainte-barbe","status":"publish","type":"post","link":"https:\/\/www.europesays.com\/fr\/581469\/","title":{"rendered":"ces \u00e9tudiants de l\u2019\u00e9cole des Mines vont porter la statue de sainte Barbe"},"content":{"rendered":"<p>C\u2019est une premi\u00e8re. Un passage de relais entre g\u00e9n\u00e9rations. Ce samedi, et comme tous les ans, le d\u00e9fil\u00e9 de la Sainte-Barbe s\u2019\u00e9lancera du parvis de la cath\u00e9drale Saint-Charles. Mais, pour la premi\u00e8re fois, la statue de la sainte patronne des mineurs sera port\u00e9e jusqu\u2019au puits Couriot par deux \u00e9tudiants de l\u2019\u00e9cole des Mines. Ils seront aux c\u00f4t\u00e9s de Fernand Fraisse, qui a travaill\u00e9 au fond jusqu\u2019en 1973 et participera \u00e0 cette procession pour la 28e fois.<\/p>\n<p>Cette ann\u00e9e, l\u2019\u00e9cole des Mines de Saint-\u00c9tienne a \u00e9t\u00e9 sollicit\u00e9e pour venir en renfort, les anciens mineurs \u00e9tant de moins en moins nombreux ou en capacit\u00e9 de porter la statue. Deux \u00e9tudiants ont donc \u00e9t\u00e9 choisis,&#8230;<\/p>\n","protected":false},"excerpt":{"rendered":"C\u2019est une premi\u00e8re. Un passage de relais entre g\u00e9n\u00e9rations. Ce samedi, et comme tous les ans, le d\u00e9fil\u00e9&hellip;\n","protected":false},"author":2,"featured_media":581470,"comment_status":"","ping_status":"","sticky":false,"template":"","format":"standard","meta":{"footnotes":""},"categories":[9653],"tags":[1111,11,2430,1687,7539,1777,674,3326,1011,27,12,25,4001,7538],"class_list":{"0":"post-581469","1":"post","2":"type-post","3":"status-publish","4":"format-standard","5":"has-post-thumbnail","7":"category-saint-etienne","8":"tag-actu","9":"tag-actualites","10":"tag-auvergne-rhone-alpes","11":"tag-culture-loisirs","12":"tag-edition-loire-sud","13":"tag-eu","14":"tag-europe","15":"tag-fete-locale","16":"tag-fr","17":"tag-france","18":"tag-news","19":"tag-republique-francaise","20":"tag-saint-etienne","21":"tag-saint-etienne-ville"},"share_on_mastodon":{"url":"https:\/\/pubeurope.com\/@fr\/115671077086119671","error":""},"_links":{"self":[{"href":"https:\/\/www.europesays.com\/fr\/wp-json\/wp\/v2\/posts\/581469","targetHints":{"allow":["GET"]}}],"collection":[{"href":"https:\/\/www.europesays.com\/fr\/wp-json\/wp\/v2\/posts"}],"about":[{"href":"https:\/\/www.europesays.com\/fr\/wp-json\/wp\/v2\/types\/post"}],"author":[{"embeddable":true,"href":"https:\/\/www.europesays.com\/fr\/wp-json\/wp\/v2\/users\/2"}],"replies":[{"embeddable":true,"href":"https:\/\/www.europesays.com\/fr\/wp-json\/wp\/v2\/comments?post=581469"}],"version-history":[{"count":0,"href":"https:\/\/www.europesays.com\/fr\/wp-json\/wp\/v2\/posts\/581469\/revisions"}],"wp:featuredmedia":[{"embeddable":true,"href":"https:\/\/www.europesays.com\/fr\/wp-json\/wp\/v2\/media\/581470"}],"wp:attachment":[{"href":"https:\/\/www.europesays.com\/fr\/wp-json\/wp\/v2\/media?parent=581469"}],"wp:term":[{"taxonomy":"category","embeddable":true,"href":"https:\/\/www.europesays.com\/fr\/wp-json\/wp\/v2\/categories?post=581469"},{"taxonomy":"post_tag","embeddable":true,"href":"https:\/\/www.europesays.com\/fr\/wp-json\/wp\/v2\/tags?post=581469"}],"curies":[{"name":"wp","href":"https:\/\/api.w.org\/{rel}","templated":true}]}}