{"id":581478,"date":"2025-12-06T06:02:22","date_gmt":"2025-12-06T06:02:22","guid":{"rendered":"https:\/\/www.europesays.com\/fr\/581478\/"},"modified":"2025-12-06T06:02:22","modified_gmt":"2025-12-06T06:02:22","slug":"on-en-sait-plus-sur-lavenir-de-la-mediatheque-jean-jacques-rousseau-a-la-mosson-fermee-par-securite-depuis-2023","status":"publish","type":"post","link":"https:\/\/www.europesays.com\/fr\/581478\/","title":{"rendered":"On en sait plus sur l\u2019avenir de la m\u00e9diath\u00e8que Jean-Jacques Rousseau \u00e0 La Mosson, ferm\u00e9e par s\u00e9curit\u00e9 depuis 2023"},"content":{"rendered":"<p>\n                                                                La m\u00e9diath\u00e8que Jean-Jacques-Rousseau, ferm\u00e9e depuis novembre\u00a02023 en raison de la fragilit\u00e9 du b\u00e2timent, pourrait \u00eatre d\u00e9molie puis reconstruite \u00e0 La Mosson. Le conseil communautaire doit trancher mardi 9\u00a0novembre sur un projet de relocalisation pr\u00e8s du futur groupe scolaire Halles Sud.\n                            <\/p>\n<p>Le futur de la m\u00e9diath\u00e8que Jean-Jacques-Rousseau, \u00e0 La Mosson, pourrait s\u2019\u00e9claircir d\u00e8s la semaine prochaine. Le lieu, <a href=\"https:\/\/www.midilibre.fr\/2024\/02\/07\/a-montpellier-la-mediatheque-rousseau-devrait-rouvrir-vers-la-fin-de-lete-11747981.php\" target=\"_blank\" rel=\"noopener\">ferm\u00e9 par s\u00e9curit\u00e9 depuis novembre\u00a02023<\/a> apr\u00e8s la d\u00e9couverte de fragilit\u00e9s dans la structure du b\u00e2timent, est \u00e0 l\u2019ordre du jour du prochain conseil communautaire. Le projet\u00a0? D\u00e9molir l\u2019infrastructure culturelle, pour la reconstruire ailleurs.<\/p>\n<p>R\u00e9parer plus cher que reconstruire<\/p>\n<p>\u00ab\u00a0R\u00e9parer co\u00fbterait pr\u00e8s de trois fois plus cher que de faire du neuf\u00a0\u00bb, d\u00e9plore le maire de Montpellier.\u00a0<a href=\"https:\/\/www.midilibre.fr\/2018\/12\/12\/une-mediatheque-toute-neuve,5011946.php\" target=\"_blank\" rel=\"noopener\">R\u00e9nov\u00e9e en 2018 sous la mandature de Philippe Saurel<\/a>, la m\u00e9diath\u00e8que est victime de l\u2019instabilit\u00e9 des sols. Mardi 9\u00a0d\u00e9cembre, les conseillers communautaires pourraient valider sa reconstruction plus au sud, dans le cadre du r\u00e9am\u00e9nagement du quartier Mosson. Plus pr\u00e9cis\u00e9ment \u00e0 l\u2019angle des rues de Bari et de Lausanne, sur le site du futur groupe scolaire Halles Sud.<\/p>\n<p>Int\u00e9grer la m\u00e9diath\u00e8que au futur groupe scolaire<\/p>\n<p>\u00ab\u00a0L\u00a0\u00bbid\u00e9e, c\u2019est d\u2019innover et de mutualiser, <a href=\"https:\/\/www.midilibre.fr\/2025\/12\/04\/montpellier-metropole-ouvre-sa-15e-mediatheque-la-premiere-en-france-integree-a-un-conservatoire-13090473.php\" target=\"_blank\" rel=\"noopener\">\u00e0 l\u2019image de ce que l\u2019on a fait \u00e0 la Cit\u00e9 des Arts<\/a>, d\u00e9taille Micha\u00ebl Delafosse. Nous portons le projet d\u2019une m\u00e9diath\u00e8que int\u00e9gr\u00e9e au groupe scolaire, ouverte aux \u00e9l\u00e8ves et aux enseignants comme outil p\u00e9dagogique, comme aux habitants du quartier.\u00a0\u00bb<\/p>\n<p>Le financement de cette reconstruction, qui pourrait prendre au moins trois ans, devrait \u00eatre soutenu \u00e0 40\u00a0% par le\u00a0minist\u00e8re de la Culture. En attendant, la m\u00e9diath\u00e8que Rousseau poursuit son fonctionnement hors-les-murs, dans ses locaux temporaires proches des halles de la Paillade et dans les Maisons pour tous.<\/p>\n","protected":false},"excerpt":{"rendered":"La m\u00e9diath\u00e8que Jean-Jacques-Rousseau, ferm\u00e9e depuis novembre\u00a02023 en raison de la fragilit\u00e9 du b\u00e2timent, pourrait \u00eatre d\u00e9molie puis reconstruite&hellip;\n","protected":false},"author":2,"featured_media":581479,"comment_status":"","ping_status":"","sticky":false,"template":"","format":"standard","meta":{"footnotes":""},"categories":[9599],"tags":[1111,11,1777,674,1011,27,7089,2208,12,2680,25,1857,1352],"class_list":{"0":"post-581478","1":"post","2":"type-post","3":"status-publish","4":"format-standard","5":"has-post-thumbnail","7":"category-montpellier","8":"tag-actu","9":"tag-actualites","10":"tag-eu","11":"tag-europe","12":"tag-fr","13":"tag-france","14":"tag-herault","15":"tag-montpellier","16":"tag-news","17":"tag-occitanie","18":"tag-republique-francaise","19":"tag-sociu00e9tu00e9","20":"tag-urbanisme"},"share_on_mastodon":{"url":"https:\/\/pubeurope.com\/@fr\/115671108477872645","error":""},"_links":{"self":[{"href":"https:\/\/www.europesays.com\/fr\/wp-json\/wp\/v2\/posts\/581478","targetHints":{"allow":["GET"]}}],"collection":[{"href":"https:\/\/www.europesays.com\/fr\/wp-json\/wp\/v2\/posts"}],"about":[{"href":"https:\/\/www.europesays.com\/fr\/wp-json\/wp\/v2\/types\/post"}],"author":[{"embeddable":true,"href":"https:\/\/www.europesays.com\/fr\/wp-json\/wp\/v2\/users\/2"}],"replies":[{"embeddable":true,"href":"https:\/\/www.europesays.com\/fr\/wp-json\/wp\/v2\/comments?post=581478"}],"version-history":[{"count":0,"href":"https:\/\/www.europesays.com\/fr\/wp-json\/wp\/v2\/posts\/581478\/revisions"}],"wp:featuredmedia":[{"embeddable":true,"href":"https:\/\/www.europesays.com\/fr\/wp-json\/wp\/v2\/media\/581479"}],"wp:attachment":[{"href":"https:\/\/www.europesays.com\/fr\/wp-json\/wp\/v2\/media?parent=581478"}],"wp:term":[{"taxonomy":"category","embeddable":true,"href":"https:\/\/www.europesays.com\/fr\/wp-json\/wp\/v2\/categories?post=581478"},{"taxonomy":"post_tag","embeddable":true,"href":"https:\/\/www.europesays.com\/fr\/wp-json\/wp\/v2\/tags?post=581478"}],"curies":[{"name":"wp","href":"https:\/\/api.w.org\/{rel}","templated":true}]}}