{"id":581480,"date":"2025-12-06T06:03:17","date_gmt":"2025-12-06T06:03:17","guid":{"rendered":"https:\/\/www.europesays.com\/fr\/581480\/"},"modified":"2025-12-06T06:03:17","modified_gmt":"2025-12-06T06:03:17","slug":"fauteuils-inclinables-projecteurs-laser-imax-renove-ce-cinema-de-montpellier-mise-sur-un-confort-xxl-pour-concurrencer-les-plateformes","status":"publish","type":"post","link":"https:\/\/www.europesays.com\/fr\/581480\/","title":{"rendered":"Fauteuils inclinables, projecteurs laser, IMAX r\u00e9nov\u00e9\u2026 ce cin\u00e9ma de Montpellier mise sur un confort XXL pour concurrencer les plateformes"},"content":{"rendered":"<p>\n                                                                Le cin\u00e9ma Path\u00e9 Odysseum de Montpellier vient d\u2019achever une vaste r\u00e9novation de ses salles.\u00a0Dans un contexte de fr\u00e9quentation fragile, le site mise sur une mont\u00e9e en gamme pour convaincre les spectateurs.\n                            <\/p>\n<p>Monter en gamme pour concurrencer les plateformes de vid\u00e9os \u00e0 la demande. La strat\u00e9gie affich\u00e9e par Path\u00e9, le\u00a0premier r\u00e9seau fran\u00e7ais de cin\u00e9mas, a trouv\u00e9 sa traduction dans son navire amiral montpelli\u00e9rain. En travaux depuis le mois de juin, le cin\u00e9ma Path\u00e9 Odysseum a d\u00e9voil\u00e9 mi-novembre sa nouvelle configuration. Un investissement de 4\u00a0millions d\u2019euros pour r\u00e9am\u00e9nager ses salles et atteindre un niveau de confort \u00e0 faire p\u00e2lir nos canap\u00e9s.<\/p>\n<p>        <img decoding=\"async\" class=\"std-img__img responsive-img\" src=\"https:\/\/www.europesays.com\/fr\/wp-content\/uploads\/2025\/12\/1765000996_684_image.jpg\" alt=\"De nouveaux si\u00e8ges confort et XXL \u00e9quipent d\u00e9sormais les salles du Path\u00e9 Odysseum.\"\/><\/p>\n<p>                De nouveaux si\u00e8ges confort et XXL \u00e9quipent d\u00e9sormais les salles du Path\u00e9 Odysseum.<br \/>\n                                    Midi Libre &#8211; JEAN-MICHEL MART<\/p>\n<p>Perte de capacit\u00e9 contre\u00a0gain de confort<\/p>\n<p>\u00ab\u00a0L\u2019ensemble des espaces de projection sont d\u00e9sormais \u00e9quip\u00e9es de fauteuils plus larges, extr\u00eamement confortables, mais surtout inclinables \u00e9lectriquement, d\u00e9taille le directeur\u00a0S\u00e9bastien Rodriguez. Ces nouvelles assises plus volumineuses permettent \u00e9galement d\u2019\u00e9tendre les jambes sans contrainte, m\u00eame pour les plus grands.\u00a0\u00bb Pour \u00e9largir les all\u00e9es et\u00a0int\u00e9grer ces fauteuils, que le groupe n\u2019a dans un premier temps d\u00e9ploy\u00e9s qu\u2019\u00e0 Toulouse et Montpellier, le cin\u00e9ma a d\u00fb revoir sa capacit\u00e9 \u00e0 la baisse. Jusqu\u2019\u00e0 \u2013 30\u00a0% dans la salle principale.\u00a0Il en a \u00e9galement profit\u00e9 pour int\u00e9grer la derni\u00e8re technologie de projection laser, am\u00e9liorant la nettet\u00e9 des images et le contraste des couleurs. Les tarifs, eux, n\u2019ont pas boug\u00e9. Comptez 15,60\u00a0\u20ac pour un tarif normal, et jusqu\u2019\u00e0 24,50\u00a0\u20ac pour une s\u00e9ance en IMAX 3D.<\/p>\n<p>        <img decoding=\"async\" class=\"std-img__img responsive-img\" src=\"https:\/\/www.europesays.com\/fr\/wp-content\/uploads\/2025\/12\/1765000997_128_image.jpg\" alt=\"De nouveaux si\u00e8ges confort et XXL \u00e9quipent d\u00e9sormais les salles du Path\u00e9 Odysseum.\"\/><\/p>\n<p>                De nouveaux si\u00e8ges confort et XXL \u00e9quipent d\u00e9sormais les salles du Path\u00e9 Odysseum.<br \/>\n                                    Midi Libre &#8211; JEAN-MICHEL MART<\/p>\n<p>\u00ab\u00a0Ce cin\u00e9ma r\u00e9siste mieux que les autres\u00a0\u00bb<\/p>\n<p>Un pari pour le cin\u00e9ma Path\u00e9 Odysseum, dans un contexte \u00e9conomique toujours compliqu\u00e9 pour le secteur. \u00ab\u00a0Nous sommes sur une ann\u00e9e de transition, avec des chiffres de fr\u00e9quentation toujours en n\u00e9gatif. Mais ce cin\u00e9ma r\u00e9siste mieux que les autres. Il est le cinqui\u00e8me plus fr\u00e9quent\u00e9 du groupe Path\u00e9, et le dixi\u00e8me de France toutes enseignes confondues, indique\u00a0S\u00e9bastien Rodriguez. Avant le Covid, les salles ont \u00e9t\u00e9 port\u00e9es par les avanc\u00e9es technologiques, notamment l\u2019IMAX et la 4DX (des si\u00e8ges articul\u00e9s, NDLR). Maintenant, nous misons sur le confort pour maintenir une exp\u00e9rience unique, que le spectateur ne pourra pas reproduire \u00e0 la maison\u2026\u00a0\u00bb<\/p>\n<p>Le tr\u00e8s attendu Avatar pour remplir les salles<\/p>\n<p>Encore faut-il que l\u2019offre cin\u00e9matographique suive. Et sur ce sujet aussi, les cin\u00e9mas n\u2019ont pas \u00e9t\u00e9 \u00e9pargn\u00e9s, notamment par la gr\u00e8ve des sc\u00e9naristes d\u2019Hollywood de 2023 qui a fait prendre du retard \u00e0 pas mal de superproductions am\u00e9ricaines. \u00ab\u00a0On reste d\u00e9pendants des blockbusters\u00a0\u00bb, reconna\u00eet le directeur des cin\u00e9mas Path\u00e9\u00a0de Montpellier. Zootopie 2, le film d\u2019animation des studios\u00a0Disney en salle depuis fin novembre, mais surtout Avatar 3, la derni\u00e8re production de James Cameron annonc\u00e9e pour le 17\u00a0d\u00e9cembre, pourraient changer la donne.\u00a0\u00ab\u00a0On a d\u00e9j\u00e0 500 r\u00e9servations pour la premi\u00e8re semaine. Lors de la sortie du film pr\u00e9c\u00e9dent, nous avions fait complet pendant quatre semaines d\u2019affil\u00e9e\u2026\u00a0\u00bb<\/p>\n<p>Pour convaincre, Path\u00e9 Odysseum mise sur sa salle IMAX et son impressionnant \u00e9cran de 432m\u00b2, elle aussi r\u00e9nov\u00e9e. \u00ab\u00a0Je consid\u00e8re qu\u2019elle est aujourd\u2019hui l\u2019une des trois plus belles d\u2019Europe\u00a0\u00bb, glisse S\u00e9bastien\u00a0Rodriguez. Qui mise \u00e9galement sur la diversification en y projetant des films, mais aussi des concerts ou de l\u2019op\u00e9ra. Le rappeur Jul, la Com\u00e9die Fran\u00e7aise, et \u00e0 partir du 11\u00a0d\u00e9cembre le concert des Rolling Stones en immersion.<\/p>\n<p>Fin 2026, le Path\u00e9 Odysseum entamera la derni\u00e8re phase de sa r\u00e9novation, dans le hall d\u2019entr\u00e9e. Objectif, en autre, faire dispara\u00eetre la moquette et ses logos, vestige d\u2019un autre temps, quand le cin\u00e9ma d\u2019Odysseum \u00e9tait encore exploit\u00e9 sous l\u2019enseigne Gaumont.<\/p>\n","protected":false},"excerpt":{"rendered":"Le cin\u00e9ma Path\u00e9 Odysseum de Montpellier vient d\u2019achever une vaste r\u00e9novation de ses salles.\u00a0Dans un contexte de fr\u00e9quentation&hellip;\n","protected":false},"author":2,"featured_media":581481,"comment_status":"","ping_status":"","sticky":false,"template":"","format":"standard","meta":{"footnotes":""},"categories":[9599],"tags":[1111,11,7196,872,1777,674,1011,27,7089,2208,12,2680,25],"class_list":{"0":"post-581480","1":"post","2":"type-post","3":"status-publish","4":"format-standard","5":"has-post-thumbnail","7":"category-montpellier","8":"tag-actu","9":"tag-actualites","10":"tag-cinu00e9ma","11":"tag-culture-et-loisirs","12":"tag-eu","13":"tag-europe","14":"tag-fr","15":"tag-france","16":"tag-herault","17":"tag-montpellier","18":"tag-news","19":"tag-occitanie","20":"tag-republique-francaise"},"share_on_mastodon":{"url":"https:\/\/pubeurope.com\/@fr\/115671113392731523","error":""},"_links":{"self":[{"href":"https:\/\/www.europesays.com\/fr\/wp-json\/wp\/v2\/posts\/581480","targetHints":{"allow":["GET"]}}],"collection":[{"href":"https:\/\/www.europesays.com\/fr\/wp-json\/wp\/v2\/posts"}],"about":[{"href":"https:\/\/www.europesays.com\/fr\/wp-json\/wp\/v2\/types\/post"}],"author":[{"embeddable":true,"href":"https:\/\/www.europesays.com\/fr\/wp-json\/wp\/v2\/users\/2"}],"replies":[{"embeddable":true,"href":"https:\/\/www.europesays.com\/fr\/wp-json\/wp\/v2\/comments?post=581480"}],"version-history":[{"count":0,"href":"https:\/\/www.europesays.com\/fr\/wp-json\/wp\/v2\/posts\/581480\/revisions"}],"wp:featuredmedia":[{"embeddable":true,"href":"https:\/\/www.europesays.com\/fr\/wp-json\/wp\/v2\/media\/581481"}],"wp:attachment":[{"href":"https:\/\/www.europesays.com\/fr\/wp-json\/wp\/v2\/media?parent=581480"}],"wp:term":[{"taxonomy":"category","embeddable":true,"href":"https:\/\/www.europesays.com\/fr\/wp-json\/wp\/v2\/categories?post=581480"},{"taxonomy":"post_tag","embeddable":true,"href":"https:\/\/www.europesays.com\/fr\/wp-json\/wp\/v2\/tags?post=581480"}],"curies":[{"name":"wp","href":"https:\/\/api.w.org\/{rel}","templated":true}]}}